{"id":10063,"date":"2021-07-08T20:45:59","date_gmt":"2021-07-08T20:45:59","guid":{"rendered":"https:\/\/es.digitaltrends.com\/?p=835198"},"modified":"2021-07-08T20:45:59","modified_gmt":"2021-07-08T20:45:59","slug":"what-if-la-nueva-serie-de-marvel-y-disney-plus","status":"publish","type":"post","link":"http:\/\/cordobadirecto.com\/index.php\/2021\/07\/08\/what-if-la-nueva-serie-de-marvel-y-disney-plus\/","title":{"rendered":"What If\u2026?, la nueva serie de Marvel y Disney Plus"},"content":{"rendered":"<p>En agosto, los usuarios de <a href=\"https:\/\/es.digitaltrends.com\/topic\/disney-plus\/\">Disney Plus<\/a> podr\u00e1n ver el estreno de una nueva producci\u00f3n basada en el universo de Marvel. Se trata de <a href=\"https:\/\/www.marvel.com\/articles\/tv-shows\/watch-new-what-if-trailer-disney-plus\"><em>What If\u2026?<\/em><\/a> (<em>\u00bfQu\u00e9 pasar\u00eda si\u2026?<\/em>), una serie animada que mostrar\u00e1 algunas historias alternativas de muchos de los personajes m\u00e1s conocidos.<\/p>\n<p>El primer episodio se estrenar\u00e1 el 11 de agosto y ser\u00e1 la primera serie animada basada en la versi\u00f3n moderna de los h\u00e9roes de Marvel y el universo cinematogr\u00e1fico (MCU) que ya tiene m\u00e1s de una d\u00e9cada.<\/p>\n<p>En <em>What If\u2026?<\/em> se mostrar\u00e1 lo que pasa si algunos eventos importantes del MCU transcurren de manera diferente a lo que se ha visto en las pel\u00edculas o series. Varios ejemplos de esto se muestran en el tr\u00e1iler, como la escena inicial de Iron Man en la que Tony Stark es salvado de la explosi\u00f3n por Erik Killmonger, quien fue el villano de la pel\u00edcula <em>Black Panther<\/em>.<\/p>\n<p>Entre los protagonistas estar\u00e1n, adem\u00e1s del mismo Killmonger, Peggy Carter, Doctor Strange, T\u2019Challa, Thor y m\u00e1s. Y el hecho de ser animada hace posible recrear situaciones ya vistas antes y sin las limitaciones de las producciones tipo <em>live action<\/em>, lo que a su vez construye una premisa interesante para una serie de este tipo.<\/p>\n<figure class=\"aligncenter\"><img src=\"http:\/\/cordobadirecto.com\/wp-content\/uploads\/2021\/07\/what-if-la-nueva-serie-de-marvel-y-disney-plus.gif\" data-dt-lazy-src=\"https:\/\/icdn.dtcn.com\/image\/digitaltrends_es\/what-if-2-720x720.jpg\" onerror=\"dti_load_error(this)\" class=\"size-large wp-image-835224 dt-lazy-load dt-lazy-pending\" alt><\/figure>\n<p>Los cap\u00edtulos se estrenar\u00e1n de forma semanal, tal como ha sido con la mayor\u00eda de las producciones para Disney Plus. La serie estar\u00e1 dirigida por Bryan Andrews, mientras que Ashley Bradley ser\u00e1 la escritora principal de toda la producci\u00f3n.<\/p>\n<p><em>What If\u2026?<\/em> tiene el potencial de ser una de las series m\u00e1s llamativas del MCU en Disney Plus, la cual podr\u00eda ayudar a que los usuarios no abandone el servicio tal como <a href=\"https:\/\/es.digitaltrends.com\/entretenimiento\/disney-plus-crecimiento-estancado\/\">ha pasado durante el \u00faltimo tiempo.<\/a><\/p>\n<h4 class=\"h-editors-recs-title\"> Recomendaciones del editor\t<\/h4>\n<p> <span id=\"publisher-md\" itemprop=\"publisher\" itemscope itemtype=\"https:\/\/schema.org\/Organization\"> <span itemprop=\"url\" itemtype=\"https:\/\/schema.org\/Url\" content=\"https:\/\/es.digitaltrends.com\"> <span itemprop=\"logo\" itemscope itemtype=\"https:\/\/schema.org\/ImageObject\"> <meta itemprop=\"url\" content=\"https:\/\/cdn.dtcn.com\/dt\/dt-logo-small.png\"> <meta itemprop=\"width\" content=\"0\"> <meta itemprop=\"height\" content=\"0\"> <\/span> <meta itemprop=\"name\" content=\"Digital Trends Espa\u00f1ol\"> <\/span> <span itemprop=\"image\" itemscope itemtype=\"https:\/\/schema.org\/ImageObject\"> <meta itemprop=\"url\" content=\"https:\/\/icdn.dtcn.com\/image\/digitaltrends_es\/what-if-portada.jpg\"> <\/span> <\/span><\/p>\n","protected":false},"excerpt":{"rendered":"<p>En agosto, los usuarios de Disney Plus podr\u00e1n ver el estreno de una nueva producci\u00f3n basada en el universo de Marvel. Se trata de What If\u2026? (\u00bfQu\u00e9 pasar\u00eda si\u2026?), una serie animada que mostrar\u00e1 algunas historias alternativas de muchos de los personajes m\u00e1s conocidos. El primer episodio se estrenar\u00e1 el 11 de agosto y ser\u00e1 [&hellip;]<\/p>\n","protected":false},"author":1,"featured_media":10064,"comment_status":"closed","ping_status":"closed","sticky":false,"template":"","format":"standard","meta":[],"categories":[18],"tags":[],"_links":{"self":[{"href":"http:\/\/cordobadirecto.com\/index.php\/wp-json\/wp\/v2\/posts\/10063"}],"collection":[{"href":"http:\/\/cordobadirecto.com\/index.php\/wp-json\/wp\/v2\/posts"}],"about":[{"href":"http:\/\/cordobadirecto.com\/index.php\/wp-json\/wp\/v2\/types\/post"}],"author":[{"embeddable":true,"href":"http:\/\/cordobadirecto.com\/index.php\/wp-json\/wp\/v2\/users\/1"}],"replies":[{"embeddable":true,"href":"http:\/\/cordobadirecto.com\/index.php\/wp-json\/wp\/v2\/comments?post=10063"}],"version-history":[{"count":0,"href":"http:\/\/cordobadirecto.com\/index.php\/wp-json\/wp\/v2\/posts\/10063\/revisions"}],"wp:featuredmedia":[{"embeddable":true,"href":"http:\/\/cordobadirecto.com\/index.php\/wp-json\/wp\/v2\/media\/10064"}],"wp:attachment":[{"href":"http:\/\/cordobadirecto.com\/index.php\/wp-json\/wp\/v2\/media?parent=10063"}],"wp:term":[{"taxonomy":"category","embeddable":true,"href":"http:\/\/cordobadirecto.com\/index.php\/wp-json\/wp\/v2\/categories?post=10063"},{"taxonomy":"post_tag","embeddable":true,"href":"http:\/\/cordobadirecto.com\/index.php\/wp-json\/wp\/v2\/tags?post=10063"}],"curies":[{"name":"wp","href":"https:\/\/api.w.org\/{rel}","templated":true}]}}