{"id":10067,"date":"2021-07-08T22:01:00","date_gmt":"2021-07-08T22:01:00","guid":{"rendered":"http:\/\/cordobadirecto.com\/index.php\/2021\/07\/08\/biden-adelanta-el-fin-de-la-salida-de-eeuu-de-afganistan-al-31-de-agosto\/"},"modified":"2021-07-08T22:01:00","modified_gmt":"2021-07-08T22:01:00","slug":"biden-adelanta-el-fin-de-la-salida-de-eeuu-de-afganistan-al-31-de-agosto","status":"publish","type":"post","link":"http:\/\/cordobadirecto.com\/index.php\/2021\/07\/08\/biden-adelanta-el-fin-de-la-salida-de-eeuu-de-afganistan-al-31-de-agosto\/","title":{"rendered":"Biden adelanta el fin de la salida de EEUU de Afganist\u00e1n al 31 de agosto"},"content":{"rendered":"<div class=\"image\" id=\"image\"> <img src=\"http:\/\/cordobadirecto.com\/wp-content\/uploads\/2021\/07\/biden-adelanta-el-fin-de-la-salida-de-eeuu-de-afganistan-al-31-de-agosto.jpg\" alt title><\/div>\n<p>El presidente Joe Biden anunci\u00f3 este jueves el anticipado retiro de Afganist\u00e1n de todas las tropas estadounidenses para el 31 de agosto, m\u00e1s de una semana antes de la fecha prevista, cuando se hubieran cumplido 20 a\u00f1os de la invasi\u00f3n que deriv\u00f3 en guerra m\u00e1s larga librada por la primera potencia mundial en toda su historia, signada por numerosas intervenciones b\u00e9licas.<\/p>\n<p>La fecha inicial hab\u00eda sido la del 11 de septiembre, en el vig\u00e9simo aniversario del ataque a las Torres Gemelas, que motiv\u00f3 el despliegue militar.<\/p>\n<p><strong>&#8220;No fuimos a Afganist\u00e1n para construir una naci\u00f3n, sino para acabar con los terroristas que atacaron aquel 11 de septiembre el coraz\u00f3n de Estados Unidos, ajusticiar a Osama bin Laden y acabar con la amenaza que supone Al Qaeda para la seguridad estadounidense<\/strong>&#8220;, subray\u00f3 el mandatario en un discurso en la Casa Blanca.<\/p>\n<p>Biden sostuvo que &#8220;el estatus quo no era una opci\u00f3n y <strong>quedarse hubiera significado que las tropas estadounidenses sufrieran (m\u00e1s) bajas en medio de una guerra civil&#8221;.<\/strong><\/p>\n<p><strong>&#8220;Es el derecho y la responsabilidad del pueblo afgano solo decidir su futuro y c\u00f3mo quieren dirigir su pa\u00eds&#8221;, <\/strong>a\u00f1adi\u00f3.<\/p>\n<p>El gobernante dem\u00f3crata dijo que la reducci\u00f3n de tropas se estaba llevando a cabo de &#8220;manera segura y ordenada&#8221; y que sus comandantes militares le hab\u00edan aconsejado que se moviera r\u00e1pidamente una vez que comenzada la movilizaci\u00f3n.<\/p>\n<p>Aleg\u00f3 que cualquier otro plan habr\u00eda conllevado un mayor riesgo para el personal militar.<\/p>\n<p>Esta semana, el Pent\u00e1gono ya anunci\u00f3 que la retirada se hab\u00eda completado a un 90% con la entrega de hasta siete instalaciones a las fuerzas de seguridad afganas, que en las \u00faltimas semanas est\u00e1n enfrentando una sostenida ofensiva de los talibanes, que siguen siendo uno de los grupos armados y pol\u00edticos m\u00e1s fuertes de la naci\u00f3n.<\/p>\n<div class=\"js-code\" readability=\"7.6971608832808\">\n<blockquote class=\"twitter-tweet\" readability=\"8.6593059936909\">\n<p lang=\"en\" dir=\"ltr\">We will never forget those who gave the last full measure of devotion for our country in Afghanistan \u2013 nor those whose lives have been immeasurably altered by wounds sustained in service.<\/p>\n<p>We are ending America\u2019s longest war, but we will always honor those who served in it.<\/p>\n<p>\u2014 President Biden (@POTUS) <a href=\"https:\/\/twitter.com\/POTUS\/status\/1413202454838132741?ref_src=twsrc%5Etfw\">July 8, 2021<\/a><\/p><\/blockquote><\/div>\n<p>Biden reiter\u00f3 que mantendr\u00e1n al menos una dotaci\u00f3n para proteger su Embajada y que seguir\u00e1n brindando su apoyo al Gobierno de Kabul, tanto en materia de seguridad, como econ\u00f3mica y humanitaria, as\u00ed como a los pa\u00edses de la regi\u00f3n, con quienes est\u00e1n dialogando sobre c\u00f3mo seguir con esta colaboraci\u00f3n.<\/p>\n<p><strong>La semana pasada los \u00faltimos soldados estadounidenses abandonaron la base a\u00e9rea de Bagram<\/strong>, el principal centro de operaciones de Estados Unidos en Afganist\u00e1n, poniendo as\u00ed fin de manera efectiva a su presencia en el marco de <strong>un conflicto que<\/strong> <strong>dej\u00f3 160.000 muertos, entre ellos 100.000 civiles, entre ellos periodistas y trabajadores humanitarios.<\/strong><\/p>\n<p><strong>El personal afgano que trabajaba para las tropas estadounidenses, ya fuera como traductores o desempe\u00f1ando otras funciones, se apresur\u00f3 a salir del pa\u00eds por temor a las represalias<\/strong> que puedan llegar en caso de que los talibanes tomen el poder.<\/p>\n<p>Al respecto, Biden prometi\u00f3 que a lo largo de este mes, se fletar\u00e1n vuelos para todas estas personas y sus familias tanto para viajar a Estados Unidos como a terceros pa\u00edses.<\/p>\n<p><strong>&#8220;Hay un hogar para ustedes aqu\u00ed, si as\u00ed lo desean.<\/strong> Y estaremos con ustedes, tal como ustedes estuvieron con nosotros&#8221;, matiz\u00f3.<\/p>\n<p>Prometi\u00f3 que Estados Unidos continuar\u00e1 brindando apoyo a la asistencia civil y humanitaria, incluida la defensa de los derechos de las mujeres y las ni\u00f1as, refiri\u00f3 la agencia de noticias ANSA.<\/p>\n<p>Por el momento,<strong> el Departamento de Estado ha cifrado en unos 18.000 los afganos que habr\u00edan mostrado inter\u00e9s en acogerse al programa de visas especiales, de los cuales la mitad ya habr\u00edan completado los tr\u00e1mites necesarios<\/strong>, inform\u00f3 el diario USA Today, citado por la agencia de noticias Europa Press.<\/p>\n<p>El expresidente Donald Trump hab\u00eda dicho que habr\u00eda retirado todas las tropas para el 1 de mayo en virtud de un acuerdo alcanzado con los talibanes.<\/p>\n<p>&#8220;No es de inter\u00e9s para la seguridad nacional de Estados Unidos que los talibanes se apoderen de Afganist\u00e1n&#8221;, expuso el martes la senadora republicana por Carolina del Sur Lindsey Graham.<\/p>\n<p>&#8220;Si los talibanes se apoderan de parte de Afganist\u00e1n, me temo que Al Qaeda e ISIS volver\u00e1n a surgir y estaremos allanando el camino para otro 11 de septiembre&#8221;, advirti\u00f3. <\/p>\n","protected":false},"excerpt":{"rendered":"<p>El presidente Joe Biden anunci\u00f3 este jueves el anticipado retiro de Afganist\u00e1n de todas las tropas estadounidenses para el 31 de agosto, m\u00e1s de una semana antes de la fecha prevista, cuando se hubieran cumplido 20 a\u00f1os de la invasi\u00f3n que deriv\u00f3 en guerra m\u00e1s larga librada por la primera potencia mundial en toda su [&hellip;]<\/p>\n","protected":false},"author":1,"featured_media":10068,"comment_status":"closed","ping_status":"closed","sticky":false,"template":"","format":"standard","meta":[],"categories":[24],"tags":[],"_links":{"self":[{"href":"http:\/\/cordobadirecto.com\/index.php\/wp-json\/wp\/v2\/posts\/10067"}],"collection":[{"href":"http:\/\/cordobadirecto.com\/index.php\/wp-json\/wp\/v2\/posts"}],"about":[{"href":"http:\/\/cordobadirecto.com\/index.php\/wp-json\/wp\/v2\/types\/post"}],"author":[{"embeddable":true,"href":"http:\/\/cordobadirecto.com\/index.php\/wp-json\/wp\/v2\/users\/1"}],"replies":[{"embeddable":true,"href":"http:\/\/cordobadirecto.com\/index.php\/wp-json\/wp\/v2\/comments?post=10067"}],"version-history":[{"count":0,"href":"http:\/\/cordobadirecto.com\/index.php\/wp-json\/wp\/v2\/posts\/10067\/revisions"}],"wp:featuredmedia":[{"embeddable":true,"href":"http:\/\/cordobadirecto.com\/index.php\/wp-json\/wp\/v2\/media\/10068"}],"wp:attachment":[{"href":"http:\/\/cordobadirecto.com\/index.php\/wp-json\/wp\/v2\/media?parent=10067"}],"wp:term":[{"taxonomy":"category","embeddable":true,"href":"http:\/\/cordobadirecto.com\/index.php\/wp-json\/wp\/v2\/categories?post=10067"},{"taxonomy":"post_tag","embeddable":true,"href":"http:\/\/cordobadirecto.com\/index.php\/wp-json\/wp\/v2\/tags?post=10067"}],"curies":[{"name":"wp","href":"https:\/\/api.w.org\/{rel}","templated":true}]}}