{"id":1014,"date":"2021-02-05T22:12:15","date_gmt":"2021-02-05T22:12:15","guid":{"rendered":"https:\/\/puntoapunto.com.ar\/?p=272659"},"modified":"2021-02-05T22:12:15","modified_gmt":"2021-02-05T22:12:15","slug":"desde-el-1-de-abril-entra-en-vigencia-la-ley-de-teletrabajo","status":"publish","type":"post","link":"http:\/\/cordobadirecto.com\/index.php\/2021\/02\/05\/desde-el-1-de-abril-entra-en-vigencia-la-ley-de-teletrabajo\/","title":{"rendered":"Desde el 1 de abril entra en vigencia la Ley de Teletrabajo"},"content":{"rendered":"<p><!-- image --><\/p>\n<div class=\"td-post-featured-image\"><a href=\"http:\/\/cordobadirecto.com\/wp-content\/uploads\/2021\/02\/desde-el-1-de-abril-entra-en-vigencia-la-ley-de-teletrabajo-6.jpg\" data-caption><img loading=\"lazy\" width=\"696\" height=\"464\" class=\"entry-thumb td-modal-image\" src=\"http:\/\/cordobadirecto.com\/wp-content\/uploads\/2021\/02\/desde-el-1-de-abril-entra-en-vigencia-la-ley-de-teletrabajo.jpg\" srcset=\"http:\/\/cordobadirecto.com\/wp-content\/uploads\/2021\/02\/desde-el-1-de-abril-entra-en-vigencia-la-ley-de-teletrabajo.jpg 696w, http:\/\/cordobadirecto.com\/wp-content\/uploads\/2021\/02\/desde-el-1-de-abril-entra-en-vigencia-la-ley-de-teletrabajo-1.jpg 300w, http:\/\/cordobadirecto.com\/wp-content\/uploads\/2021\/02\/desde-el-1-de-abril-entra-en-vigencia-la-ley-de-teletrabajo-2.jpg 768w, http:\/\/cordobadirecto.com\/wp-content\/uploads\/2021\/02\/desde-el-1-de-abril-entra-en-vigencia-la-ley-de-teletrabajo-3.jpg 1024w, http:\/\/cordobadirecto.com\/wp-content\/uploads\/2021\/02\/desde-el-1-de-abril-entra-en-vigencia-la-ley-de-teletrabajo-4.jpg 1068w, http:\/\/cordobadirecto.com\/wp-content\/uploads\/2021\/02\/desde-el-1-de-abril-entra-en-vigencia-la-ley-de-teletrabajo-5.jpg 630w, http:\/\/cordobadirecto.com\/wp-content\/uploads\/2021\/02\/desde-el-1-de-abril-entra-en-vigencia-la-ley-de-teletrabajo-6.jpg 1688w\" sizes=\"(max-width: 696px) 100vw, 696px\" alt title=\"Man in home office on telephone using computer and smiling\"><\/a><\/div>\n<p> <!-- content --><\/p>\n<div class=\"td-a-rec td-a-rec-id-content_top tdi_78_010 td_block_template_10\">\n<div class=\"g g-34\">\n<div class=\"g-single a-210\"><!-- Error, Ad is not available at this time due to schedule\/geolocation restrictions! --><br \/>\n<br \/><a class=\"gofollow\" data-track=\"MjEwLDM0LDEsNjA=\" href=\"http:\/\/www.grupocanter.com.ar\/landing\/pap\/?utm_source=Punto%20a%20Punto&amp;utm_medium=Banner&amp;utm_campaign=Departamentos&amp;utm_term=Banner%20Pie%20de%20Nota\"><img src=\"http:\/\/cordobadirecto.com\/wp-content\/uploads\/2021\/02\/desde-el-1-de-abril-entra-en-vigencia-la-ley-de-teletrabajo.gif\"><\/a>\n<\/div>\n<\/div>\n<\/div>\n<p>El Ministerio de Trabajo estableci\u00f3 este viernes que el R\u00e9gimen Legal del Contrato de <strong>Teletrabajo<\/strong>, previsto por la <strong>Ley N\u00ba 27.555<\/strong>, entrar\u00e1 en vigencia el 1\u00b0 de abril pr\u00f3ximo.<\/p>\n<p>Por medio de la Resoluci\u00f3n 54\/2021, el Poder Ejecutivo record\u00f3 que <strong>el art\u00edculo 19 de la ley 27.555 establece que el R\u00e9gimen Legal del Contrato de Teletrabajo entrar\u00e1 en vigor luego de 90 d\u00edas;<\/strong> contados a partir que se determine la finalizaci\u00f3n del per\u00edodo de vigencia del aislamiento social, preventivo y obligatorio.<\/p>\n<p>A la vez, indic\u00f3 que el Decreto de Necesidad y Urgencia N\u00b0 1033\/20 estableci\u00f3 que, a la fecha de su dictado, ning\u00fan aglomerado urbano, ni departamento, ni partidos de las provincias argentinas se encuentra alcanzado por el ASPO.<\/p>\n<p><strong>\u201cAs\u00ed entonces, habilita a afirmar el cese del aislamiento social, preventivo y obligatorio en todo el territorio nacional\u201d,&nbsp;<\/strong>justific\u00f3 el texto oficial.<\/p>\n<p>Ahora, el <a href=\"https:\/\/www.argentina.gob.ar\/trabajo\">Ministerio de Trabajo<\/a> consider\u00f3 que \u201ca fin de dar certeza frente a un r\u00e9gimen laboral que se proyecta sobre obligaciones mensuales, corresponde establecer que el R\u00e9gimen Legal del Contrato de Teletrabajo entrar\u00e1 en vigencia el 1\u00b0 de abril del 2021\u201d.<\/p>\n<p>La Ley de <a href=\"https:\/\/puntoapunto.com.ar\/wp-admin\/post.php?post=271752&amp;action=edit\">Teletrabajo<\/a> sancionada por el Congreso en julio del a\u00f1o pasado y su reglamentaci\u00f3n parcial, por parte del Poder Ejecutivo, se concret\u00f3 en enero \u00faltimo.<\/p>\n<h5 class=\"font--primary\"><strong>Los principales puntos de la ley<\/strong><\/h5>\n<p class=\"paragraph\">En relaci\u00f3n con el&nbsp;<b>derecho a la desconexi\u00f3n digital,<\/b>&nbsp;el Gobierno aclara: \u201ccuando la actividad de la empresa se realice en diferentes husos horarios o en aquellos casos en que resulte indispensable por alguna raz\u00f3n objetiva, se admitir\u00e1 la&nbsp;<b>remisi\u00f3n de comunicaciones<\/b>&nbsp;fuera de la jornada laboral\u201d. Sin embargo, aclara que \u201cla persona que trabaja<b>&nbsp;no estar\u00e1 obligada a responder<\/b>&nbsp;hasta el inicio de su jornada, salvo que concurran los supuestos contenidos en el art\u00edculo 203 de la Ley N\u00ba 20.744\u201d.<\/p>\n<p class=\"paragraph\">Adem\u00e1s, tambi\u00e9n se detalla que<b>&nbsp;no se podr\u00e1n establecer incentivos condicionados&nbsp;<\/b>al no ejercicio del derecho a la desconexi\u00f3n.<b>&nbsp;<\/b>Por otro lado, se remarca que los incrementos vinculados a la retribuci\u00f3n de las horas suplementarias \u201cno ser\u00e1n considerados incentivos\u201d.<\/p>\n<p class=\"paragraph\">Otro de los art\u00edculos reglamentados hace referencia a las&nbsp;<b>tareas de cuidado<\/b>. En el art\u00edculo 6 se indica que toda persona que ejerza el derecho a interrumpir la tarea al evocar esta raz\u00f3n, \u201cdeber\u00e1 comunicar<b>&nbsp;en forma virtual y con precisi\u00f3n<\/b>\u201d el momento en que comienza la inactividad y cuando finaliza. \u201cEn los casos en que las tareas de cuidado no permitan cumplir con la jornada legal o convencional vigente se podr\u00e1 acordar su reducci\u00f3n de acuerdo a las condiciones que se establezcan en la convenci\u00f3n colectiva\u201d, detalla.<\/p>\n<p class=\"paragraph\">Por otro lado, en uno de los puntos que gener\u00f3 mayor controversia, referente a&nbsp;<b>la reversibilidad,&nbsp;<\/b>se indica que deber\u00e1 ajustarse a los deberes impuestos en los art\u00edculos 9\u00ba y 10\u00b0 del C\u00f3digo Civil y Comercial de la Naci\u00f3n y 62 y 63 de la Ley de Contrato de Trabajo. \u201cRecibida la solicitud de la persona que trabaja, con la sola invocaci\u00f3n de una&nbsp;<b>motivaci\u00f3n razonable y sobreviniente<\/b>, el empleador o la empleadora deber\u00e1 cumplir con su obligaci\u00f3n en el menor plazo que permita la situaci\u00f3n del o de los establecimientos al momento del pedido\u201d, plantea el art\u00edculo 7\u00b0.<\/p>\n<p class=\"paragraph\">Este plazo&nbsp;<b>no podr\u00e1 ser superior a 30 d\u00edas<\/b>. \u201cA los efectos de evaluar la imposibilidad de cumplir con esta obligaci\u00f3n se tendr\u00e1 especialmente en cuenta el tiempo transcurrido desde el momento en que se dispuso el cambio de la modalidad presencial hacia la modalidad de teletrabajo\u201d, indica el texto.<\/p>\n<p class=\"paragraph\">En relaci\u00f3n a los empleados que hubiesen pactado la modalidad desde el inicio de la relaci\u00f3n laboral \u201c<b>no pueden revocar&nbsp;<\/b>su consentimiento ni ejercer el derecho a que se les otorguen tareas presenciales, salvo lo dispuesto en los Convenios Colectivos del Trabajo o en los contratos individuales\u201d.<\/p>\n<p>No tags for this post. <\/p>\n","protected":false},"excerpt":{"rendered":"<p>El Ministerio de Trabajo estableci\u00f3 este viernes que el R\u00e9gimen Legal del Contrato de Teletrabajo, previsto por la Ley N\u00ba 27.555, entrar\u00e1 en vigencia el 1\u00b0 de abril pr\u00f3ximo. Por medio de la Resoluci\u00f3n 54\/2021, el Poder Ejecutivo record\u00f3 que el art\u00edculo 19 de la ley 27.555 establece que el R\u00e9gimen Legal del Contrato de [&hellip;]<\/p>\n","protected":false},"author":1,"featured_media":1015,"comment_status":"closed","ping_status":"closed","sticky":false,"template":"","format":"standard","meta":[],"categories":[25],"tags":[],"_links":{"self":[{"href":"http:\/\/cordobadirecto.com\/index.php\/wp-json\/wp\/v2\/posts\/1014"}],"collection":[{"href":"http:\/\/cordobadirecto.com\/index.php\/wp-json\/wp\/v2\/posts"}],"about":[{"href":"http:\/\/cordobadirecto.com\/index.php\/wp-json\/wp\/v2\/types\/post"}],"author":[{"embeddable":true,"href":"http:\/\/cordobadirecto.com\/index.php\/wp-json\/wp\/v2\/users\/1"}],"replies":[{"embeddable":true,"href":"http:\/\/cordobadirecto.com\/index.php\/wp-json\/wp\/v2\/comments?post=1014"}],"version-history":[{"count":0,"href":"http:\/\/cordobadirecto.com\/index.php\/wp-json\/wp\/v2\/posts\/1014\/revisions"}],"wp:featuredmedia":[{"embeddable":true,"href":"http:\/\/cordobadirecto.com\/index.php\/wp-json\/wp\/v2\/media\/1015"}],"wp:attachment":[{"href":"http:\/\/cordobadirecto.com\/index.php\/wp-json\/wp\/v2\/media?parent=1014"}],"wp:term":[{"taxonomy":"category","embeddable":true,"href":"http:\/\/cordobadirecto.com\/index.php\/wp-json\/wp\/v2\/categories?post=1014"},{"taxonomy":"post_tag","embeddable":true,"href":"http:\/\/cordobadirecto.com\/index.php\/wp-json\/wp\/v2\/tags?post=1014"}],"curies":[{"name":"wp","href":"https:\/\/api.w.org\/{rel}","templated":true}]}}