{"id":10156,"date":"2021-07-09T16:57:00","date_gmt":"2021-07-09T16:57:00","guid":{"rendered":"http:\/\/cordobadirecto.com\/index.php\/2021\/07\/09\/sudafrica-anticipa-semanas-criticas-para-alcanzar-un-consenso-sobre-las-patentes-de-las-vacunas\/"},"modified":"2021-07-09T16:57:00","modified_gmt":"2021-07-09T16:57:00","slug":"sudafrica-anticipa-semanas-criticas-para-alcanzar-un-consenso-sobre-las-patentes-de-las-vacunas","status":"publish","type":"post","link":"http:\/\/cordobadirecto.com\/index.php\/2021\/07\/09\/sudafrica-anticipa-semanas-criticas-para-alcanzar-un-consenso-sobre-las-patentes-de-las-vacunas\/","title":{"rendered":"Sud\u00e1frica anticipa &#8220;semanas cr\u00edticas&#8221; para alcanzar un consenso sobre las patentes de las vacunas"},"content":{"rendered":"<div class=\"image\" id=\"image\" readability=\"8\"> <img src=\"http:\/\/cordobadirecto.com\/wp-content\/uploads\/2021\/07\/sudafrica-anticipa-semanas-criticas-para-alcanzar-un-consenso-sobre-las-patentes-de-las-vacunas.jpg\" alt=\"Representante de Sud\u00e1frica en la Organizaci\u00f3n Mundial del Comercio (OMC), Mustaqeem De Gama\" title=\"Representante de Sud\u00e1frica en la Organizaci\u00f3n Mundial del Comercio (OMC), Mustaqeem De Gama\"><\/p>\n<p>Representante de Sud\u00e1frica en la Organizaci\u00f3n Mundial del Comercio (OMC), Mustaqeem De Gama<\/p>\n<\/div>\n<p>El representante de Sud\u00e1frica en la Organizaci\u00f3n Mundial del Comercio (OMC), Mustaqeem De Gama, asegur\u00f3 que<strong> &#8220;las pr\u00f3ximas semanas van a ser cr\u00edticas para alcanzar un consenso&#8221;<\/strong> sobre la propuesta de exenci\u00f3n temporal de los derechos de propiedad intelectual de las vacunas contra el coronavirus que impulsa su pa\u00eds, apoya la Argentina y que es resistida principalmente por la Uni\u00f3n Europea (UE).<\/p>\n<p><strong>&#8220;En las \u00faltimas tres semanas hemos hecho mucho progreso y existen \u00e1reas donde los pa\u00edses coinciden&#8221;<\/strong>, indic\u00f3 con cierto optimismo el docente de la Universidad de Pretoria y especialista en Comercio, al ser consultado por T\u00e9lam sobre el estado de las negociaciones tras su intervenci\u00f3n esta semana en un panel sobre Covid-19 organizado por la ONG People\u00b4s Vaccine Alliace.<\/p>\n<p><strong>&#8220;Sabemos que las pr\u00f3ximas semanas van a ser cr\u00edticas para alcanzar un consenso y cada d\u00eda que pasa de negociaciones implica p\u00e9rdidas de vidas&#8221;<\/strong>, agreg\u00f3 en referencia a que los 164 miembros de la OMC intentan lograr un texto com\u00fan de cara a la reuni\u00f3n del Consejo General prevista para el 27 y 28 de julio.<\/p>\n<p>Las propuestas<\/p>\n<p>Sobre la mesa de discusiones hay dos propuestas.<\/p>\n<p>Por un lado, la presentada por Sud\u00e1frica e India en octubre del a\u00f1o pasado y<strong> respaldada por m\u00e1s de 110 pa\u00edses, entre ellos la Argentina<\/strong>, que exige levantar por &#8220;al menos tres a\u00f1os&#8221; los derechos de propiedad intelectual sobre los inmunizantes y tratamientos contra la Covid-19.<\/p>\n<p>La otra iniciativa es impulsada por la UE y elevada el 4 de junio pasado que se basa en un acuerdo multilateral que incluya &#8220;precios asequibles&#8221; de las vacunas a los pa\u00edses que m\u00e1s lo necesiten y facilitar &#8220;el uso de licencias obligatorias&#8221;, lo que permitir\u00eda que m\u00e1s laboratorios desarrollen f\u00e1rmacos gen\u00e9ricos a cambio del pago de un canon a aquellos que poseen las patentes.<\/p>\n<p>&#8220;La producci\u00f3n proyectada para este a\u00f1o era de entre 11 a 14 billones de dosis, pero a este mes vemos que solamente se entregaron 3 billones. Esto est\u00e1 muy lejos de donde deber\u00edamos estar. El argumento esgrimido por India y Sud\u00e1frica es anteponer la vida a los beneficios econ\u00f3micos&#8221;, indic\u00f3 De Gama al defender la propuesta.<\/p>\n<div class=\"image\" id=\"image\" readability=\"10\"> <img src=\"http:\/\/cordobadirecto.com\/wp-content\/uploads\/2021\/07\/sudafrica-anticipa-semanas-criticas-para-alcanzar-un-consenso-sobre-las-patentes-de-las-vacunas-1.jpg\" alt=\"El director ejecutivo de la OMS, Mike Ryan, grafic\u00f3 la actual desigualdad en el acceso a los inmunizantes par pa\u00edses pobres.\" title=\"El director ejecutivo de la OMS, Mike Ryan, grafic\u00f3 la actual desigualdad en el acceso a los inmunizantes par pa\u00edses pobres.\"><\/p>\n<p>El director ejecutivo de la OMS, Mike Ryan, grafic\u00f3 la actual desigualdad en el acceso a los inmunizantes par pa\u00edses pobres.<\/p>\n<\/div>\n<p><strong>&#8220;Escuchamos a varios Gobiernos en el Norte prometiendo que las vacunas ser\u00e1n entregadas, pero hasta ahora vemos que los mecanismos internacionales como el Covax entregaron pocas de las 2 billones de dosis prometidas para fin de este a\u00f1o&#8221;,<\/strong> apunt\u00f3.<\/p>\n<p>Efectivamente, este mecanismo impulsado por la Organizaci\u00f3n Mundial de la Salud (OMS) para achicar la brecha en el acceso de f\u00e1rmacos solamente envi\u00f3 unos 100 millones de inoculantes a 134 pa\u00edses, un 5% de lo proyectado para 2021.<\/p>\n<p>&#8220;Desde esta perspectiva, llamamos a los Gobiernos a apoyar la exenci\u00f3n (de la propiedad intelectual) para incrementar la producci\u00f3n en el corto plazo y asegurarnos que todos tengamos acceso&#8221;, manifest\u00f3 el sudafricano y convoc\u00f3 a &#8220;no delegar en las empresas privadas&#8221; la responsabilidad de terminar con esta pandemia.<\/p>\n<blockquote readability=\"6\">\n<p>&#8220;Es una abominaci\u00f3n que en muchos pa\u00edses haya trabajadores sanitarios que est\u00e1n en la primera l\u00ednea en la lucha contra la Covid-19 que todav\u00eda no fueron vacunados&#8221;<span class=\"comilla\">\u201d<\/span><\/p>\n<p><span>Mike Ryan<\/span><\/p>\n<\/blockquote>\n<p>En la misma actividad, realizada de forma virtual, el director ejecutivo de la OMS, Mike Ryan, grafic\u00f3 la actual desigualdad en el acceso a los inmunizantes: &#8220;En los pa\u00edses de ingresos altos hay 80 vacunas por cada 100 personas, pero en los de ingresos bajos esa cifra es de 1,3&#8221;.<\/p>\n<p>&#8220;Es una abominaci\u00f3n que en muchos pa\u00edses haya trabajadores sanitarios que est\u00e1n en la primera l\u00ednea en la lucha contra la Covid-19 que todav\u00eda no fueron vacunados&#8221;, exclam\u00f3.<\/p>\n<div class=\"image\" id=\"image\" readability=\"7\"> <img src=\"http:\/\/cordobadirecto.com\/wp-content\/uploads\/2021\/07\/sudafrica-anticipa-semanas-criticas-para-alcanzar-un-consenso-sobre-las-patentes-de-las-vacunas-2.jpg\" alt=\"Hay regiones del mundo que han recibido muy pocas dosis de vacunas.\" title=\"Hay regiones del mundo que han recibido muy pocas dosis de vacunas.\"><\/p>\n<p>Hay regiones del mundo que han recibido muy pocas dosis de vacunas.<\/p>\n<\/div>\n<p>El epidemi\u00f3logo irland\u00e9s indic\u00f3 que hay regiones con hospitales colapsados por pacientes en terapia intensiva que luchan por conseguir ox\u00edgeno, en los que faltan los test de diagn\u00f3sticos y donde se realizan funerales masivos.<\/p>\n<p><strong>&#8220;Esto no es consecuencia del virus. Lo es en cuanto a que el virus causa la enfermedad, pero es consecuencia de nuestra inacci\u00f3n en distribuir una herramienta vital y estrat\u00e9gica que puede prevenir esto&#8221;<\/strong>, manifest\u00f3.<\/p>\n<p>&#8220;Estamos de rodillas por una crisis sanitaria, no por una guerra, un conflicto, una burbuja financiera o los banqueros. Esto no es porque el virus es inteligente, sino porque nosotros estamos siendo est\u00fapidos. No pudimos utilizar una herramienta revolucionaria de la forma m\u00e1s inteligente&#8221;, agreg\u00f3.<\/p>\n<p>&#8220;Pero los humanos aprendemos y seguro podemos cuidar a los nuestros y ayudar al resto&#8221;, concluy\u00f3, en un mensaje dirigido a los pa\u00edses que acapararon las vacunas para avanzar con sus campa\u00f1as de inmunizaci\u00f3n sin donar dosis al resto del mundo. <\/p>\n","protected":false},"excerpt":{"rendered":"<p>Representante de Sud\u00e1frica en la Organizaci\u00f3n Mundial del Comercio (OMC), Mustaqeem De Gama El representante de Sud\u00e1frica en la Organizaci\u00f3n Mundial del Comercio (OMC), Mustaqeem De Gama, asegur\u00f3 que &#8220;las pr\u00f3ximas semanas van a ser cr\u00edticas para alcanzar un consenso&#8221; sobre la propuesta de exenci\u00f3n temporal de los derechos de propiedad intelectual de las vacunas [&hellip;]<\/p>\n","protected":false},"author":1,"featured_media":10157,"comment_status":"closed","ping_status":"closed","sticky":false,"template":"","format":"standard","meta":[],"categories":[24],"tags":[],"_links":{"self":[{"href":"http:\/\/cordobadirecto.com\/index.php\/wp-json\/wp\/v2\/posts\/10156"}],"collection":[{"href":"http:\/\/cordobadirecto.com\/index.php\/wp-json\/wp\/v2\/posts"}],"about":[{"href":"http:\/\/cordobadirecto.com\/index.php\/wp-json\/wp\/v2\/types\/post"}],"author":[{"embeddable":true,"href":"http:\/\/cordobadirecto.com\/index.php\/wp-json\/wp\/v2\/users\/1"}],"replies":[{"embeddable":true,"href":"http:\/\/cordobadirecto.com\/index.php\/wp-json\/wp\/v2\/comments?post=10156"}],"version-history":[{"count":0,"href":"http:\/\/cordobadirecto.com\/index.php\/wp-json\/wp\/v2\/posts\/10156\/revisions"}],"wp:featuredmedia":[{"embeddable":true,"href":"http:\/\/cordobadirecto.com\/index.php\/wp-json\/wp\/v2\/media\/10157"}],"wp:attachment":[{"href":"http:\/\/cordobadirecto.com\/index.php\/wp-json\/wp\/v2\/media?parent=10156"}],"wp:term":[{"taxonomy":"category","embeddable":true,"href":"http:\/\/cordobadirecto.com\/index.php\/wp-json\/wp\/v2\/categories?post=10156"},{"taxonomy":"post_tag","embeddable":true,"href":"http:\/\/cordobadirecto.com\/index.php\/wp-json\/wp\/v2\/tags?post=10156"}],"curies":[{"name":"wp","href":"https:\/\/api.w.org\/{rel}","templated":true}]}}