{"id":10213,"date":"2021-07-10T18:11:27","date_gmt":"2021-07-10T18:11:27","guid":{"rendered":"http:\/\/cordobadirecto.com\/index.php\/2021\/07\/10\/raly-barrionuevo-brilla-con-otra-voz-desde-1972-pero-se-siente-lejos-de-los-escenarios\/"},"modified":"2021-07-10T18:11:27","modified_gmt":"2021-07-10T18:11:27","slug":"raly-barrionuevo-brilla-con-otra-voz-desde-1972-pero-se-siente-lejos-de-los-escenarios","status":"publish","type":"post","link":"http:\/\/cordobadirecto.com\/index.php\/2021\/07\/10\/raly-barrionuevo-brilla-con-otra-voz-desde-1972-pero-se-siente-lejos-de-los-escenarios\/","title":{"rendered":"Raly Barrionuevo brilla con otra voz desde &#8220;1972&#8221;, pero se siente lejos de los escenarios"},"content":{"rendered":"<div class=\"image\" id=\"image\" readability=\"8\"> <img src=\"http:\/\/cordobadirecto.com\/wp-content\/uploads\/2021\/07\/raly-barrionuevo-brilla-con-otra-voz-desde-1972-pero-se-siente-lejos-de-los-escenarios.jpg\" alt=\"Barrionuevo, con un programa retransmitido por m\u00e1s de 550 emisoras present\u00f3 el \u00e1lbum &quot;1972&quot;.\" title=\"Barrionuevo, con un programa retransmitido por m\u00e1s de 550 emisoras present\u00f3 el \u00e1lbum &quot;1972&quot;.\"><\/p>\n<p>Barrionuevo, con un programa retransmitido por m\u00e1s de 550 emisoras present\u00f3 el \u00e1lbum &#8220;1972&#8221;.<\/p>\n<\/div>\n<p>Raly Barrionuevo, quien el 27 de junio y <strong>con un programa retransmitido por m\u00e1s de 550 emisoras present\u00f3 el \u00e1lbum &#8220;1972&#8221;<\/strong> y as\u00ed interrumpi\u00f3 el tiempo sab\u00e1tico que se tom\u00f3 a inicios de 2020, asegura que no presentar\u00e1 esas canciones folcl\u00f3ricas en directo ni sabe si volver\u00e1 a cantar en vivo frente al p\u00fablico.<\/p>\n<p>&#8220;Ni s\u00e9 c\u00f3mo volver\u00e9 alg\u00fan d\u00eda a cantar en vivo cuando no extra\u00f1o absolutamente nada. Volv\u00ed a fojas cero, volv\u00ed el cuenta kil\u00f3metros a cero y me parece que al bajar la velocidad que ven\u00eda trayendo y detener la automatizaci\u00f3n, me lleva a sentir que no s\u00e9 cu\u00e1ndo volver\u00e9 a los escenarios&#8221;, confiesa Barrionuevo durante una charla con T\u00e9lam.<\/p>\n<p>Desde Unquillo, la ciudad cordobesa donde vive desde hace casi dos d\u00e9cadas, el popular trovador folcl\u00f3rico santiague\u00f1o, que naci\u00f3 en Fr\u00edas el 14 de agosto de 1972, est\u00e1 feliz con el flamante disco de honda significaci\u00f3n familiar al que titul\u00f3 con el a\u00f1o de su nacimiento.<\/p>\n<p>All\u00ed y en compa\u00f1\u00eda de los mismos inspirados laderos con los que en 2009 hab\u00eda dado forma a &#8220;Radio AM&#8221; (es decir, guitarras, guitarr\u00f3n, arreglos y direcci\u00f3n musical de Luis Chazarreta, el piano de Elvira Ceballos y el bombo leg\u00fcero de Daniel Barrionuevo), se coloc\u00f3 de nuevo en posici\u00f3n de int\u00e9rprete para recoger canciones argentinas de las d\u00e9cadas del &#8217;50 y &#8217;60.<\/p>\n<p> <iframe width=\"560\" height=\"315\" src=\"https:\/\/www.youtube.com\/embed\/dL-Xz0n9Z1I?wmode=transparent&amp;showinfo=0&amp;autohide=1&amp;rel=0\" frameborder=\"0\" allowfullscreen>[embedded content]<\/iframe> <\/p>\n<p>1972, el nuevo disco de Raly Barrionuevo, que se present\u00f3 en distintas radios del pa\u00eds y el exterior.<\/p>\n<p>Por ello cant\u00f3 &#8220;Am\u00e9monos&#8221;, &#8220;Zamba de la a\u00f1oranza&#8221;, &#8220;La ene ene&#8221;, &#8220;A unos ojos&#8221;, &#8220;Si yo fuera r\u00edo&#8221;, &#8220;Calle angosta&#8221;, &#8220;La de los angelitos&#8221;, &#8220;Vallecito&#8221;, &#8220;Al jard\u00edn de mi madre&#8221;, &#8220;Febrero en San Luis&#8221;, &#8220;Gato de mis pagos&#8221;, &#8220;Achalay mi mama&#8221;, &#8220;Y dicen que no te quiero&#8221;, &#8220;Patio de la casa vieja&#8221; y un hallazgo en vivo en Radio Universidad de C\u00f3rdoba (donde Raly realiza una columna semanal en el espacio &#8220;Nada del otro mundo&#8221;) de &#8220;Alfonsina y el mar&#8221;.<\/p>\n<p>&#8220;Es mi manera de reivindicarlo a mi pap\u00e1 porque hab\u00eda sido un gran cantor que qued\u00f3 ah\u00ed, que tuvo sus intentos. \u00c9l viv\u00eda con mi abuela en Esqui\u00fa, en Catamarca, y de all\u00ed me vino esa m\u00fasica que \u00e9l escuchaba y cantaba muy bien. Hacer esto es como grabar un disco que \u00e9l hubiera querido grabar&#8221;, explica acerca de las motivaciones del registro.<\/p>\n<div class=\"image\" id=\"image\" readability=\"9\"> <img src=\"http:\/\/cordobadirecto.com\/wp-content\/uploads\/2021\/07\/raly-barrionuevo-brilla-con-otra-voz-desde-1972-pero-se-siente-lejos-de-los-escenarios-1.jpg\" alt=\"Raly, ligado desde siempre a las luchas campesinas y socio-ambientales a las que acompa\u00f1\u00f3 con su m\u00fasica.\" title=\"Raly, ligado desde siempre a las luchas campesinas y socio-ambientales a las que acompa\u00f1\u00f3 con su m\u00fasica.\"><\/p>\n<p>Raly, ligado desde siempre a las luchas campesinas y socio-ambientales a las que acompa\u00f1\u00f3 con su m\u00fasica.<\/p>\n<\/div>\n<p><strong>-T\u00e9lam: Hacerle este homenaje a tu padre, a quien como contabas en el lanzamiento de &#8220;1972&#8221;, pr\u00e1cticamente no conociste, \u00bffue la motivaci\u00f3n para hacer este disco?<\/strong><br \/><strong>Raly Barrionuevo: <\/strong>No hay una raz\u00f3n concreta por la cual retom\u00e9 el proyecto porque lo venimos trabajando hace seis o siete a\u00f1os. Como luego grab\u00e9 &#8220;Chango&#8221; (2014) no me pareci\u00f3 al toque sacar otro disco de int\u00e9rprete sino que ten\u00eda ganas de volver a mis canciones y por eso hice &#8220;La ni\u00f1a de los andamios&#8221; (2017) y qued\u00f3 cajonead\u00edsimo &#8220;Radio AM 2&#8221;, que al principio iba a llamarse as\u00ed. Decid\u00ed retomarlo en los primeros d\u00edas de enero porque me fui a Catamarca a pasarla con mis t\u00edas porque no pod\u00eda hacer la fiesta habitual de A\u00f1o Nuevo en mi casa de Unquillo donde siempre viene mucha gente, y cuando viaj\u00e9 me vino como una fuerza que dec\u00eda que ten\u00eda que terminar este disco y me puse a trabajar en eso que era un quilombo y me puse a hacerlo de verdad y decid\u00ed a cantarlo todo de nuevo salvo &#8220;Vallecito&#8221;.<\/p>\n<p><strong>T: Se te escucha cantar distinto, \u00bfc\u00f3mo se dio ese cambio?<\/strong><br \/><strong>RB: <\/strong>Quise grabar todo de nuevo con la voz descansada. Con la voz pas\u00f3 algo curioso. La voz m\u00eda, la de Raly, solamente aparece en &#8220;Alfonsina\u2026&#8221; que est\u00e1 fuera del contexto del disco, pero para lo dem\u00e1s indagu\u00e9 en la voz m\u00eda y me exig\u00ed para colocarla en otro lado y me di cuenta de que pod\u00eda hacerlo desde que estoy retirado porque estoy muy descansado, porque la tengo m\u00e1s clarita y m\u00e1s disponible que nunca. Lo que intentaba hacer para ponerme como en un cantor de entonces, lo pod\u00eda hacer, me sal\u00eda. No he estudiado canto pero s\u00ed me fui haciendo mis t\u00e9cnicas personales y mis modos de cuidar la voz pero ac\u00e1 estuvo buen\u00edsimo porque la exig\u00ed al m\u00e1ximo sin entrar en ninguna estridencia para cantar estas canciones al estilo antiguo y fue muy divertido, me re\u00eda mucho cuando cantaba en las grabaciones en mi casa. Me hallaba cantando como otra persona.<\/p>\n<p>Pod\u00eda poner la voz m\u00e1s en la garganta como los cantores cuyanos y hacer cosas gardelianas, no tanto en el tango sino, por ejemplo, en &#8220;Achalay mi mama&#8221; y las cosas fueron saliendo y me fue gustando.<\/p>\n<p><strong>T: El hecho de que Elvira Ceballos no est\u00e9 (falleci\u00f3 en septiembre de 2019), \u00bfimplica que &#8220;1972&#8221; no se podr\u00e1 escuchar en vivo?<\/strong><br \/><strong>RB:<\/strong> No me lo imagino sin Elvira. Y en caso de volver a los escenarios ser\u00eda solito con la guitarra pero no s\u00e9 cu\u00e1ndo la verdad. Estoy feliz d\u00e1ndole el ma\u00edz a mis gallinas a la ma\u00f1ana. Despu\u00e9s s\u00ed subo a mi estudio y me pongo a grabar cosas con gente con la cual comparto, es muy l\u00fadico lo que me est\u00e1 pasando con la m\u00fasica, grabando cosas en portugu\u00e9s y en ingl\u00e9s, jugando y descubriendo. Y este disco tambi\u00e9n fue s\u00faper l\u00fadico.<\/p>\n<div class=\"image\" id=\"image\" readability=\"8\"> <img src=\"http:\/\/cordobadirecto.com\/wp-content\/uploads\/2021\/07\/raly-barrionuevo-brilla-con-otra-voz-desde-1972-pero-se-siente-lejos-de-los-escenarios-2.jpg\" alt=\"El m\u00fasico asegura que no presentar\u00e1 esas canciones folcl\u00f3ricas en directo ni sabe si volver\u00e1 a cantar en vivo frente al p\u00fablico.\" title=\"El m\u00fasico asegura que no presentar\u00e1 esas canciones folcl\u00f3ricas en directo ni sabe si volver\u00e1 a cantar en vivo frente al p\u00fablico.\"><\/p>\n<p>El m\u00fasico asegura que no presentar\u00e1 esas canciones folcl\u00f3ricas en directo ni sabe si volver\u00e1 a cantar en vivo frente al p\u00fablico.<\/p>\n<\/div>\n<p><strong>T: O sea que la pandemia profundiz\u00f3 una decisi\u00f3n que ven\u00edas madurando\u2026<\/strong><br \/><strong>RB:<\/strong> Por m\u00e1s que no hubiera habido pandemia, iba a parar igual. Yo ya hab\u00eda decidido parar dos a\u00f1os para empezar. A la vez tambi\u00e9n soy un agradecido a la gente que me sigue pero listo, ya est\u00e1.<\/p>\n<p><strong>T: Siendo como sos un artista masivo pero independiente y autogestivo, igual est\u00e1s saturado\u2026<\/strong><br \/><strong>RB: <\/strong>No sab\u00e9s cu\u00e1nto\u2026 La automatizaci\u00f3n alcanza a los m\u00fasicos independientes tambi\u00e9n. Supongo que la gente que est\u00e1 en compa\u00f1\u00edas discogr\u00e1ficas multinacionales debe tener una vida m\u00e1s invasiva pero yo tambi\u00e9n tengo mi exigencia y hay momentos en los que uno tiene que ponerse en piloto autom\u00e1tico y me cans\u00e9 de todo eso tambi\u00e9n. Hacer &#8220;Hermano Hormiga&#8221; con Lisandro (Aristimu\u00f1o) me conect\u00f3 con la m\u00fasica desde otro lugar mucho m\u00e1s artesanal y en caso de volver lo har\u00eda solo con la guitarra porque me gustar\u00eda conectar desde otro lugar con la gente.<\/p>\n<p><strong>T: \u00bfPodr\u00eda pensarse que no hay &#8220;afuera&#8221; del sistema aunque se intenten hacer las cosas de otro modo?<\/strong><br \/><strong>RB: <\/strong>Al frenar uno se da cuenta de a la velocidad que va todo y que en las plataformas al mes ya nadie se acuerda el tema que subiste y todo pasa por buscar el hit. Haber hecho &#8220;1972&#8221; y presentarlo con un programa de radio libre para las emisoras que quisieron tomarlo fue en contra de todo eso y me pareci\u00f3 hermoso y no solamente rom\u00e1ntico, es s\u00faper actual tambi\u00e9n y estoy muy contento con el resultado. <\/p>\n","protected":false},"excerpt":{"rendered":"<p>Barrionuevo, con un programa retransmitido por m\u00e1s de 550 emisoras present\u00f3 el \u00e1lbum &#8220;1972&#8221;. Raly Barrionuevo, quien el 27 de junio y con un programa retransmitido por m\u00e1s de 550 emisoras present\u00f3 el \u00e1lbum &#8220;1972&#8221; y as\u00ed interrumpi\u00f3 el tiempo sab\u00e1tico que se tom\u00f3 a inicios de 2020, asegura que no presentar\u00e1 esas canciones folcl\u00f3ricas [&hellip;]<\/p>\n","protected":false},"author":1,"featured_media":10214,"comment_status":"closed","ping_status":"closed","sticky":false,"template":"","format":"standard","meta":[],"categories":[20],"tags":[],"_links":{"self":[{"href":"http:\/\/cordobadirecto.com\/index.php\/wp-json\/wp\/v2\/posts\/10213"}],"collection":[{"href":"http:\/\/cordobadirecto.com\/index.php\/wp-json\/wp\/v2\/posts"}],"about":[{"href":"http:\/\/cordobadirecto.com\/index.php\/wp-json\/wp\/v2\/types\/post"}],"author":[{"embeddable":true,"href":"http:\/\/cordobadirecto.com\/index.php\/wp-json\/wp\/v2\/users\/1"}],"replies":[{"embeddable":true,"href":"http:\/\/cordobadirecto.com\/index.php\/wp-json\/wp\/v2\/comments?post=10213"}],"version-history":[{"count":0,"href":"http:\/\/cordobadirecto.com\/index.php\/wp-json\/wp\/v2\/posts\/10213\/revisions"}],"wp:featuredmedia":[{"embeddable":true,"href":"http:\/\/cordobadirecto.com\/index.php\/wp-json\/wp\/v2\/media\/10214"}],"wp:attachment":[{"href":"http:\/\/cordobadirecto.com\/index.php\/wp-json\/wp\/v2\/media?parent=10213"}],"wp:term":[{"taxonomy":"category","embeddable":true,"href":"http:\/\/cordobadirecto.com\/index.php\/wp-json\/wp\/v2\/categories?post=10213"},{"taxonomy":"post_tag","embeddable":true,"href":"http:\/\/cordobadirecto.com\/index.php\/wp-json\/wp\/v2\/tags?post=10213"}],"curies":[{"name":"wp","href":"https:\/\/api.w.org\/{rel}","templated":true}]}}