{"id":10240,"date":"2021-07-10T18:45:00","date_gmt":"2021-07-10T18:45:00","guid":{"rendered":"http:\/\/cordobadirecto.com\/index.php\/2021\/07\/10\/de-centro-clandestino-en-la-dictadura-a-refugio-de-la-economia-popular\/"},"modified":"2021-07-10T18:45:00","modified_gmt":"2021-07-10T18:45:00","slug":"de-centro-clandestino-en-la-dictadura-a-refugio-de-la-economia-popular","status":"publish","type":"post","link":"http:\/\/cordobadirecto.com\/index.php\/2021\/07\/10\/de-centro-clandestino-en-la-dictadura-a-refugio-de-la-economia-popular\/","title":{"rendered":"De centro clandestino en la dictadura a refugio de la <b>econom\u00eda<\/b> popular"},"content":{"rendered":"<p>Foto: Irma Montiel. El Refugio Libertad es un predio de 880 hect\u00e1reas ubicado a 60 kil\u00f3metros de la ciudad de <b>C\u00f3rdoba<\/b>, donde se encontraba el ex&nbsp;&#8230; <\/p>\n","protected":false},"excerpt":{"rendered":"<p>Foto: Irma Montiel. El Refugio Libertad es un predio de 880 hect\u00e1reas ubicado a 60 kil\u00f3metros de la ciudad de C\u00f3rdoba, donde se encontraba el ex&nbsp;&#8230;<\/p>\n","protected":false},"author":1,"featured_media":0,"comment_status":"closed","ping_status":"closed","sticky":false,"template":"","format":"standard","meta":[],"categories":[40],"tags":[],"_links":{"self":[{"href":"http:\/\/cordobadirecto.com\/index.php\/wp-json\/wp\/v2\/posts\/10240"}],"collection":[{"href":"http:\/\/cordobadirecto.com\/index.php\/wp-json\/wp\/v2\/posts"}],"about":[{"href":"http:\/\/cordobadirecto.com\/index.php\/wp-json\/wp\/v2\/types\/post"}],"author":[{"embeddable":true,"href":"http:\/\/cordobadirecto.com\/index.php\/wp-json\/wp\/v2\/users\/1"}],"replies":[{"embeddable":true,"href":"http:\/\/cordobadirecto.com\/index.php\/wp-json\/wp\/v2\/comments?post=10240"}],"version-history":[{"count":0,"href":"http:\/\/cordobadirecto.com\/index.php\/wp-json\/wp\/v2\/posts\/10240\/revisions"}],"wp:attachment":[{"href":"http:\/\/cordobadirecto.com\/index.php\/wp-json\/wp\/v2\/media?parent=10240"}],"wp:term":[{"taxonomy":"category","embeddable":true,"href":"http:\/\/cordobadirecto.com\/index.php\/wp-json\/wp\/v2\/categories?post=10240"},{"taxonomy":"post_tag","embeddable":true,"href":"http:\/\/cordobadirecto.com\/index.php\/wp-json\/wp\/v2\/tags?post=10240"}],"curies":[{"name":"wp","href":"https:\/\/api.w.org\/{rel}","templated":true}]}}