{"id":10247,"date":"2021-07-10T16:37:00","date_gmt":"2021-07-10T16:37:00","guid":{"rendered":"http:\/\/cordobadirecto.com\/index.php\/2021\/07\/10\/pedro-sanchez-reestructuro-su-gabinete-habra-mas-mujeres-y-mas-jovenes\/"},"modified":"2021-07-10T16:37:00","modified_gmt":"2021-07-10T16:37:00","slug":"pedro-sanchez-reestructuro-su-gabinete-habra-mas-mujeres-y-mas-jovenes","status":"publish","type":"post","link":"http:\/\/cordobadirecto.com\/index.php\/2021\/07\/10\/pedro-sanchez-reestructuro-su-gabinete-habra-mas-mujeres-y-mas-jovenes\/","title":{"rendered":"Pedro S\u00e1nchez reestructur\u00f3 su gabinete: habr\u00e1 m\u00e1s mujeres y m\u00e1s j\u00f3venes"},"content":{"rendered":"<div class=\"image\" id=\"image\" readability=\"7\"> <img src=\"http:\/\/cordobadirecto.com\/wp-content\/uploads\/2021\/07\/pedro-sanchez-reestructuro-su-gabinete-habra-mas-mujeres-y-mas-jovenes.jpg\" alt=\"Los cambios en el gabinete espa\u00f1ol. Foto: AFP.\" title=\"Los cambios en el gabinete espa\u00f1ol. Foto: AFP.\"><\/p>\n<p>Los cambios en el gabinete espa\u00f1ol. Foto: AFP.<\/p>\n<\/div>\n<p>El presidente del Gobierno espa\u00f1ol, Pedro S\u00e1nchez, anunci\u00f3 cambios en su gabinete que estar\u00e1 compuesto por personas m\u00e1s j\u00f3venes y por un mayor n\u00famero de mujeres, con el objetivo de &#8220;consolidar la recuperaci\u00f3n econ\u00f3mica&#8221; tras la crisis generada por la pandemia.<\/p>\n<p>Esta reestructuraci\u00f3n <strong>no afecta a la alianza entre el Partido Socialista Obrero Espa\u00f1ol (PSOE), de S\u00e1nchez y el partido de izquierda Unidas Podemos<\/strong>, que conserva sus cinco ministerios.<\/p>\n<p>Los numerosos cambios se concentran en las 17 carteras en manos del miembros del PSOE o personas cercanas.<\/p>\n<blockquote readability=\"6\">\n<p>&#8220;Desde hoy comienza el Gobierno de la recuperaci\u00f3n para superar la peor calamidad de la humanidad en d\u00e9cadas&#8221;<span class=\"comilla\">\u201d<\/span><\/p>\n<p><span>Pedro S\u00e1nchez<\/span><\/p>\n<\/blockquote>\n<p>Abandonan el Gobierno cuatro hombres y tres mujeres, mientras que <strong>habr\u00e1 cinco nuevas ministras, tres de ellas alcaldesas<\/strong>. Se reducen las vicepresidencias a tres, con Nadia Calvi\u00f1o, Yolanda D\u00edaz y Teresa Ribera. Las tres mantienen sus carteras ministeriales, mientras que la n\u00famero dos del Ejecutivo, Carmen Calvo, queda afuera, inform\u00f3 el diario espa\u00f1ol El Pa\u00eds.<\/p>\n<p>Los nuevos miembros tomar\u00e1n posesi\u00f3n este lunes y, ya el martes, acudir\u00e1n al Consejo de Ministros.<\/p>\n<p>El hasta ahora jefe de Gabinete de S\u00e1nchez, Iv\u00e1n Redondo, tras tres a\u00f1os como el principal asesor del jefe del Ejecutivo, deja su puesto.<\/p>\n<p>&#8220;Desde hoy comienza el Gobierno de la recuperaci\u00f3n para superar la peor calamidad de la humanidad en d\u00e9cadas&#8221;, dijo S\u00e1nchez en una comparecencia desde el Palacio de la Moncloa, sede del ejecutivo.<\/p>\n<div class=\"js-code\" readability=\"7.5917808219178\">\n<blockquote class=\"twitter-tweet\" readability=\"8.9315068493151\">\n<p lang=\"es\" dir=\"ltr\">Empieza a andar el Gobierno de la Recuperaci\u00f3n. Un Gobierno de mujeres y hombres j\u00f3venes de val\u00eda extraordinaria para superar por completo la peor calamidad en d\u00e9cadas y aprovechar una oportunidad \u00fanica de poner en pie una Espa\u00f1a social, verde, digital y feminista; un pa\u00eds mejor. <a href=\"https:\/\/t.co\/UPm2HpCTkW\">pic.twitter.com\/UPm2HpCTkW<\/a><\/p>\n<p>\u2014 Pedro S\u00e1nchez (@sanchezcastejon) <a href=\"https:\/\/twitter.com\/sanchezcastejon\/status\/1413863327424421890?ref_src=twsrc%5Etfw\">July 10, 2021<\/a><\/p><\/blockquote><\/div>\n<p>Este reajuste, el primero de envergadura desde el inicio de la legislatura en enero de 2020,<strong> llega en un momento de debilidad para el Gobierno de socialistas y Podemos.<\/strong><\/p>\n<p>Hace tres meses, la izquierda sufri\u00f3 un duro rev\u00e9s en las elecciones de Madrid, un basti\u00f3n de derechas donde la actual presidenta Isabel D\u00edaz Ayuso, del conservador Partido Popular (PP), roz\u00f3 la mayor\u00eda absoluta y el PSOE cay\u00f3 a tercera fuerza.<\/p>\n<p>A finales de junio, el Ejecutivo indult\u00f3 a los dirigentes independentistas catalanes encarcelados tras el fallido intento de secesi\u00f3n de 2017, una decisi\u00f3n controvertida entre la opini\u00f3n p\u00fablica y que le dio munici\u00f3n a la derecha de cara a las elecciones de 2023.<\/p>\n<p>De hecho, algunos sondeos muestran que el PP iguala o incluso supera a los socialistas en intenci\u00f3n de voto.<\/p>\n<p>En total, <strong>ocho carteras ministeriales cambian de titular, entre ellas Justicia, Educaci\u00f3n, Transportes, Ciencia o Cultura<\/strong>, inform\u00f3 la agencia de noticias AFP.<\/p>\n<p>&#8220;Una vez superado lo m\u00e1s duro de la pandemia, el nuevo gobierno tendr\u00e1 como principal tarea consolidar la recuperaci\u00f3n econ\u00f3mica y tambi\u00e9n la creaci\u00f3n de empleo y sin duda alguna, gestionar esa enorme oportunidad que representan los fondos europeos para modernizar y apuntalar a\u00fan m\u00e1s a nuestra econom\u00eda&#8221;, argument\u00f3 S\u00e1nchez.<\/p>\n<div class=\"js-code\" readability=\"6.6783707865169\">\n<blockquote class=\"twitter-tweet\" readability=\"7.123595505618\">\n<p lang=\"es\" dir=\"ltr\">Agradezco de forma sincera y expresa a todos los integrantes del Gobierno que abandonan su puesto. He sido testigo de su gran trabajo y excepcional temple en los momentos tan dif\u00edciles que hemos vivido. Es justo reconocer que se han dejado la piel en defensa del bien p\u00fablico. <a href=\"https:\/\/t.co\/YYlOlYsQhE\">pic.twitter.com\/YYlOlYsQhE<\/a><\/p>\n<p>\u2014 Pedro S\u00e1nchez (@sanchezcastejon) <a href=\"https:\/\/twitter.com\/sanchezcastejon\/status\/1413866095895842816?ref_src=twsrc%5Etfw\">July 10, 2021<\/a><\/p><\/blockquote><\/div>\n<p>El mandatario subray\u00f3 que la remodelaci\u00f3n de su equipo es primero una &#8220;renovaci\u00f3n generacional&#8221;, dado que la media de edad en el Gobierno era de 55 a\u00f1os y ahora es de 50.<\/p>\n<p>Adem\u00e1s, <strong>hay m\u00e1s mujeres en el Ejecutivo: &#8220;Antes hab\u00eda un 54% de mujeres y ahora un 63%<\/strong>, lo que convierte de nuevo a nuestro pa\u00eds en referente en la paridad&#8221;, subray\u00f3.<\/p>\n<p>El presidente del Gobierno espa\u00f1ol insisti\u00f3 en que la recuperaci\u00f3n debe ser &#8220;justa y llegar a cada rinc\u00f3n del pa\u00eds&#8221; y subray\u00f3 que su nuevo equipo es &#8220;joven pero est\u00e1 curtido&#8221; y tiene &#8220;esp\u00edritu de cercan\u00eda con los ciudadanos&#8221;.<\/p>\n<p><strong>Hasta ahora, S\u00e1nchez \u00fanicamente hab\u00eda realizado peque\u00f1as modificaciones de su Gabinete<\/strong>, motivadas por las dimisiones del exministro de Salud, Salvador Illa, y del fundador y entonces l\u00edder de Podemos, Pablo Iglesias, que ocupaba una de las vicepresidencias.<\/p>\n<p>El carism\u00e1tico l\u00edder de Podemos abandon\u00f3 el cargo para aspirar a la presidencia regional de Madrid pero, tras cosechar malos resultados en las elecciones del 4 de mayo, anunci\u00f3 su retirada de la pol\u00edtica.<\/p>\n","protected":false},"excerpt":{"rendered":"<p>Los cambios en el gabinete espa\u00f1ol. Foto: AFP. El presidente del Gobierno espa\u00f1ol, Pedro S\u00e1nchez, anunci\u00f3 cambios en su gabinete que estar\u00e1 compuesto por personas m\u00e1s j\u00f3venes y por un mayor n\u00famero de mujeres, con el objetivo de &#8220;consolidar la recuperaci\u00f3n econ\u00f3mica&#8221; tras la crisis generada por la pandemia. Esta reestructuraci\u00f3n no afecta a la [&hellip;]<\/p>\n","protected":false},"author":1,"featured_media":10248,"comment_status":"closed","ping_status":"closed","sticky":false,"template":"","format":"standard","meta":[],"categories":[24],"tags":[],"_links":{"self":[{"href":"http:\/\/cordobadirecto.com\/index.php\/wp-json\/wp\/v2\/posts\/10247"}],"collection":[{"href":"http:\/\/cordobadirecto.com\/index.php\/wp-json\/wp\/v2\/posts"}],"about":[{"href":"http:\/\/cordobadirecto.com\/index.php\/wp-json\/wp\/v2\/types\/post"}],"author":[{"embeddable":true,"href":"http:\/\/cordobadirecto.com\/index.php\/wp-json\/wp\/v2\/users\/1"}],"replies":[{"embeddable":true,"href":"http:\/\/cordobadirecto.com\/index.php\/wp-json\/wp\/v2\/comments?post=10247"}],"version-history":[{"count":0,"href":"http:\/\/cordobadirecto.com\/index.php\/wp-json\/wp\/v2\/posts\/10247\/revisions"}],"wp:featuredmedia":[{"embeddable":true,"href":"http:\/\/cordobadirecto.com\/index.php\/wp-json\/wp\/v2\/media\/10248"}],"wp:attachment":[{"href":"http:\/\/cordobadirecto.com\/index.php\/wp-json\/wp\/v2\/media?parent=10247"}],"wp:term":[{"taxonomy":"category","embeddable":true,"href":"http:\/\/cordobadirecto.com\/index.php\/wp-json\/wp\/v2\/categories?post=10247"},{"taxonomy":"post_tag","embeddable":true,"href":"http:\/\/cordobadirecto.com\/index.php\/wp-json\/wp\/v2\/tags?post=10247"}],"curies":[{"name":"wp","href":"https:\/\/api.w.org\/{rel}","templated":true}]}}