{"id":10250,"date":"2021-07-10T17:15:00","date_gmt":"2021-07-10T17:15:00","guid":{"rendered":"http:\/\/cordobadirecto.com\/index.php\/2021\/07\/10\/se-apura-el-armado-electoral-en-buenos-aires-cordoba-y-santa-fe-distritos-clave-para-el-fdt-y-jxc\/"},"modified":"2021-07-10T17:15:00","modified_gmt":"2021-07-10T17:15:00","slug":"se-apura-el-armado-electoral-en-buenos-aires-cordoba-y-santa-fe-distritos-clave-para-el-fdt-y-jxc","status":"publish","type":"post","link":"http:\/\/cordobadirecto.com\/index.php\/2021\/07\/10\/se-apura-el-armado-electoral-en-buenos-aires-cordoba-y-santa-fe-distritos-clave-para-el-fdt-y-jxc\/","title":{"rendered":"Se apura el armado electoral en Buenos Aires, <b>C\u00f3rdoba<\/b> y Santa Fe, distritos clave para el FdT y JxC"},"content":{"rendered":"<p>Las provincias apuran el armado de las alianzas electorales que inscribir\u00e1n el pr\u00f3ximo mi\u00e9rcoles 14 de julio, de cara a las PASO de septiembre,&nbsp;&#8230; <\/p>\n","protected":false},"excerpt":{"rendered":"<p>Las provincias apuran el armado de las alianzas electorales que inscribir\u00e1n el pr\u00f3ximo mi\u00e9rcoles 14 de julio, de cara a las PASO de septiembre,&nbsp;&#8230;<\/p>\n","protected":false},"author":1,"featured_media":0,"comment_status":"closed","ping_status":"closed","sticky":false,"template":"","format":"standard","meta":[],"categories":[40],"tags":[],"_links":{"self":[{"href":"http:\/\/cordobadirecto.com\/index.php\/wp-json\/wp\/v2\/posts\/10250"}],"collection":[{"href":"http:\/\/cordobadirecto.com\/index.php\/wp-json\/wp\/v2\/posts"}],"about":[{"href":"http:\/\/cordobadirecto.com\/index.php\/wp-json\/wp\/v2\/types\/post"}],"author":[{"embeddable":true,"href":"http:\/\/cordobadirecto.com\/index.php\/wp-json\/wp\/v2\/users\/1"}],"replies":[{"embeddable":true,"href":"http:\/\/cordobadirecto.com\/index.php\/wp-json\/wp\/v2\/comments?post=10250"}],"version-history":[{"count":0,"href":"http:\/\/cordobadirecto.com\/index.php\/wp-json\/wp\/v2\/posts\/10250\/revisions"}],"wp:attachment":[{"href":"http:\/\/cordobadirecto.com\/index.php\/wp-json\/wp\/v2\/media?parent=10250"}],"wp:term":[{"taxonomy":"category","embeddable":true,"href":"http:\/\/cordobadirecto.com\/index.php\/wp-json\/wp\/v2\/categories?post=10250"},{"taxonomy":"post_tag","embeddable":true,"href":"http:\/\/cordobadirecto.com\/index.php\/wp-json\/wp\/v2\/tags?post=10250"}],"curies":[{"name":"wp","href":"https:\/\/api.w.org\/{rel}","templated":true}]}}