{"id":10251,"date":"2021-07-11T11:08:55","date_gmt":"2021-07-11T11:08:55","guid":{"rendered":"https:\/\/puntoapunto.com.ar\/?p=280867"},"modified":"2021-07-11T11:08:55","modified_gmt":"2021-07-11T11:08:55","slug":"la-calera-lanza-un-plan-estrategico-para-posicionarse-como-una-ciudad-del-conocimiento","status":"publish","type":"post","link":"http:\/\/cordobadirecto.com\/index.php\/2021\/07\/11\/la-calera-lanza-un-plan-estrategico-para-posicionarse-como-una-ciudad-del-conocimiento\/","title":{"rendered":"La Calera lanza un plan estrat\u00e9gico para posicionarse como una ciudad del Conocimiento"},"content":{"rendered":"<p>En el marco del <strong>Plan Estrat\u00e9gico para desarrollar la Econom\u00eda del Conocimiento<\/strong>, <strong>La Calera<\/strong> present\u00f3 una bater\u00eda de medidas que se suman a nuevas propuestas de formaci\u00f3n y capacitaci\u00f3n destinadas a consolidar a dicha localidad como <strong>ciudad del Conocimiento<\/strong>.<\/p>\n<p>Desde esta localidad del Departamento Col\u00f3n, se anunci\u00f3 la sanci\u00f3n de la Ordenanza por la cual se adhieren al R\u00e9gimen Provincial de <a href=\"https:\/\/puntoapunto.com.ar\/provincia-lanzo-un-fondo-de-coinversion-por-100-m-para-impulsar-la\/\">Econom\u00eda del Conocimiento<\/a> y presentaron su iniciativa de<strong> sumar exenciones impositivas y otros beneficios a las empresas<\/strong> que se radiquen en La Calera, para que desarrollen actividades enmarcadas en la Econom\u00eda del Conocimiento.<\/p>\n<p>Adem\u00e1s, se abrir\u00e1 una<strong> Academia Municipal de Innovaci\u00f3n y Tecnolog\u00eda<\/strong>, donde se realizar\u00e1n distintas&nbsp; propuestas de formaci\u00f3n educativa a vecinos y vecinas de la ciudad.<\/p>\n<p>Desde la Provincia van a acompa\u00f1ar tal iniciativa sumando dos propuestas de formaci\u00f3n y capacitaci\u00f3n: la <strong>diplomatura en Programaci\u00f3n Java<\/strong>, que se lleva adelante junto a la Universidad tecnol\u00f3gica Nacional Facultad Regional Villa Mar\u00eda, y un<strong> curso de Rob\u00f3tica<\/strong>, impulsada por la Direcci\u00f3n de Divulgaci\u00f3n Cient\u00edfica del ministerio de Ciencia y Tecnolog\u00eda Provincial.<\/p>\n<p>En su discurso, el intendente <strong>Facundo Rufail<\/strong>, se\u00f1al\u00f3:&nbsp;\u201cNing\u00fan estamento del Estado, sea nacional, provincial o municipal, puede quedar afuera de lo que es la promoci\u00f3n y el desarrollo del conocimiento, de las tecnolog\u00edas aplicadas y de los diversos productos y servicios que se generan desde ac\u00e1.<strong> Creemos que nuestra ciudad puede ser un polo del conocimiento porque tiene sus talentos<\/strong>, tiene la voluntad y nuestra idea se consolida gracias al apoyo del Gobierno Provincial\u201d.<\/p>\n<p>A su turno, el ministro <strong>Pablo De Chiara<\/strong> destac\u00f3 esta iniciativa municipal:&nbsp;\u201cNecesitamos que los gobiernos municipales nos acompa\u00f1en en el proceso para poder lograr que<strong> m\u00e1s emprendedores y m\u00e1s empresarios puedan animarse a generar m\u00e1s empleos<\/strong> en cada una de las ciudades\u201d.<\/p>\n<p>\u201cLa tecnolog\u00eda puede desarrollarse en cualquier lado, cualquier persona frente a una computadora y una buena conexi\u00f3n a internet no solamente puede estudiar, como va a ser el caso de esta Diplomatura, sino que tambi\u00e9n puede desarrollar su actividad\u201d, agreg\u00f3 el Funcionario.<\/p>\n<div class=\"saboxplugin-wrap\" itemtype=\"http:\/\/schema.org\/Person\" itemscope itemprop=\"author\">\n<div class=\"saboxplugin-gravatar\"><img alt src=\"http:\/\/cordobadirecto.com\/wp-content\/uploads\/2021\/07\/la-calera-lanza-un-plan-estrategico-para-posicionarse-como-una-ciudad-del-conocimiento.jpg\" srcset=\"http:\/\/cordobadirecto.com\/wp-content\/uploads\/2021\/07\/la-calera-lanza-un-plan-estrategico-para-posicionarse-como-una-ciudad-del-conocimiento-1.jpg 2x\" class=\"avatar avatar-100 photo\" height=\"100\" width=\"100\" itemprop=\"image\" loading=\"lazy\"><\/div>\n<div class=\"saboxplugin-desc\" readability=\"6.5\">\n<div itemprop=\"description\" readability=\"8\">\n<p>Este articulo fue escrito por la redacci\u00f3n de Punto a Punto. Seguinos en todas nuestras redes sociales<\/p>\n<\/div>\n<\/div>\n<\/div>\n","protected":false},"excerpt":{"rendered":"<p>En el marco del Plan Estrat\u00e9gico para desarrollar la Econom\u00eda del Conocimiento, La Calera present\u00f3 una bater\u00eda de medidas que se suman a nuevas propuestas de formaci\u00f3n y capacitaci\u00f3n destinadas a consolidar a dicha localidad como ciudad del Conocimiento. Desde esta localidad del Departamento Col\u00f3n, se anunci\u00f3 la sanci\u00f3n de la Ordenanza por la cual [&hellip;]<\/p>\n","protected":false},"author":1,"featured_media":10252,"comment_status":"closed","ping_status":"closed","sticky":false,"template":"","format":"standard","meta":[],"categories":[25],"tags":[],"_links":{"self":[{"href":"http:\/\/cordobadirecto.com\/index.php\/wp-json\/wp\/v2\/posts\/10251"}],"collection":[{"href":"http:\/\/cordobadirecto.com\/index.php\/wp-json\/wp\/v2\/posts"}],"about":[{"href":"http:\/\/cordobadirecto.com\/index.php\/wp-json\/wp\/v2\/types\/post"}],"author":[{"embeddable":true,"href":"http:\/\/cordobadirecto.com\/index.php\/wp-json\/wp\/v2\/users\/1"}],"replies":[{"embeddable":true,"href":"http:\/\/cordobadirecto.com\/index.php\/wp-json\/wp\/v2\/comments?post=10251"}],"version-history":[{"count":0,"href":"http:\/\/cordobadirecto.com\/index.php\/wp-json\/wp\/v2\/posts\/10251\/revisions"}],"wp:featuredmedia":[{"embeddable":true,"href":"http:\/\/cordobadirecto.com\/index.php\/wp-json\/wp\/v2\/media\/10252"}],"wp:attachment":[{"href":"http:\/\/cordobadirecto.com\/index.php\/wp-json\/wp\/v2\/media?parent=10251"}],"wp:term":[{"taxonomy":"category","embeddable":true,"href":"http:\/\/cordobadirecto.com\/index.php\/wp-json\/wp\/v2\/categories?post=10251"},{"taxonomy":"post_tag","embeddable":true,"href":"http:\/\/cordobadirecto.com\/index.php\/wp-json\/wp\/v2\/tags?post=10251"}],"curies":[{"name":"wp","href":"https:\/\/api.w.org\/{rel}","templated":true}]}}