{"id":10257,"date":"2021-07-11T05:50:06","date_gmt":"2021-07-11T05:50:06","guid":{"rendered":"https:\/\/www.bbc.com\/mundo\/noticias-57749185"},"modified":"2021-07-11T05:50:06","modified_gmt":"2021-07-11T05:50:06","slug":"5-cosas-que-quizas-no-sabes-sobre-la-historia-de-la-bastilla-y-su-toma-el-evento-que-cambio-a-europa-para-siempre","status":"publish","type":"post","link":"http:\/\/cordobadirecto.com\/index.php\/2021\/07\/11\/5-cosas-que-quizas-no-sabes-sobre-la-historia-de-la-bastilla-y-su-toma-el-evento-que-cambio-a-europa-para-siempre\/","title":{"rendered":"5 cosas que quiz\u00e1s no sabes sobre la historia de la Bastilla y su toma, el evento que cambi\u00f3 a Europa para siempre"},"content":{"rendered":"<div dir=\"ltr\" class=\"e1j2237y5 bbc-q4ibpr e57qer20\">\n<div class=\"bbc-1atl7vu e1c9i7u14\">\n<ul role=\"list\" class=\"bbc-cdrraw e1c9i7u12\">\n<li role=\"listitem\" class=\"bbc-1a3w4ok e1c9i7u11\">Norberto Paredes @norbertparedes<\/li>\n<li role=\"listitem\" class=\"bbc-1p92jtu e1c9i7u10\">BBC News Mundo<\/li>\n<\/ul>\n<\/div>\n<\/div>\n<p><time datetime=\"2021-07-11\" class=\"bbc-14xtggo e4zesg50\">7 horas<\/time><\/p>\n<div dir=\"ltr\" class=\"bbc-1ka88fa e57qer20\">\n<figure class=\"bbc-1qdcvv9 e6bmn90\">\n<div dir=\"ltr\" class=\"bbc-172p16q e57qer20\">\n<div dir=\"ltr\" class=\"bbc-189y18v e57qer20\" readability=\"6.5\">\n<div data-e2e=\"image-placeholder\" class=\"bbc-1k5hvrj e1whu0\" readability=\"8\"><img srcset=\"http:\/\/cordobadirecto.com\/wp-content\/uploads\/2021\/07\/5-cosas-que-quizas-no-sabes-sobre-la-historia-de-la-bastilla-y-su-toma-el-evento-que-cambio-a-europa-para-siempre-7.jpg 240w, http:\/\/cordobadirecto.com\/wp-content\/uploads\/2021\/07\/5-cosas-que-quizas-no-sabes-sobre-la-historia-de-la-bastilla-y-su-toma-el-evento-que-cambio-a-europa-para-siempre-8.jpg 320w, http:\/\/cordobadirecto.com\/wp-content\/uploads\/2021\/07\/5-cosas-que-quizas-no-sabes-sobre-la-historia-de-la-bastilla-y-su-toma-el-evento-que-cambio-a-europa-para-siempre-9.jpg 480w, http:\/\/cordobadirecto.com\/wp-content\/uploads\/2021\/07\/5-cosas-que-quizas-no-sabes-sobre-la-historia-de-la-bastilla-y-su-toma-el-evento-que-cambio-a-europa-para-siempre-10.jpg 624w, http:\/\/cordobadirecto.com\/wp-content\/uploads\/2021\/07\/5-cosas-que-quizas-no-sabes-sobre-la-historia-de-la-bastilla-y-su-toma-el-evento-que-cambio-a-europa-para-siempre-11.jpg 800w\" alt=\"Torre Eiffel.\" src=\"http:\/\/cordobadirecto.com\/wp-content\/uploads\/2021\/07\/5-cosas-que-quizas-no-sabes-sobre-la-historia-de-la-bastilla-y-su-toma-el-evento-que-cambio-a-europa-para-siempre.jpg\" width=\"976\" class=\"bbc-fat2bc e1enwo3v0\"><\/p>\n<p role=\"text\" class=\"bbc-1s1cxbv etq3yw90\"><span class=\"bbc-1gnhmg2 e1yt7oin0\">Fuente de la imagen, <\/span><span lang=\"en-GB\">Getty Images<\/span><\/p>\n<\/div>\n<\/div>\n<\/div>\n<\/figure>\n<\/div>\n<div dir=\"ltr\" class=\"bbc-19j92fr e57qer20\" readability=\"8\">\n<p dir=\"ltr\" class=\"bbc-bm53ic e1cc2ql70\"><b>Cada 14 de julio muchos franceses desempolvan su bandera tricolor y salen a las calles para celebrar el que consideran el d\u00eda m\u00e1s importante del a\u00f1o. <\/b><\/p>\n<\/div>\n<div dir=\"ltr\" class=\"bbc-19j92fr e57qer20\" readability=\"12\">\n<p dir=\"ltr\" class=\"bbc-bm53ic e1cc2ql70\">En la ma\u00f1ana se organiza un pomposo desfile militar sobre la c\u00e9lebre avenida de los Champs Elys\u00e9es y m\u00e1s tarde, con la puesta del sol, la torre Eiffel ofrece un espect\u00e1culo de fuegos artificiales sincronizados con una mezcla de m\u00fasica cl\u00e1sica y <i class=\"bbc-h1y5j7 ewc4zcb0\">hits <\/i>del momento que los parisinos observan con botellas de champ\u00e1n desde todos los rincones de la ciudad. <\/p>\n<\/div>\n<div dir=\"ltr\" class=\"bbc-19j92fr e57qer20\" readability=\"10\">\n<p dir=\"ltr\" class=\"bbc-bm53ic e1cc2ql70\">Sin embargo, el <i class=\"bbc-h1y5j7 ewc4zcb0\">14 juillet <\/i>tiene su origen en un evento un poco menos festivo: la inesperada y violenta toma de una fortaleza medieval conocida como la Bastilla hace m\u00e1s de dos siglos, en 1789. <\/p>\n<\/div>\n<div dir=\"ltr\" class=\"bbc-19j92fr e57qer20\" readability=\"9\">\n<p dir=\"ltr\" class=\"bbc-bm53ic e1cc2ql70\">Fue un momento decisivo en la historia universal, que <b>marc\u00f3 el inicio de la Revoluci\u00f3n <\/b><b>f<\/b><b>rancesa y con ella el principio del fin de una de las monarqu\u00edas m\u00e1s poderosas de la \u00e9poca<\/b>. <\/p>\n<\/div>\n<div dir=\"ltr\" class=\"bbc-19j92fr e57qer20\" readability=\"11\">\n<p dir=\"ltr\" class=\"bbc-bm53ic e1cc2ql70\">Asimismo gener\u00f3 cambios en las sociedades europeas y en todo el mundo, sirvi\u00e9ndoles de inspiraci\u00f3n a muchas otras iniciativas revolucionarias, como la ola independentista que comenzar\u00eda un par de d\u00e9cadas m\u00e1s tarde en Am\u00e9rica Latina. <\/p>\n<\/div>\n<div dir=\"ltr\" class=\"bbc-19j92fr e57qer20\" readability=\"7\">\n<p dir=\"ltr\" class=\"bbc-bm53ic e1cc2ql70\">En este art\u00edculo te contamos cinco cosas que quiz\u00e1 no sab\u00edas de este evento. <\/p>\n<\/div>\n<p><h2 id=\"1-El-gran-detonante\" tabindex=\"-1\" class=\"bbc-l3e97o e14hemmw0\">1. El gran detonante<\/h2>\n<\/p>\n<div dir=\"ltr\" class=\"bbc-19j92fr e57qer20\">\n<figure class=\"bbc-1qdcvv9 e6bmn90\">\n<div dir=\"ltr\" class=\"bbc-37mmq3 e57qer20\">\n<div dir=\"ltr\" class=\"bbc-189y18v e57qer20\" readability=\"6.5\">\n<div data-e2e=\"image-placeholder\" class=\"bbc-zt0c33 e1whu0\" readability=\"8\"><noscript><img srcset=\"http:\/\/cordobadirecto.com\/wp-content\/uploads\/2021\/07\/5-cosas-que-quizas-no-sabes-sobre-la-historia-de-la-bastilla-y-su-toma-el-evento-que-cambio-a-europa-para-siempre-12.jpg 240w, http:\/\/cordobadirecto.com\/wp-content\/uploads\/2021\/07\/5-cosas-que-quizas-no-sabes-sobre-la-historia-de-la-bastilla-y-su-toma-el-evento-que-cambio-a-europa-para-siempre-13.jpg 320w, http:\/\/cordobadirecto.com\/wp-content\/uploads\/2021\/07\/5-cosas-que-quizas-no-sabes-sobre-la-historia-de-la-bastilla-y-su-toma-el-evento-que-cambio-a-europa-para-siempre-14.jpg 480w, http:\/\/cordobadirecto.com\/wp-content\/uploads\/2021\/07\/5-cosas-que-quizas-no-sabes-sobre-la-historia-de-la-bastilla-y-su-toma-el-evento-que-cambio-a-europa-para-siempre-15.jpg 549w\" alt=\"Jacques Necker.\" src=\"http:\/\/cordobadirecto.com\/wp-content\/uploads\/2021\/07\/5-cosas-que-quizas-no-sabes-sobre-la-historia-de-la-bastilla-y-su-toma-el-evento-que-cambio-a-europa-para-siempre-1.jpg\" width=\"549\" class=\"bbc-fat2bc e1enwo3v0\"><\/noscript><\/p>\n<p role=\"text\" class=\"bbc-1s1cxbv etq3yw90\"><span class=\"bbc-1gnhmg2 e1yt7oin0\">Fuente de la imagen, <\/span><span lang=\"en-GB\">Getty Images<\/span><\/p>\n<\/div>\n<\/div>\n<div dir=\"ltr\" class=\"bbc-3edg7g e57qer20\"><figcaption dir=\"ltr\" class=\"bbc-1t9zlwf eede9f50\"><span class=\"bbc-1gnhmg2 e1yt7oin0\">Pie de foto, <\/span><\/p>\n<p>Jacques Necker.<\/p>\n<\/figcaption><\/div>\n<\/div>\n<\/figure>\n<\/div>\n<div dir=\"ltr\" class=\"bbc-19j92fr e57qer20\" readability=\"9\">\n<p dir=\"ltr\" class=\"bbc-bm53ic e1cc2ql70\">El 25 de agosto de 1788 <b>Jacques Necker<\/b> fue designado ministro de Finanzas del rey Luis XVI, pero su destituci\u00f3n casi un a\u00f1o despu\u00e9s provoc\u00f3 descontento y anim\u00f3 a los parisinos a tomar las armas.<\/p>\n<\/div>\n<div dir=\"ltr\" class=\"bbc-19j92fr e57qer20\" readability=\"9\">\n<p dir=\"ltr\" class=\"bbc-bm53ic e1cc2ql70\">A principios de 1789, Francia atravesaba una gran crisis financiera causada por la enorme deuda del pa\u00eds y el incesante gasto de la monarqu\u00eda en conflictos con Inglaterra. <\/p>\n<\/div>\n<div dir=\"ltr\" class=\"bbc-19j92fr e57qer20\" readability=\"11\">\n<p dir=\"ltr\" class=\"bbc-bm53ic e1cc2ql70\">Para hacerle frente, el rey convoc\u00f3 en mayo una asamblea general extraordinaria en Versalles con representantes de los tres estratos de la sociedad francesa de la \u00e9poca: <b>el clero, la nobleza <\/b>y <b>el pueblo llano<\/b> o tercer estado. <\/p>\n<\/div>\n<div dir=\"ltr\" class=\"bbc-19j92fr e57qer20\" readability=\"10\">\n<p dir=\"ltr\" class=\"bbc-bm53ic e1cc2ql70\">Los ingresos del tercer estado, la clase menos privilegiada, se hab\u00edan visto disminuidos tras un alza de impuestos cuyo objetivo era ayudar a aliviar la deuda. <\/p>\n<\/div>\n<div dir=\"ltr\" class=\"bbc-19j92fr e57qer20\" readability=\"11\">\n<p dir=\"ltr\" class=\"bbc-bm53ic e1cc2ql70\">En aquella asamblea, Necker se mostr\u00f3 favorable a la idea de darle al tercer estado una representaci\u00f3n acorde a su importancia demogr\u00e1fica, oponi\u00e9ndose a que las tres \u00f3rdenes tuvieran una voz igualitaria. <\/p>\n<\/div>\n<div dir=\"ltr\" class=\"bbc-19j92fr e57qer20\" readability=\"10\">\n<p dir=\"ltr\" class=\"bbc-bm53ic e1cc2ql70\">Esta propuesta no les gust\u00f3 ni a la nobleza ni al clero, minoritarios pero muy poderosos, y la consideraron una traici\u00f3n. <\/p>\n<\/div>\n<div dir=\"ltr\" class=\"bbc-19j92fr e57qer20\" readability=\"8\">\n<p dir=\"ltr\" class=\"bbc-bm53ic e1cc2ql70\">Por eso, el rey Luis XVI decidi\u00f3 despedirlo el<b> 11 de julio<\/b>. <\/p>\n<\/div>\n<div dir=\"ltr\" class=\"bbc-19j92fr e57qer20\" readability=\"8\">\n<p dir=\"ltr\" class=\"bbc-bm53ic e1cc2ql70\">La noticia de su salida encendi\u00f3 las calles de Par\u00eds. El pueblo lo ve\u00eda como el \u00fanico consejero que pensaba en ellos y tem\u00eda las consecuencias de perder a un &#8220;ministro patriota&#8221;. <\/p>\n<\/div>\n<div dir=\"ltr\" class=\"bbc-19j92fr e57qer20\" readability=\"9\">\n<p dir=\"ltr\" class=\"bbc-bm53ic e1cc2ql70\">El periodista revolucionario Camille Desmoulins invit\u00f3 el d\u00eda siguiente a los parisinos a protestar frente al Palacio Real, pero fueron dispersados con fuerza.<\/p>\n<\/div>\n<div dir=\"ltr\" class=\"bbc-19j92fr e57qer20\" readability=\"10\">\n<p dir=\"ltr\" class=\"bbc-bm53ic e1cc2ql70\">Y esto irrit\u00f3 aun m\u00e1s a los franceses. En los d\u00edas posteriores la capital vivi\u00f3 violentos saqueos, hasta que el 14 de julio los revolucionarios decidieron tomar las armas y se dirigieron a la fortaleza de la Bastilla. <\/p>\n<\/div>\n<div dir=\"ltr\" class=\"bbc-19j92fr e57qer20\" readability=\"7\">\n<p dir=\"ltr\" class=\"bbc-bm53ic e1cc2ql70\">Poco sab\u00edan que ese d\u00eda comenzar\u00eda una gran revoluci\u00f3n. <\/p>\n<\/div>\n<p><h2 id=\"2-S\u00f3lo-albergaba-7-prisioneros\" tabindex=\"-1\" class=\"bbc-l3e97o e14hemmw0\">2. S\u00f3lo albergaba 7 prisioneros<\/h2>\n<\/p>\n<div dir=\"ltr\" class=\"bbc-1ka88fa e57qer20\">\n<figure class=\"bbc-1qdcvv9 e6bmn90\">\n<div dir=\"ltr\" class=\"bbc-172p16q e57qer20\">\n<div dir=\"ltr\" class=\"bbc-189y18v e57qer20\" readability=\"6.5\">\n<div data-e2e=\"image-placeholder\" class=\"bbc-1k5hvrj e1whu0\" readability=\"8\"><noscript><img srcset=\"http:\/\/cordobadirecto.com\/wp-content\/uploads\/2021\/07\/5-cosas-que-quizas-no-sabes-sobre-la-historia-de-la-bastilla-y-su-toma-el-evento-que-cambio-a-europa-para-siempre-16.jpg 240w, http:\/\/cordobadirecto.com\/wp-content\/uploads\/2021\/07\/5-cosas-que-quizas-no-sabes-sobre-la-historia-de-la-bastilla-y-su-toma-el-evento-que-cambio-a-europa-para-siempre-17.jpg 320w, http:\/\/cordobadirecto.com\/wp-content\/uploads\/2021\/07\/5-cosas-que-quizas-no-sabes-sobre-la-historia-de-la-bastilla-y-su-toma-el-evento-que-cambio-a-europa-para-siempre-18.jpg 480w, http:\/\/cordobadirecto.com\/wp-content\/uploads\/2021\/07\/5-cosas-que-quizas-no-sabes-sobre-la-historia-de-la-bastilla-y-su-toma-el-evento-que-cambio-a-europa-para-siempre-19.jpg 624w, http:\/\/cordobadirecto.com\/wp-content\/uploads\/2021\/07\/5-cosas-que-quizas-no-sabes-sobre-la-historia-de-la-bastilla-y-su-toma-el-evento-que-cambio-a-europa-para-siempre-20.jpg 800w\" alt=\"Reproducci\u00f3n digital del edificio.\" src=\"http:\/\/cordobadirecto.com\/wp-content\/uploads\/2021\/07\/5-cosas-que-quizas-no-sabes-sobre-la-historia-de-la-bastilla-y-su-toma-el-evento-que-cambio-a-europa-para-siempre-2.jpg\" width=\"976\" class=\"bbc-fat2bc e1enwo3v0\"><\/noscript><\/p>\n<p role=\"text\" class=\"bbc-1s1cxbv etq3yw90\"><span class=\"bbc-1gnhmg2 e1yt7oin0\">Fuente de la imagen, <\/span><span lang=\"en-GB\">Getty Images<\/span><\/p>\n<\/div>\n<\/div>\n<div dir=\"ltr\" class=\"bbc-3edg7g e57qer20\" readability=\"6\"><figcaption dir=\"ltr\" class=\"bbc-1t9zlwf eede9f50\" readability=\"2\"><span class=\"bbc-1gnhmg2 e1yt7oin0\">Pie de foto, <\/span><\/p>\n<p>La Bastilla era un s\u00edmbolo de tiran\u00eda y opresi\u00f3n de la monarqu\u00eda absoluta de Luis XVI.<\/p>\n<\/figcaption><\/div>\n<\/div>\n<\/figure>\n<\/div>\n<div dir=\"ltr\" class=\"bbc-19j92fr e57qer20\" readability=\"9\">\n<p dir=\"ltr\" class=\"bbc-bm53ic e1cc2ql70\">Desde el siglo XIV la Bastilla hab\u00eda sido una de las c\u00e1rceles favoritas de los reyes, aunque en los a\u00f1os anteriores a su asalto estaba ya en decadencia.<\/p>\n<\/div>\n<div dir=\"ltr\" class=\"bbc-19j92fr e57qer20\" readability=\"8\">\n<p dir=\"ltr\" class=\"bbc-bm53ic e1cc2ql70\">Tanto era as\u00ed que la monarqu\u00eda hab\u00eda considerado cerrarla y aquel 14 de julio la fortaleza medieval s\u00f3lo albergaba siete prisioneros.<\/p>\n<\/div>\n<div dir=\"ltr\" class=\"bbc-19j92fr e57qer20\" readability=\"8\">\n<p dir=\"ltr\" class=\"bbc-bm53ic e1cc2ql70\">Cuatro eran <b>delicuentes <\/b>menores que se encontraban all\u00ed mientras se procesaban las denuncias presentadas en su contra por falsificaci\u00f3n de letras de cambio.<\/p>\n<\/div>\n<div dir=\"ltr\" class=\"bbc-19j92fr e57qer20\" readability=\"14\">\n<p dir=\"ltr\" class=\"bbc-bm53ic e1cc2ql70\">Sus nombres eran Jean La Corr\u00e8ge, Jean B\u00e9chade, Bernard Laroche, tambi\u00e9n conocido como Beausablon, y Jean-Antoine Pujade. Poco despu\u00e9s de ser liberados por los revolucionarios, las autoridades los atrapar\u00edan y los enviar\u00edan a otra prisi\u00f3n. <\/p>\n<\/div>\n<div dir=\"ltr\" class=\"bbc-19j92fr e57qer20\" readability=\"10\">\n<p dir=\"ltr\" class=\"bbc-bm53ic e1cc2ql70\">Entre los reclusos tambi\u00e9n estaba Hubert, conde de Solages, que hab\u00eda sido encarcelado a pedido de su familia por &#8220;cr\u00edmenes atroces&#8221; y una &#8220;acci\u00f3n monstruosa&#8221;. <\/p>\n<\/div>\n<div dir=\"ltr\" class=\"bbc-19j92fr e57qer20\" readability=\"8\">\n<p dir=\"ltr\" class=\"bbc-bm53ic e1cc2ql70\">Se dec\u00eda que \u00e9l y su hermana Pauline hab\u00edan <b>cometido incesto<\/b> y que su familia pagaba peri\u00f3dicamente una suma de dinero para asegurarse de que no fuera liberado.<\/p>\n<\/div>\n<div dir=\"ltr\" class=\"bbc-19j92fr e57qer20\" readability=\"13\">\n<p dir=\"ltr\" class=\"bbc-bm53ic e1cc2ql70\">Los \u00faltimos dos presos de la Bastilla eran James Francis Xavier Whyte, conde de Malleville, y Auguste-Claude Tavernier, quienes tambi\u00e9n hab\u00edan sido puestos bajo llave a pedido de sus respectivas familias, que alegaban que <b>estaban dementes<\/b>. <\/p>\n<\/div>\n<p><h2 id=\"3-Voltaire-estuvo-preso-en-la-Bastilla-\" tabindex=\"-1\" class=\"bbc-l3e97o e14hemmw0\">3. Voltaire estuvo preso en la Bastilla <\/h2>\n<\/p>\n<div dir=\"ltr\" class=\"ek1plzs1 bbc-9m7iam e57qer20\">\n<figure class=\"bbc-1qdcvv9 e6bmn90\">\n<div dir=\"ltr\" class=\"bbc-vx18wi e57qer20\">\n<div dir=\"ltr\" class=\"bbc-rprdln e57qer20\" readability=\"6.5\">\n<div data-e2e=\"image-placeholder\" class=\"bbc-1ve91qc e1whu0\" readability=\"8\"><noscript><img srcset=\"http:\/\/cordobadirecto.com\/wp-content\/uploads\/2021\/07\/5-cosas-que-quizas-no-sabes-sobre-la-historia-de-la-bastilla-y-su-toma-el-evento-que-cambio-a-europa-para-siempre-21.jpg 240w, http:\/\/cordobadirecto.com\/wp-content\/uploads\/2021\/07\/5-cosas-que-quizas-no-sabes-sobre-la-historia-de-la-bastilla-y-su-toma-el-evento-que-cambio-a-europa-para-siempre-22.jpg 320w, http:\/\/cordobadirecto.com\/wp-content\/uploads\/2021\/07\/5-cosas-que-quizas-no-sabes-sobre-la-historia-de-la-bastilla-y-su-toma-el-evento-que-cambio-a-europa-para-siempre-23.jpg 412w\" alt=\"Voltaire.\" src=\"http:\/\/cordobadirecto.com\/wp-content\/uploads\/2021\/07\/5-cosas-que-quizas-no-sabes-sobre-la-historia-de-la-bastilla-y-su-toma-el-evento-que-cambio-a-europa-para-siempre-3.jpg\" width=\"412\" class=\"bbc-fat2bc e1enwo3v0\"><\/noscript><\/p>\n<p role=\"text\" class=\"bbc-1s1cxbv etq3yw90\"><span class=\"bbc-1gnhmg2 e1yt7oin0\">Fuente de la imagen, <\/span><span lang=\"en-GB\">Getty Images<\/span><\/p>\n<\/div>\n<\/div>\n<div dir=\"ltr\" class=\"bbc-3edg7g e57qer20\"><figcaption dir=\"ltr\" class=\"bbc-1t9zlwf eede9f50\"><span class=\"bbc-1gnhmg2 e1yt7oin0\">Pie de foto, <\/span><\/p>\n<p>Voltaire.<\/p>\n<\/figcaption><\/div>\n<\/div>\n<\/figure>\n<\/div>\n<div dir=\"ltr\" class=\"bbc-19j92fr e57qer20\" readability=\"8\">\n<p dir=\"ltr\" class=\"bbc-bm53ic e1cc2ql70\">Y no una, sino dos veces. <\/p>\n<\/div>\n<div dir=\"ltr\" class=\"bbc-19j92fr e57qer20\" readability=\"11\">\n<p dir=\"ltr\" class=\"bbc-bm53ic e1cc2ql70\">Con apenas 23 a\u00f1os, el escritor y fil\u00f3sofo franc\u00e9s Fran\u00e7ois-Marie Arouet, mejor conocido como Voltaire, fue enviado a la Bastilla en 1717 por orden de la monarqu\u00eda. <\/p>\n<\/div>\n<div dir=\"ltr\" class=\"bbc-19j92fr e57qer20\" readability=\"9\">\n<p dir=\"ltr\" class=\"bbc-bm53ic e1cc2ql70\">Hab\u00eda escrito <b>versos sat\u00edricos<\/b> sobre una supuesta historia amorosa entre el duque Felipe II de Orleans y una de sus hijas, y le fue impuesta una pena de 11 meses de prisi\u00f3n.<\/p>\n<\/div>\n<div dir=\"ltr\" class=\"bbc-19j92fr e57qer20\" readability=\"9\">\n<p dir=\"ltr\" class=\"bbc-bm53ic e1cc2ql70\">Marcado por su paso por la c\u00e1rcel, a su salida adopt\u00f3 el seud\u00f3nimo de Voltaire y se dedic\u00f3 a escribir poes\u00eda y otro tipo de textos.<\/p>\n<\/div>\n<div dir=\"ltr\" class=\"bbc-19j92fr e57qer20\" readability=\"9\">\n<p dir=\"ltr\" class=\"bbc-bm53ic e1cc2ql70\">Pero en 1726 regres\u00f3 al recinto por dos semanas tras haber tenido un peque\u00f1o altercado con el caballero Guy-Auguste de Rohan-Chabot, conocido por su arrogancia. <\/p>\n<\/div>\n<div dir=\"ltr\" class=\"bbc-19j92fr e57qer20\" readability=\"8\">\n<p dir=\"ltr\" class=\"bbc-bm53ic e1cc2ql70\">La poderosa familia de Rohan-Chabot obtuvo <b>una orden del rey<\/b> y envi\u00f3 a la c\u00e1rcel a Voltaire como represalia.<\/p>\n<\/div>\n<div dir=\"ltr\" class=\"bbc-19j92fr e57qer20\" readability=\"9\">\n<p dir=\"ltr\" class=\"bbc-bm53ic e1cc2ql70\">Luego de tal humillaci\u00f3n, el ahora c\u00e9lebre escritor fue obligado a exiliarse en Inglaterra por dos a\u00f1os. <\/p>\n<\/div>\n<p><h2 id=\"4-Alberg\u00f3-la-guillotina-de-Par\u00eds\" tabindex=\"-1\" class=\"bbc-l3e97o e14hemmw0\">4. Alberg\u00f3 la guillotina de Par\u00eds<\/h2>\n<\/p>\n<div dir=\"ltr\" class=\"bbc-1ka88fa e57qer20\">\n<figure class=\"bbc-1qdcvv9 e6bmn90\">\n<div dir=\"ltr\" class=\"bbc-172p16q e57qer20\">\n<div dir=\"ltr\" class=\"bbc-189y18v e57qer20\" readability=\"6.5\">\n<div data-e2e=\"image-placeholder\" class=\"bbc-1k5hvrj e1whu0\" readability=\"8\"><noscript><img srcset=\"http:\/\/cordobadirecto.com\/wp-content\/uploads\/2021\/07\/5-cosas-que-quizas-no-sabes-sobre-la-historia-de-la-bastilla-y-su-toma-el-evento-que-cambio-a-europa-para-siempre-24.jpg 240w, http:\/\/cordobadirecto.com\/wp-content\/uploads\/2021\/07\/5-cosas-que-quizas-no-sabes-sobre-la-historia-de-la-bastilla-y-su-toma-el-evento-que-cambio-a-europa-para-siempre-25.jpg 320w, http:\/\/cordobadirecto.com\/wp-content\/uploads\/2021\/07\/5-cosas-que-quizas-no-sabes-sobre-la-historia-de-la-bastilla-y-su-toma-el-evento-que-cambio-a-europa-para-siempre-26.jpg 480w, http:\/\/cordobadirecto.com\/wp-content\/uploads\/2021\/07\/5-cosas-que-quizas-no-sabes-sobre-la-historia-de-la-bastilla-y-su-toma-el-evento-que-cambio-a-europa-para-siempre-27.jpg 624w, http:\/\/cordobadirecto.com\/wp-content\/uploads\/2021\/07\/5-cosas-que-quizas-no-sabes-sobre-la-historia-de-la-bastilla-y-su-toma-el-evento-que-cambio-a-europa-para-siempre-28.jpg 800w\" alt=\"La guillotina francesa\" src=\"http:\/\/cordobadirecto.com\/wp-content\/uploads\/2021\/07\/5-cosas-que-quizas-no-sabes-sobre-la-historia-de-la-bastilla-y-su-toma-el-evento-que-cambio-a-europa-para-siempre-4.jpg\" width=\"976\" class=\"bbc-fat2bc e1enwo3v0\"><\/noscript><\/p>\n<p role=\"text\" class=\"bbc-1s1cxbv etq3yw90\"><span class=\"bbc-1gnhmg2 e1yt7oin0\">Fuente de la imagen, <\/span><span lang=\"en-GB\">Getty Images<\/span><\/p>\n<\/div>\n<\/div>\n<div dir=\"ltr\" class=\"bbc-3edg7g e57qer20\" readability=\"6\"><figcaption dir=\"ltr\" class=\"bbc-1t9zlwf eede9f50\" readability=\"2\"><span class=\"bbc-1gnhmg2 e1yt7oin0\">Pie de foto, <\/span><\/p>\n<p>La guillotina francesa fue ideada por Joseph Ignace Guillotin.<\/p>\n<\/figcaption><\/div>\n<\/div>\n<\/figure>\n<\/div>\n<div dir=\"ltr\" class=\"bbc-19j92fr e57qer20\" readability=\"11\">\n<p dir=\"ltr\" class=\"bbc-bm53ic e1cc2ql70\">Inmediatamente despu\u00e9s de su toma, un tal Pierre-Fran\u00e7ois Palloy, maestro alba\u00f1il y contratista de obras, tom\u00f3 la iniciativa de organizar y supervisar la <b>destrucci\u00f3n de la Bastilla<\/b>.<\/p>\n<\/div>\n<div dir=\"ltr\" class=\"bbc-19j92fr e57qer20\" readability=\"10\">\n<p dir=\"ltr\" class=\"bbc-bm53ic e1cc2ql70\">As\u00ed trascendi\u00f3 como una de las figuras m\u00e1s destacadas del inicio de la Revoluci\u00f3n francesa y esa misma noche, con la ayuda de unos 400 trabajadores, comenzaron las obras de demolici\u00f3n. <\/p>\n<\/div>\n<div dir=\"ltr\" class=\"bbc-19j92fr e57qer20\" readability=\"12\">\n<p dir=\"ltr\" class=\"bbc-bm53ic e1cc2ql70\">Un par de meses despu\u00e9s, el secretario de la Asamblea Nacional Constituyente, Joseph Ignace Guillotin, propuso un proyecto de reforma para hacer que las infracciones de cierta naturaleza fueran &#8220;castigadas con la misma clase de penas&#8221;.<\/p>\n<\/div>\n<div dir=\"ltr\" class=\"bbc-19j92fr e57qer20\" readability=\"7\">\n<p dir=\"ltr\" class=\"bbc-bm53ic e1cc2ql70\">Y propuso el uso de un <b>dispositivo mec\u00e1nico para las penas de muerte<\/b>. <\/p>\n<\/div>\n<div dir=\"ltr\" class=\"bbc-19j92fr e57qer20\" readability=\"8\">\n<p dir=\"ltr\" class=\"bbc-bm53ic e1cc2ql70\">As\u00ed naci\u00f3 la guillotina francesa en la que morir\u00edan la reina Mar\u00eda Antonieta y el rey a\u00f1os m\u00e1s tarde. <\/p>\n<\/div>\n<div dir=\"ltr\" class=\"bbc-19j92fr e57qer20\" readability=\"15\">\n<p dir=\"ltr\" class=\"bbc-bm53ic e1cc2ql70\">A lo largo de la Revoluci\u00f3n francesa, el artefacto fue instalado en varias plazas parisinas, como la plaza de la Revoluci\u00f3n en 1793 y 1794 (hoy plaza de la Concordia), en donde fue decapitada la familia real francesa, y la plaza de la Bastilla en junio de 1794, en donde <b>ya no quedaba ni rastro<\/b> de la antigua construcci\u00f3n medieval. <\/p>\n<\/div>\n<p><h2 id=\"5-La-toma-no-es-\u00fanicamente-lo-que-se-conmemora\" tabindex=\"-1\" class=\"bbc-l3e97o e14hemmw0\">5. La toma no es \u00fanicamente lo que se conmemora<\/h2>\n<\/p>\n<div dir=\"ltr\" class=\"bbc-1ka88fa e57qer20\">\n<figure class=\"bbc-1qdcvv9 e6bmn90\">\n<div dir=\"ltr\" class=\"bbc-172p16q e57qer20\">\n<div dir=\"ltr\" class=\"bbc-189y18v e57qer20\" readability=\"6.5\">\n<div data-e2e=\"image-placeholder\" class=\"bbc-1k5hvrj e1whu0\" readability=\"8\"><noscript><img srcset=\"http:\/\/cordobadirecto.com\/wp-content\/uploads\/2021\/07\/5-cosas-que-quizas-no-sabes-sobre-la-historia-de-la-bastilla-y-su-toma-el-evento-que-cambio-a-europa-para-siempre-29.jpg 240w, http:\/\/cordobadirecto.com\/wp-content\/uploads\/2021\/07\/5-cosas-que-quizas-no-sabes-sobre-la-historia-de-la-bastilla-y-su-toma-el-evento-que-cambio-a-europa-para-siempre-30.jpg 320w, http:\/\/cordobadirecto.com\/wp-content\/uploads\/2021\/07\/5-cosas-que-quizas-no-sabes-sobre-la-historia-de-la-bastilla-y-su-toma-el-evento-que-cambio-a-europa-para-siempre-31.jpg 480w, http:\/\/cordobadirecto.com\/wp-content\/uploads\/2021\/07\/5-cosas-que-quizas-no-sabes-sobre-la-historia-de-la-bastilla-y-su-toma-el-evento-que-cambio-a-europa-para-siempre-32.jpg 624w, http:\/\/cordobadirecto.com\/wp-content\/uploads\/2021\/07\/5-cosas-que-quizas-no-sabes-sobre-la-historia-de-la-bastilla-y-su-toma-el-evento-que-cambio-a-europa-para-siempre-33.jpg 800w\" alt=\"Fiesta de la Federaci\u00f3n\" src=\"http:\/\/cordobadirecto.com\/wp-content\/uploads\/2021\/07\/5-cosas-que-quizas-no-sabes-sobre-la-historia-de-la-bastilla-y-su-toma-el-evento-que-cambio-a-europa-para-siempre-5.jpg\" width=\"976\" class=\"bbc-fat2bc e1enwo3v0\"><\/noscript><\/p>\n<p role=\"text\" class=\"bbc-1s1cxbv etq3yw90\"><span class=\"bbc-1gnhmg2 e1yt7oin0\">Fuente de la imagen, <\/span><span lang=\"en-GB\">Getty Images<\/span><\/p>\n<\/div>\n<\/div>\n<div dir=\"ltr\" class=\"bbc-3edg7g e57qer20\" readability=\"6.5\"><figcaption dir=\"ltr\" class=\"bbc-1t9zlwf eede9f50\" readability=\"3\"><span class=\"bbc-1gnhmg2 e1yt7oin0\">Pie de foto, <\/span><\/p>\n<p>Fiesta de la Federaci\u00f3n, 14 de julio de 1790.<\/p>\n<\/figcaption><\/div>\n<\/div>\n<\/figure>\n<\/div>\n<div dir=\"ltr\" class=\"bbc-19j92fr e57qer20\" readability=\"7\">\n<p dir=\"ltr\" class=\"bbc-bm53ic e1cc2ql70\">El 14 de julio es una fecha doblemente simb\u00f3lica. <\/p>\n<\/div>\n<div dir=\"ltr\" class=\"bbc-19j92fr e57qer20\" readability=\"10\">\n<p dir=\"ltr\" class=\"bbc-bm53ic e1cc2ql70\">Los franceses tambi\u00e9n recuerdan la<b> Fiesta <\/b><b>de la Federaci\u00f3n<\/b>, una celebraci\u00f3n conmemorativa que tuvo lugar exactamente un a\u00f1o despu\u00e9s de la toma de la Bastilla y que trascendi\u00f3 como un s\u00edmbolo de la unidad de la naci\u00f3n francesa.<\/p>\n<\/div>\n<div dir=\"ltr\" class=\"bbc-19j92fr e57qer20\" readability=\"13\">\n<p dir=\"ltr\" class=\"bbc-bm53ic e1cc2ql70\">Bajo una intensa lluvia, cerca de 400.000 ciudadanos se reunieron en el Champ-de-Mars, en el oeste de Par\u00eds, el 14 de julio de 1790. Asistieron a misa y aclamaron al rey, celebrando al mismo tiempo la revoluci\u00f3n. <\/p>\n<\/div>\n<div dir=\"ltr\" class=\"bbc-19j92fr e57qer20\" readability=\"11\">\n<p dir=\"ltr\" class=\"bbc-bm53ic e1cc2ql70\">Luis XVI no se decid\u00eda entre exiliarse, como ya lo hab\u00edan hecho algunos nobles, o permanecer en el Palais-Royal, que se hab\u00eda convertido en una especie de <b>prisi\u00f3n <\/b>para \u00e9l y su familia. <\/p>\n<\/div>\n<div dir=\"ltr\" class=\"bbc-19j92fr e57qer20\" readability=\"12\">\n<p dir=\"ltr\" class=\"bbc-bm53ic e1cc2ql70\">Sab\u00eda que en cualquier momento se pod\u00eda repetir la escena de octubre de 1789, cuando varios ciudadanos irrumpieron en el castillo de Versalles, en las afueras de Par\u00eds, demostrando as\u00ed su descontento con la monarqu\u00eda. <\/p>\n<\/div>\n<div dir=\"ltr\" class=\"bbc-19j92fr e57qer20\" readability=\"7\">\n<p dir=\"ltr\" class=\"bbc-bm53ic e1cc2ql70\">Pero confiaba en que la percepci\u00f3n del pueblo llano con respecto su familia estaba cambiando. <\/p>\n<\/div>\n<div dir=\"ltr\" class=\"bbc-19j92fr e57qer20\" readability=\"13\">\n<p dir=\"ltr\" class=\"bbc-bm53ic e1cc2ql70\">&#8220;Yo, rey de Francia, juro a la naci\u00f3n usar todo el poder que me delega la ley constitucional del Estado, para mantener la Constituci\u00f3n y hacer cumplir sus leyes&#8221;, asegur\u00f3 Luis XVI despu\u00e9s de la misa. <\/p>\n<\/div>\n<div dir=\"ltr\" class=\"bbc-19j92fr e57qer20\" readability=\"13\">\n<p dir=\"ltr\" class=\"bbc-bm53ic e1cc2ql70\">Por su parte, el general La Fayette, quien estaba al mando de la Guardia Nacional y se volver\u00eda un personaje clave en la Revoluci\u00f3n francesa, les jur\u00f3 a los presentes que permanecer\u00eda fiel a la naci\u00f3n, a la ley y al rey.<\/p>\n<\/div>\n<div dir=\"ltr\" class=\"bbc-19j92fr e57qer20\" readability=\"8\">\n<p dir=\"ltr\" class=\"bbc-bm53ic e1cc2ql70\">Pero la multitud aparentemente conciliadora que el monarca crey\u00f3 haber visto en Champ-de-Mars no concordaba en absoluto con la realidad. <\/p>\n<\/div>\n<div dir=\"ltr\" class=\"bbc-19j92fr e57qer20\" readability=\"12\">\n<p dir=\"ltr\" class=\"bbc-bm53ic e1cc2ql70\">Al caer la noche, mientras se dirig\u00eda a su residencia de Saint-Cloud, al oeste de Par\u00eds, el rey se top\u00f3 con <b>un p\u00fablico mucho menos satisfecho<\/b>, que lo insult\u00f3 e intent\u00f3 agredirlo. <\/p>\n<\/div>\n<div dir=\"ltr\" class=\"bbc-19j92fr e57qer20\" readability=\"9\">\n<p dir=\"ltr\" class=\"bbc-bm53ic e1cc2ql70\">Una vez dentro de los inmensos muros del castillo, se pregunt\u00f3 por en\u00e9sima vez si lo m\u00e1s sensato era huir. Pero no lo hizo. <\/p>\n<\/div>\n<div dir=\"ltr\" class=\"bbc-19j92fr e57qer20\" readability=\"9\">\n<p dir=\"ltr\" class=\"bbc-bm53ic e1cc2ql70\">No fue sino el 6 de julio de 1880 que el 14 de julio se convirti\u00f3 en la Fiesta Nacional Francesa, tras la aprobaci\u00f3n de la llamada &#8220;ley Raspail&#8221;. <\/p>\n<\/div>\n<div dir=\"ltr\" class=\"bbc-19j92fr e57qer20\" readability=\"8\">\n<p dir=\"ltr\" class=\"bbc-bm53ic e1cc2ql70\">En realidad el texto no especifica cu\u00e1l de los dos eventos se conmemora. Su \u00fanico art\u00edculo reza: &#8220;La Rep\u00fablica adopta el 14 de julio como fiesta nacional anual&#8221;.<\/p>\n<\/div>\n<div dir=\"ltr\" class=\"bbc-19j92fr e57qer20\" readability=\"10\">\n<p dir=\"ltr\" class=\"bbc-bm53ic e1cc2ql70\">Poco antes de su aprobaci\u00f3n, en un discurso pronunciado en la c\u00e1mara alta del Parlamento franc\u00e9s, el senador Henri Martin dijo: <\/p>\n<\/div>\n<div dir=\"ltr\" class=\"bbc-19j92fr e57qer20\" readability=\"9\">\n<p dir=\"ltr\" class=\"bbc-bm53ic e1cc2ql70\">&#8220;No olviden que despu\u00e9s de la jornada del 14 de julio de 1789, tuvimos la jornada del 14 de julio de 1790 en Par\u00eds. A ese d\u00eda <b>no se le puede reprochar<\/b> que se derram\u00f3 sangre&#8221;.<\/p>\n<\/div>\n<div dir=\"ltr\" class=\"bbc-1ka88fa e57qer20\">\n<figure class=\"bbc-1qdcvv9 e6bmn90\">\n<div dir=\"ltr\" class=\"bbc-172p16q e57qer20\">\n<div dir=\"ltr\" class=\"bbc-189y18v e57qer20\">\n<div data-e2e=\"image-placeholder\" class=\"bbc-uhmmqj e1whu0\"><noscript><img srcset=\"http:\/\/cordobadirecto.com\/wp-content\/uploads\/2021\/07\/5-cosas-que-quizas-no-sabes-sobre-la-historia-de-la-bastilla-y-su-toma-el-evento-que-cambio-a-europa-para-siempre-34.jpg 240w, http:\/\/cordobadirecto.com\/wp-content\/uploads\/2021\/07\/5-cosas-que-quizas-no-sabes-sobre-la-historia-de-la-bastilla-y-su-toma-el-evento-que-cambio-a-europa-para-siempre-35.jpg 320w, http:\/\/cordobadirecto.com\/wp-content\/uploads\/2021\/07\/5-cosas-que-quizas-no-sabes-sobre-la-historia-de-la-bastilla-y-su-toma-el-evento-que-cambio-a-europa-para-siempre-36.jpg 480w, http:\/\/cordobadirecto.com\/wp-content\/uploads\/2021\/07\/5-cosas-que-quizas-no-sabes-sobre-la-historia-de-la-bastilla-y-su-toma-el-evento-que-cambio-a-europa-para-siempre-37.jpg 624w\" alt=\"L\u00ednea\" src=\"http:\/\/cordobadirecto.com\/wp-content\/uploads\/2021\/07\/5-cosas-que-quizas-no-sabes-sobre-la-historia-de-la-bastilla-y-su-toma-el-evento-que-cambio-a-europa-para-siempre-6.jpg\" width=\"624\" class=\"bbc-fat2bc e1enwo3v0\"><\/noscript><\/div>\n<\/div>\n<\/div>\n<\/figure>\n<\/div>\n<div dir=\"ltr\" class=\"bbc-19j92fr e57qer20\" readability=\"8\">\n<p dir=\"ltr\" class=\"bbc-bm53ic e1cc2ql70\"><i class=\"bbc-h1y5j7 ewc4zcb0\">Recuerda que puedes recibir notificaciones de BBC News Mundo. Descarg<\/i><i class=\"bbc-h1y5j7 ewc4zcb0\">a nuestra app y act\u00edvalas para no perderte nuestro mejor contenido.<\/i><\/p>\n<\/div>\n","protected":false},"excerpt":{"rendered":"<p>Norberto Paredes @norbertparedes BBC News Mundo 7 horas Fuente de la imagen, Getty Images Cada 14 de julio muchos franceses desempolvan su bandera tricolor y salen a las calles para celebrar el que consideran el d\u00eda m\u00e1s importante del a\u00f1o. En la ma\u00f1ana se organiza un pomposo desfile militar sobre la c\u00e9lebre avenida de los [&hellip;]<\/p>\n","protected":false},"author":1,"featured_media":10258,"comment_status":"closed","ping_status":"closed","sticky":false,"template":"","format":"standard","meta":[],"categories":[24],"tags":[],"_links":{"self":[{"href":"http:\/\/cordobadirecto.com\/index.php\/wp-json\/wp\/v2\/posts\/10257"}],"collection":[{"href":"http:\/\/cordobadirecto.com\/index.php\/wp-json\/wp\/v2\/posts"}],"about":[{"href":"http:\/\/cordobadirecto.com\/index.php\/wp-json\/wp\/v2\/types\/post"}],"author":[{"embeddable":true,"href":"http:\/\/cordobadirecto.com\/index.php\/wp-json\/wp\/v2\/users\/1"}],"replies":[{"embeddable":true,"href":"http:\/\/cordobadirecto.com\/index.php\/wp-json\/wp\/v2\/comments?post=10257"}],"version-history":[{"count":0,"href":"http:\/\/cordobadirecto.com\/index.php\/wp-json\/wp\/v2\/posts\/10257\/revisions"}],"wp:featuredmedia":[{"embeddable":true,"href":"http:\/\/cordobadirecto.com\/index.php\/wp-json\/wp\/v2\/media\/10258"}],"wp:attachment":[{"href":"http:\/\/cordobadirecto.com\/index.php\/wp-json\/wp\/v2\/media?parent=10257"}],"wp:term":[{"taxonomy":"category","embeddable":true,"href":"http:\/\/cordobadirecto.com\/index.php\/wp-json\/wp\/v2\/categories?post=10257"},{"taxonomy":"post_tag","embeddable":true,"href":"http:\/\/cordobadirecto.com\/index.php\/wp-json\/wp\/v2\/tags?post=10257"}],"curies":[{"name":"wp","href":"https:\/\/api.w.org\/{rel}","templated":true}]}}