{"id":10259,"date":"2021-07-10T16:51:00","date_gmt":"2021-07-10T16:51:00","guid":{"rendered":"https:\/\/lmdiario.com.ar\/contenido\/297311\/hace-15-anos-moria-oscar-moro-el-gran-baterista-del-rock-argentino"},"modified":"2021-07-10T16:51:00","modified_gmt":"2021-07-10T16:51:00","slug":"hace-15-anos-moria-oscar-moro-el-gran-baterista-del-rock-argentino","status":"publish","type":"post","link":"http:\/\/cordobadirecto.com\/index.php\/2021\/07\/10\/hace-15-anos-moria-oscar-moro-el-gran-baterista-del-rock-argentino\/","title":{"rendered":"Hace 15 a\u00f1os mor\u00eda Oscar Moro, el gran baterista del rock argentino"},"content":{"rendered":"<p><strong>Hace 15 a\u00f1os mor\u00eda en su casa de Palermo, a los 58 a\u00f1os, v\u00edctima de una \u00falcera sangrante, Oscar Moro<\/strong>, el baterista m\u00e1s importante del rock argentino a partir de su participaci\u00f3n en <strong>Los Gatos, Ser\u00fa Gir\u00e1n, Color Humano, La M\u00e1quina de Hacer P\u00e1jaros y Riff, entre otras bandas imprescindibles<\/strong>, al punto que desde entonces se estableci\u00f3 en nuestro pa\u00eds al 11 de julio como fecha para honrar a los int\u00e9rpretes de ese instrumento.<\/p>\n<p>Desde el sonido beat de <strong>Los Gatos<\/strong>, la psicodelia de <strong>Color Humano<\/strong>, el folk de <strong>PorSuiGieco<\/strong>, la amalgama progresiva de <strong>La M\u00e1quina de Hacer P\u00e1jaros <\/strong>y <strong>Ser\u00fa Gir\u00e1n<\/strong>, los ritmos pesados y contundentes de <strong>Riff<\/strong>, o las influencias latinas del d\u00fao conformado con el bajista uruguayo Beto Satragni, Moro despleg\u00f3 una versatilidad poco usual, sin perder la expresividad y la fuerza propia de su toque, que luc\u00eda de manera particular en los pasajes m\u00e1s rockeros.<\/p>\n<p>El excelso baterista extendi\u00f3 tambi\u00e9n su impronta en trabajos de <strong>Pastoral <\/strong>y de artistas solistas como <strong>Le\u00f3n Gieco, Celeste Carballo, Fabiana Cantilo, Alejandro Lerner, Nito Mestre, Silvina Garr\u00e9<\/strong> y excompa\u00f1eros de diversos grupos, como <strong>Charly Garc\u00eda, Pedro Aznar <\/strong>y<strong> Carlos Cutaia<\/strong>, entre otros.<\/p>\n<p>Pero adem\u00e1s de ser un referente para los bateristas de cualquier estilo, su bonhom\u00eda y su sentido del humor lo convirtieron en uno de los personajes m\u00e1s entra\u00f1ables del rock local, tanto entre sus colegas como para el p\u00fablico en general. Prueba de ello es que a la par de su talento, los artistas consultados por T\u00e9lam destacaron sus costados m\u00e1s afectivos.<\/p>\n<p>&#8220;Adem\u00e1s de todas las andanzas musicales que compartimos, \u00edbamos juntos al colegio en Rosario al 3\u00ba grado. Una persona de gran coraz\u00f3n y un m\u00fasico s\u00faper intuitivo, con un estilo y sonido muy personal. <strong>Fundamental para cualquier agrupaci\u00f3n<\/strong>&#8220;, evoc\u00f3 ante esta agencia <strong>Litto Nebbia.<\/strong><\/p>\n<p>Adem\u00e1s de acompa\u00f1ar al exitoso rocker <strong>Johnny Tedesco<\/strong>, precisamente las primeras aventuras musicales del baterista fueron junto al creador de <strong>&#8220;La Balsa&#8221;<\/strong>, una sociedad que se extendi\u00f3 m\u00e1s all\u00e1 del fundacional <strong>Los Gatos<\/strong>, en los primeros trabajos solistas de su l\u00edder, que incluy\u00f3 al fugaz pero exquisito grupo <strong>Huinca<\/strong>.<\/p>\n<p><strong>Nebbia relacion\u00f3 a Moro con el recientemente fallecido baterista Rodolfo Garc\u00eda al destacar que &#8220;son esa clase de tipos que jam\u00e1s vas a escuchar en el ambiente que alguien hable mal de ellos<\/strong>, queridos por todo el mundo, por eso, adem\u00e1s de su maestr\u00eda musical, se mantienen en el recuerdo&#8221;.<\/p>\n<p><img loading=\"lazy\" alt=\"Los Gatos\" class=\"img-responsive lazyload\" data-src=\"http:\/\/cordobadirecto.com\/wp-content\/uploads\/2021\/07\/hace-15-anos-moria-oscar-moro-el-gran-baterista-del-rock-argentino.jpg\" data-srcset=\"\/download\/multimedia.normal.92d5b8a6f3262275.4c6f73204761746f735f6e6f726d616c2e6a7067.jpg 768w, \/download\/multimedia.miniatura.8ba589ea939a09cc.4c6f73204761746f735f6d696e6961747572612e6a7067.jpg 400w\" height=\"512\" src=\"data:,\" width=\"768\"><\/p>\n<p>En aquellos a\u00f1os junto a Nebbia, y antes de ingresar a <strong>Color Humano<\/strong> en reemplazo de su futuro compa\u00f1ero en <strong>Ser\u00fa Gir\u00e1n David Leb\u00f3n<\/strong>, Moro se cruz\u00f3 con <strong>Pappo <\/strong>e <strong>Isa Portugheis<\/strong>, otros dos personajes con los que mantendr\u00eda una relaci\u00f3n de varios a\u00f1os que decantar\u00eda en su participaci\u00f3n en la versi\u00f3n de mediados de los `80 de <strong>Riff<\/strong>.<\/p>\n<p>&#8220;Mi relaci\u00f3n con Oscar fue posterior a ir a ver tocar a <strong>Los Gatos<\/strong> varias veces en mi ciudad natal La Plata; pocos a\u00f1os despu\u00e9s nos conocimos cuando me vine a Capital en \u00e9pocas de <strong>La Pesada del Rock <\/strong>y<strong> Color Humano<\/strong>. Durante a\u00f1os mantuvimos contactos, encuentros, alguna fiesta y hasta relaci\u00f3n profesional cuando fui m\u00e1nager de <strong>Riff VII<\/strong>, la formaci\u00f3n especial con <strong>Moro <\/strong>a la bater\u00eda, <strong>Jaf<\/strong>, <strong>Vitico <\/strong>y el querido <strong>Pappo <\/strong>en 1985&#8243;, rememor\u00f3 a T\u00e9lam el baterista del colectivo musical liderado por <strong>Billy Bond<\/strong>.<\/p>\n<p>&#8220;Tengo los mejores recuerdos de Oscar como m\u00fasico, excelente y virtuoso batero, pero adem\u00e1s era una persona muy querible que te agarraba y abrazaba fuerte con esos brazotes entrenados; y ten\u00eda su luz propia&#8221;, remarc\u00f3 Portugheis, quien tambi\u00e9n apunt\u00f3 en su haber <strong>&#8220;una trayectoria art\u00edstica impresionante ante la que hay que sacarse el sombrero&#8221;<\/strong>.<\/p>\n<p>Luego de la disoluci\u00f3n de <strong>Color Humano<\/strong>, y tras su paso por la banda de<strong> Le\u00f3n Gieco<\/strong> y por <strong>PorSuiGieco<\/strong>, <strong>Charly Garc\u00eda <\/strong>lo convoc\u00f3 para que conformara la base r\u00edtmica de <strong>La M\u00e1quina de Hacer P\u00e1jaros<\/strong>, junto a un adolescente <strong>Jos\u00e9 Luis Fern\u00e1ndez <\/strong>en el bajo, en un proyecto que tambi\u00e9n inclu\u00eda al ex-Pescado Rabioso <strong>Carlos Cutaia<\/strong> y al futuro guitarrista de Los Abuelos de la Nada <strong>Gustavo Bazterrica<\/strong>.<\/p>\n<p>&#8220;Lo conoc\u00ed cuando yo ten\u00eda m\u00e1s o menos 15 a\u00f1os. <strong>Para m\u00ed era un \u00eddolo, o sea que realmente haberlo conocido a esa edad y haber tenido la qu\u00edmica que tuvimos fue muy emocionante, muy gratificante<\/strong>. Me acuerdo que ten\u00eda 8 \u00f3 9 a\u00f1os cuando me regalaron el segundo disco de <strong>Los Gatos<\/strong>, as\u00ed que ve\u00eda la tapa del disco, la foto de \u00e9l y me alucinaba. Las vueltas de la vida hicieron que terminara tocando con \u00e9l&#8221;, cont\u00f3 emocionado <strong>Fern\u00e1ndez<\/strong>.<\/p>\n<p>A nivel musical, el exbajista de <strong>La M\u00e1quina de Hacer P\u00e1jaros<\/strong> lo defini\u00f3 como &#8220;un s\u00faper baterista, quiz\u00e1s el mejor de Argentina&#8221;; adem\u00e1s de hacer hincapi\u00e9 en su calidad humana, que deriv\u00f3 en una amistad que incluy\u00f3 a la familia de ambos.<\/p>\n<p>&#8220;<strong>Era un tipo s\u00faper aut\u00e9ntico<\/strong>. Quiero remarcarlo porque es algo en lo que yo me fijo mucho en las personas y eso hizo que hayamos sido muy amigos. Era como un hermano para m\u00ed. <strong>Un tipo aut\u00e9ntico que nunca estuvo en la cuesti\u00f3n hist\u00e9rica del rock, en el careteo, en el cirquito, en todas esas cosas que en muchas \u00e9pocas rodearon a nuestro ambiente<\/strong>&#8220;, sintetiz\u00f3 <strong>Fern\u00e1ndez<\/strong>.<\/p>\n<p>Aunque no se puede ignorar el peso propio de <strong>Los Gatos, Color Humano <\/strong>y<strong> La M\u00e1quina de Hacer P\u00e1jaros<\/strong> en la historia del rock argentino y del propio baterista; sin dudas, <strong>Ser\u00fa Gir\u00e1n<\/strong> aparece como el gran hito que elev\u00f3 a niveles superlativos la labor de Moro.<\/p>\n<p>En esos a\u00f1os, justamente naci\u00f3 una relaci\u00f3n de amistad con una de sus grandes fans, la baterista, cantante y compositora <strong>Andrea \u00c1lvarez.<\/strong><\/p>\n<p>&#8220;<strong>Soy fan de Moro desde que tengo memoria, como lo soy de muchos bateristas fundacionales<\/strong>. Por suerte, termin\u00e9 siendo amiga cuando empec\u00e9 a ser profesional. Me cuesta hablar de \u00e9l en pasado porque, aunque no est\u00e1, lo tengo presente siempre. <strong>Como batero, fundacional absoluto, referente de varias generaciones<\/strong>. Tiene esa forma de mezclar los ritmos medios latinos, candombes con funk y rock, que lo hizo \u00fanico en su momento&#8221;, cont\u00f3 la artista a esta agencia.<\/p>\n<p>La relaci\u00f3n amistosa entre ambos bateristas se mantuvo hasta los &#8220;\u00faltimos d\u00edas de Moro&#8221;, dijo <strong>\u00c1lvarez<\/strong>, quien sol\u00eda cruzarlo por el barrio de Palermo, en donde viv\u00eda, adem\u00e1s de compartir momentos en las visitas que sol\u00eda hacer a la sala en donde ella ensayaba con <strong>Patricia Sosa<\/strong>.<\/p>\n<p>&#8220;Era muy gracioso, ten\u00eda mucho sentido del humor. Y al final, era muy dif\u00edcil estar con \u00e9l por c\u00f3mo estaba, por su autoboicot que no rend\u00eda honor a lo que era como ser humano, pero no todas las personas son fuertes&#8221;, reflexion\u00f3, entre l\u00e1grimas, \u00c1lvarez.<\/p>\n<p><img loading=\"lazy\" alt=\"Seru\" class=\"img-responsive lazyload\" data-src=\"http:\/\/cordobadirecto.com\/wp-content\/uploads\/2021\/07\/hace-15-anos-moria-oscar-moro-el-gran-baterista-del-rock-argentino-1.jpg\" data-srcset=\"\/download\/multimedia.normal.9ee6bb9fb9484b90.536572755f6e6f726d616c2e6a7067.jpg 1280w, \/download\/multimedia.miniatura.b2205ca7790feaf0.536572755f6d696e6961747572612e6a7067.jpg 400w\" height=\"720\" src=\"data:,\" width=\"1280\"><\/p>\n<p>Luego de la millonaria pero olvidable reuni\u00f3n de <strong>Ser\u00fa Gir\u00e1n<\/strong> en 1992, la carrera de <strong>Moro <\/strong>ingres\u00f3 en un cono de sombras, fundamentalmente por problemas derivados del excesivo consumo de drogas y alcohol; sin embargo, su arte nunca se vio opacado y su influencia perdura en nuevas generaciones que cada <strong>11 de julio celebran en su honor el D\u00eda del Baterista.<\/strong><\/p>\n<p><span>(*) Agencia Telam<\/span><\/p>\n","protected":false},"excerpt":{"rendered":"<p>Hace 15 a\u00f1os mor\u00eda en su casa de Palermo, a los 58 a\u00f1os, v\u00edctima de una \u00falcera sangrante, Oscar Moro, el baterista m\u00e1s importante del rock argentino a partir de su participaci\u00f3n en Los Gatos, Ser\u00fa Gir\u00e1n, Color Humano, La M\u00e1quina de Hacer P\u00e1jaros y Riff, entre otras bandas imprescindibles, al punto que desde entonces [&hellip;]<\/p>\n","protected":false},"author":1,"featured_media":10260,"comment_status":"closed","ping_status":"closed","sticky":false,"template":"","format":"standard","meta":[],"categories":[20],"tags":[],"_links":{"self":[{"href":"http:\/\/cordobadirecto.com\/index.php\/wp-json\/wp\/v2\/posts\/10259"}],"collection":[{"href":"http:\/\/cordobadirecto.com\/index.php\/wp-json\/wp\/v2\/posts"}],"about":[{"href":"http:\/\/cordobadirecto.com\/index.php\/wp-json\/wp\/v2\/types\/post"}],"author":[{"embeddable":true,"href":"http:\/\/cordobadirecto.com\/index.php\/wp-json\/wp\/v2\/users\/1"}],"replies":[{"embeddable":true,"href":"http:\/\/cordobadirecto.com\/index.php\/wp-json\/wp\/v2\/comments?post=10259"}],"version-history":[{"count":0,"href":"http:\/\/cordobadirecto.com\/index.php\/wp-json\/wp\/v2\/posts\/10259\/revisions"}],"wp:featuredmedia":[{"embeddable":true,"href":"http:\/\/cordobadirecto.com\/index.php\/wp-json\/wp\/v2\/media\/10260"}],"wp:attachment":[{"href":"http:\/\/cordobadirecto.com\/index.php\/wp-json\/wp\/v2\/media?parent=10259"}],"wp:term":[{"taxonomy":"category","embeddable":true,"href":"http:\/\/cordobadirecto.com\/index.php\/wp-json\/wp\/v2\/categories?post=10259"},{"taxonomy":"post_tag","embeddable":true,"href":"http:\/\/cordobadirecto.com\/index.php\/wp-json\/wp\/v2\/tags?post=10259"}],"curies":[{"name":"wp","href":"https:\/\/api.w.org\/{rel}","templated":true}]}}