{"id":10309,"date":"2021-07-11T15:45:00","date_gmt":"2021-07-11T15:45:00","guid":{"rendered":"http:\/\/cordobadirecto.com\/index.php\/2021\/07\/11\/el-oficialismo-buscara-convertir-en-ley-tres-iniciativas-con-la-mira-puesta-en-la-economia\/"},"modified":"2021-07-11T15:45:00","modified_gmt":"2021-07-11T15:45:00","slug":"el-oficialismo-buscara-convertir-en-ley-tres-iniciativas-con-la-mira-puesta-en-la-economia","status":"publish","type":"post","link":"http:\/\/cordobadirecto.com\/index.php\/2021\/07\/11\/el-oficialismo-buscara-convertir-en-ley-tres-iniciativas-con-la-mira-puesta-en-la-economia\/","title":{"rendered":"El oficialismo buscar\u00e1 convertir en ley tres iniciativas con la mira puesta en la <b>econom\u00eda<\/b>"},"content":{"rendered":"<p>El Senado podr\u00eda convertir en ley esta semana el <b>nuevo<\/b> marco de &#8230; la legisladora por <b>C\u00f3rdoba<\/b> Laura Rodr\u00edguez Machado, calific\u00f3 al proyecto como&nbsp;&#8230; <\/p>\n","protected":false},"excerpt":{"rendered":"<p>El Senado podr\u00eda convertir en ley esta semana el nuevo marco de &#8230; la legisladora por C\u00f3rdoba Laura Rodr\u00edguez Machado, calific\u00f3 al proyecto como&nbsp;&#8230;<\/p>\n","protected":false},"author":1,"featured_media":0,"comment_status":"closed","ping_status":"closed","sticky":false,"template":"","format":"standard","meta":[],"categories":[40],"tags":[],"_links":{"self":[{"href":"http:\/\/cordobadirecto.com\/index.php\/wp-json\/wp\/v2\/posts\/10309"}],"collection":[{"href":"http:\/\/cordobadirecto.com\/index.php\/wp-json\/wp\/v2\/posts"}],"about":[{"href":"http:\/\/cordobadirecto.com\/index.php\/wp-json\/wp\/v2\/types\/post"}],"author":[{"embeddable":true,"href":"http:\/\/cordobadirecto.com\/index.php\/wp-json\/wp\/v2\/users\/1"}],"replies":[{"embeddable":true,"href":"http:\/\/cordobadirecto.com\/index.php\/wp-json\/wp\/v2\/comments?post=10309"}],"version-history":[{"count":0,"href":"http:\/\/cordobadirecto.com\/index.php\/wp-json\/wp\/v2\/posts\/10309\/revisions"}],"wp:attachment":[{"href":"http:\/\/cordobadirecto.com\/index.php\/wp-json\/wp\/v2\/media?parent=10309"}],"wp:term":[{"taxonomy":"category","embeddable":true,"href":"http:\/\/cordobadirecto.com\/index.php\/wp-json\/wp\/v2\/categories?post=10309"},{"taxonomy":"post_tag","embeddable":true,"href":"http:\/\/cordobadirecto.com\/index.php\/wp-json\/wp\/v2\/tags?post=10309"}],"curies":[{"name":"wp","href":"https:\/\/api.w.org\/{rel}","templated":true}]}}