{"id":10381,"date":"2021-07-12T18:22:13","date_gmt":"2021-07-12T18:22:13","guid":{"rendered":"http:\/\/cordobadirecto.com\/index.php\/2021\/07\/12\/la-tv-publica-presenta-foquito-un-ciclo-para-fomentar-la-lectura-infantil\/"},"modified":"2021-07-12T18:22:13","modified_gmt":"2021-07-12T18:22:13","slug":"la-tv-publica-presenta-foquito-un-ciclo-para-fomentar-la-lectura-infantil","status":"publish","type":"post","link":"http:\/\/cordobadirecto.com\/index.php\/2021\/07\/12\/la-tv-publica-presenta-foquito-un-ciclo-para-fomentar-la-lectura-infantil\/","title":{"rendered":"La TV P\u00fablica presenta &#8220;Foquito&#8221;, un ciclo para fomentar la lectura infantil"},"content":{"rendered":"<div class=\"image\" id=\"image\" readability=\"8\"> <img src=\"http:\/\/cordobadirecto.com\/wp-content\/uploads\/2021\/07\/la-tv-publica-presenta-foquito-un-ciclo-para-fomentar-la-lectura-infantil.jpg\" alt=\"&quot;Foquito&quot;, en la pantalla de la TV P\u00fablica desde este lunes.\" title=\"&quot;Foquito&quot;, en la pantalla de la TV P\u00fablica desde este lunes.\"><\/p>\n<p>&#8220;Foquito&#8221;, en la pantalla de la TV P\u00fablica desde este lunes.<\/p>\n<\/div>\n<p>&#8220;Foquito&#8221;, un ciclo de micros did\u00e1cticos que apuestan a fomentar la lectura infantil y la imaginaci\u00f3n a trav\u00e9s de actores y actrices que cuentan cuentos de autores nacionales, desembarca est lunes a las 17 en la pantalla de la TV P\u00fablica.<\/p>\n<p>Producido por la Sociedad Argentina de Gesti\u00f3n de Actores Int\u00e9rpretes (Sagai), &#8220;Foquito&#8221; re\u00fane cuentos animados para ni\u00f1os de autores nacionales, narrados por actores como Rafael Spregelburd (con &#8220;Petit, el Monstruo&#8221;, de Isol), Julieta Otero (con &#8220;Cu Canguro&#8221;, de Gabriela Keselman y Nora Hilb), Leonardo Sbaraglia (con &#8220;Vida de perros&#8221;, tambi\u00e9n de Isol) y Tom\u00e1s Fonzi (con &#8220;La decisi\u00f3n de Teodoro&#8221;, de Irene Singer).<\/p>\n<p>Adem\u00e1s participan Ana Mar\u00eda Orozco (con &#8220;El ins\u00f3lito ascenso de Madame P\u00f4l, de Nicol\u00e1s Arispe), Andrea Pietra (con &#8220;Ram\u00f3n, el optimista&#8221;, de Lepe Rosental e Irene Sexer), Eugenia Tobal (con &#8220;Los monstruos ya no asustan&#8221;, de Javier Pe\u00f1a), Benjam\u00edn Rojas (con &#8220;Do\u00f1a Pocha va de compras&#8221;, de Pablo Zweig) y Violeta Urtizberea (con &#8220;Regalo sorpresa&#8221;, de Isol), entre otros.<\/p>\n<p>&#8220;Foquito&#8221;, que <strong>ir\u00e1 de lunes a viernes a las 17<\/strong>, no solo propone acercar la literatura sino que, adem\u00e1s, apuesta a promover la escucha atenta y concentrada de relatos.<\/p>\n<p>El proyecto cuya aplicaci\u00f3n se lanz\u00f3 en agosto de 2019 signific\u00f3 para Fonzi -uno de los protagonistas de los relatos- &#8220;buscar aprovechar los medios disponibles y las distintas pantallas a las que tienen acceso los chicos y las chicas para que puedan disfrutar del universo de la lectura&#8221;, seg\u00fan dijo entonces a T\u00e9lam,<\/p>\n<p><strong>&#8220;Fomentar las ficciones, la fantas\u00eda y el mundo de la imaginaci\u00f3n son cosas estrechamente ligadas a nuestra profesi\u00f3n y son el nexo de esta iniciativa de &#8216;Foquito&#8217;<\/strong>. Si bien hay mil formas de acercarse a las ficciones, a muchos de nosotros lo que nos interpela y nos entusiasma es un libro porque de alguna manera nos lleva ser parte de un engranaje activo&#8221;, se explay\u00f3 el int\u00e9rprete.<\/p>\n","protected":false},"excerpt":{"rendered":"<p>&#8220;Foquito&#8221;, en la pantalla de la TV P\u00fablica desde este lunes. &#8220;Foquito&#8221;, un ciclo de micros did\u00e1cticos que apuestan a fomentar la lectura infantil y la imaginaci\u00f3n a trav\u00e9s de actores y actrices que cuentan cuentos de autores nacionales, desembarca est lunes a las 17 en la pantalla de la TV P\u00fablica. Producido por la [&hellip;]<\/p>\n","protected":false},"author":1,"featured_media":10382,"comment_status":"closed","ping_status":"closed","sticky":false,"template":"","format":"standard","meta":[],"categories":[20],"tags":[],"_links":{"self":[{"href":"http:\/\/cordobadirecto.com\/index.php\/wp-json\/wp\/v2\/posts\/10381"}],"collection":[{"href":"http:\/\/cordobadirecto.com\/index.php\/wp-json\/wp\/v2\/posts"}],"about":[{"href":"http:\/\/cordobadirecto.com\/index.php\/wp-json\/wp\/v2\/types\/post"}],"author":[{"embeddable":true,"href":"http:\/\/cordobadirecto.com\/index.php\/wp-json\/wp\/v2\/users\/1"}],"replies":[{"embeddable":true,"href":"http:\/\/cordobadirecto.com\/index.php\/wp-json\/wp\/v2\/comments?post=10381"}],"version-history":[{"count":0,"href":"http:\/\/cordobadirecto.com\/index.php\/wp-json\/wp\/v2\/posts\/10381\/revisions"}],"wp:featuredmedia":[{"embeddable":true,"href":"http:\/\/cordobadirecto.com\/index.php\/wp-json\/wp\/v2\/media\/10382"}],"wp:attachment":[{"href":"http:\/\/cordobadirecto.com\/index.php\/wp-json\/wp\/v2\/media?parent=10381"}],"wp:term":[{"taxonomy":"category","embeddable":true,"href":"http:\/\/cordobadirecto.com\/index.php\/wp-json\/wp\/v2\/categories?post=10381"},{"taxonomy":"post_tag","embeddable":true,"href":"http:\/\/cordobadirecto.com\/index.php\/wp-json\/wp\/v2\/tags?post=10381"}],"curies":[{"name":"wp","href":"https:\/\/api.w.org\/{rel}","templated":true}]}}