{"id":10468,"date":"2021-07-13T18:26:25","date_gmt":"2021-07-13T18:26:25","guid":{"rendered":"http:\/\/cordobadirecto.com\/index.php\/2021\/07\/13\/mauricio-kartun-la-historia-de-sacco-y-vanzetti-vuelve-una-y-otra-vez-por-su-grandeza-desmesurada\/"},"modified":"2021-07-13T18:26:25","modified_gmt":"2021-07-13T18:26:25","slug":"mauricio-kartun-la-historia-de-sacco-y-vanzetti-vuelve-una-y-otra-vez-por-su-grandeza-desmesurada","status":"publish","type":"post","link":"http:\/\/cordobadirecto.com\/index.php\/2021\/07\/13\/mauricio-kartun-la-historia-de-sacco-y-vanzetti-vuelve-una-y-otra-vez-por-su-grandeza-desmesurada\/","title":{"rendered":"Mauricio Kartun: &#8220;La historia de Sacco y Vanzetti vuelve una y otra vez por su grandeza desmesurada&#8221;"},"content":{"rendered":"<div class=\"image\" id=\"image\" readability=\"7\"> <img src=\"http:\/\/cordobadirecto.com\/wp-content\/uploads\/2021\/07\/mauricio-kartun-la-historia-de-sacco-y-vanzetti-vuelve-una-y-otra-vez-por-su-grandeza-desmesurada.jpg\" alt=\"Mauricio Katun. Foto: Ra\u00fal Ferrari.\" title=\"Mauricio Katun. Foto: Ra\u00fal Ferrari.\"><\/p>\n<p>Mauricio Katun. Foto: Ra\u00fal Ferrari.<\/p>\n<\/div>\n<p>&nbsp;Hace un siglo, el 21 de julio de 1921, los inmigrantes italianos Nicola Sacco y Bartolomeo Vanzetti, trabajadores y anarquistas, fueron condenados a la silla el\u00e9ctrica en Massachusetts, Estados Unidos, por presunto robo y asesinato, en un proceso turbio y te\u00f1ido de xenofobia, el cual, pese a los pedidos de clemencia de las multitudes en todo el mundo, finaliz\u00f3 con la ejecuci\u00f3n de ambos en 1928.<\/p>\n<p>El caso resurgi\u00f3 en 1971, tiempos en los que el aire social parec\u00eda traer aromas reivindicativos y la pel\u00edcula<strong> &#8220;Sacco y Vanzetti&#8221;<\/strong>, de Giuliano Montaldo, con Gian Mar\u00eda Volont\u00e9 y Riccardo Cucciola en los papeles protag\u00f3nicos, enardec\u00eda a los p\u00fablicos.<br \/>&nbsp;<br \/>Veinte a\u00f1os m\u00e1s tarde, el argentino Mauricio Kartun estren\u00f3 su versi\u00f3n teatral, repuesta en 2014, la cual transform\u00f3 al dramaturgo y director teatral en una voz autorizada sobre el tema.<\/p>\n<div class=\"image\" id=\"image\" readability=\"8\"> <img src=\"http:\/\/cordobadirecto.com\/wp-content\/uploads\/2021\/07\/mauricio-kartun-la-historia-de-sacco-y-vanzetti-vuelve-una-y-otra-vez-por-su-grandeza-desmesurada-1.jpg\" alt=\"Nicola Sacco y Bartolomeo Vanzetti, trabajadores y anarquistas.\" title=\"Nicola Sacco y Bartolomeo Vanzetti, trabajadores y anarquistas.\"><\/p>\n<p>Nicola Sacco y Bartolomeo Vanzetti, trabajadores y anarquistas.<\/p>\n<\/div>\n<p>Consultado por T\u00e9lam sobre la permanencia en la memoria colectiva de los personajes reales Sacco y Vanzetti, Kartun expres\u00f3: &#8220;El arte es una forma de moldear los mitos para reproducirlos, un soporte, pero el fen\u00f3meno nunca es la obra sino el mito mismo. Lo que hace que la historia de los dos italianos vuelva una y otra vez no es simplemente la injusticia, de la que hay mil historias por d\u00eda en el mundo, sino su resistencia sobrenatural, su grandeza desmesurada, esa dignidad espectacular \u2013en el sentido m\u00e1s literal de la palabra- que los lleva a enfrentar la silla el\u00e9ctrica antes que confesarse culpables de un delito no cometido. Ese sacrificio tiene mucho de religioso, curiosamente. En el mito est\u00e1 siempre la met\u00e1fora, la singularidad po\u00e9tica, los dramaturgos las detectamos y las aprovechamos nom\u00e1s.&#8221;<\/p>\n<p><strong>-T\u00e9lam: Tu versi\u00f3n se basa en documentos judiciales de la \u00e9poca. Llama la atenci\u00f3n el catolicismo que asoma en los personajes, ya que los anarquistas se supon\u00edan ateos.<\/strong><br \/>-Mauricio Kartun: No tengo muchos datos al respecto. Se nota en ellos, no obstante, la cultura religiosa de sus or\u00edgenes. Est\u00e1 presente en cierto sentido del sacrificio, muy cristiano, y en sus escritos sobre todo, que son verdaderas escrituras. Las cartas de Sacco a su hijo, por ejemplo, son una especie de evangelio &#8220;anarco&#8221; precioso.<\/p>\n<p> <iframe width=\"560\" height=\"315\" src=\"https:\/\/www.youtube.com\/embed\/zV3D5k7WhXI?wmode=transparent&amp;showinfo=0&amp;autohide=1&amp;rel=0\" frameborder=\"0\" allowfullscreen>[embedded content]<\/iframe> <\/p>\n<p>XV Encuentro Nacional de Teatro del Movimiento Antorchista &#8220;La organizaci\u00f3n de los pobres de M\u00e9xico&#8221;<\/p>\n<p><strong>-T: \u00bfQu\u00e9 sentiste mientras elaborabas la obra?<\/strong><br \/>-MK: Empez\u00f3 como una escritura por encargo. Me convoc\u00f3 (el director) Jaime Kogan. Arrancamos al principio con la idea de adaptar un trabajo de teatro documental del que hab\u00eda partido tambi\u00e9n la pel\u00edcula, pero encontramos aqu\u00ed, en Buenos Aires, tanto nuevo documento que terminamos haci\u00e9ndole nuestra propia dramaturgia. Tenemos aqu\u00ed dos extraordinarias bibliotecas sobre temas anarquistas. La de la FORA (por la Federaci\u00f3n Obrera Regional Argentina), de la calle Brasil, y la Jos\u00e9 Ingenieros, en Villa Crespo. A medida que le\u00edamos nuevos registros sobre el caso se ampliaba el relato y encontr\u00e1bamos a cada paso m\u00e1s y m\u00e1s dramaticidad. La complicidad siniestra de los jueces, la solidaridad de los presos comunes, la movilizaci\u00f3n internacional. Me apasion\u00e9. Hasta el d\u00eda de hoy sigo acopiando bibliograf\u00eda, que de una manera u otra ha ido a parar a mis obras posteriores. En &#8220;Ala de criados&#8221;, en &#8220;Salom\u00e9 de chacra&#8221; y en &#8220;Terrenal&#8221; hay much\u00edsimo de esa cultura &#8220;anarca&#8221;.<\/p>\n<p><strong>-T: \u00bfQu\u00e9 pens\u00e1s cuando sectores de ultraderecha se llaman a s\u00ed mismos &#8220;libertarios&#8221;, un t\u00e9rmino de origen anarquista?<\/strong><br \/>-MK: Es curioso, s\u00ed. Intrusaron el t\u00e9rmino. Hablan tambi\u00e9n de &#8220;anarcocapitalismo&#8221; en tanto se oponen a cualquier estatismo. Fen\u00f3menos extravagantes de la pol\u00edtica. Y de las traducciones literales del ingl\u00e9s. Qu\u00e9 vas a hacer\u2026<\/p>\n<div class=\"image\" id=\"image\" readability=\"8\"> <img src=\"http:\/\/cordobadirecto.com\/wp-content\/uploads\/2021\/07\/mauricio-kartun-la-historia-de-sacco-y-vanzetti-vuelve-una-y-otra-vez-por-su-grandeza-desmesurada-2.jpg\" alt=\"Este a\u00f1o la obra est\u00e1 montada en M\u00e9xico por un grupo de j\u00f3venes del Movimiento Antorcha Campesina. Foto: Ra\u00fal Ferrari.\" title=\"Este a\u00f1o la obra est\u00e1 montada en M\u00e9xico por un grupo de j\u00f3venes del Movimiento Antorcha Campesina. Foto: Ra\u00fal Ferrari.\"><\/p>\n<p>Este a\u00f1o la obra est\u00e1 montada en M\u00e9xico por un grupo de j\u00f3venes del Movimiento Antorcha Campesina. Foto: Ra\u00fal Ferrari.<\/p>\n<\/div>\n<p><strong>-T: \u00bfNo pens\u00e1s que tu versi\u00f3n de 1991 merecer\u00eda una relectura, dados los cambios en la sociedad?<\/strong><br \/>-MK: Suelo perder de vista a las obras despu\u00e9s de que pasa el envi\u00f3n de su estreno. No volver a tocarlas. Me gusta esa independencia que cobran, c\u00f3mo una puesta trae la otra, como circulan los textos y detonan montajes en los lugares m\u00e1s ins\u00f3litos, c\u00f3mo los elencos adaptan, modifican y acomodan. Las reescrituras se dan solas. Hasta hace un par de a\u00f1os &#8220;Sacco y Vanzetti&#8221; se representaba en un hermoso galp\u00f3n del puerto de R\u00edo de Janeiro y hasta este a\u00f1o la tiene montada en M\u00e9xico un grupo de j\u00f3venes del Movimiento Antorcha Campesina.&nbsp;<\/p>\n<p><strong>-T: \u00bfC\u00f3mo te est\u00e1 yendo con la pandemia?<\/strong><br \/>-MK: Pudimos reponer &#8220;Terrenal&#8221;, lo que ha sido un primer paso hacia alg\u00fan tipo de normalidad. Sabemos que habr\u00e1 idas y vueltas pero apostamos a avanzar, a ir agregando funciones. Estamos en la octava temporada y la sala se sigue llenando, ha sido un aire fresco despu\u00e9s de tanto respirar barbijo. Seguimos de todos modos con protocolos estrictos, arriba y abajo del escenario. Conf\u00edo en que la cosa se vaya normalizando y podamos reestrenar pronto tambi\u00e9n &#8220;La vis c\u00f3mica&#8221;. Cuando se decret\u00f3 el a\u00f1o pasado el cierre de las salas est\u00e1bamos a unos d\u00edas de reponerla, con todo listo. El elenco est\u00e1 vacunado y en las gateras.<\/p>\n<div class=\"image\" id=\"image\" readability=\"11\"> <img src=\"http:\/\/cordobadirecto.com\/wp-content\/uploads\/2021\/07\/mauricio-kartun-la-historia-de-sacco-y-vanzetti-vuelve-una-y-otra-vez-por-su-grandeza-desmesurada-3.jpg\" alt=\"Consultado por T\u00e9lam sobre la permanencia en la memoria colectiva de los personajes reales Sacco y Vanzetti, Kartun expres\u00f3: &quot;El arte es una forma de moldear los mitos para reproducirlos, un soporte&quot;.\" title=\"Consultado por T\u00e9lam sobre la permanencia en la memoria colectiva de los personajes reales Sacco y Vanzetti, Kartun expres\u00f3: &quot;El arte es una forma de moldear los mitos para reproducirlos, un soporte&quot;.\"><\/p>\n<p>Consultado por T\u00e9lam sobre la permanencia en la memoria colectiva de los personajes reales Sacco y Vanzetti, Kartun expres\u00f3: &#8220;El arte es una forma de moldear los mitos para reproducirlos, un soporte&#8221;.<\/p>\n<\/div>\n","protected":false},"excerpt":{"rendered":"<p>Mauricio Katun. Foto: Ra\u00fal Ferrari. &nbsp;Hace un siglo, el 21 de julio de 1921, los inmigrantes italianos Nicola Sacco y Bartolomeo Vanzetti, trabajadores y anarquistas, fueron condenados a la silla el\u00e9ctrica en Massachusetts, Estados Unidos, por presunto robo y asesinato, en un proceso turbio y te\u00f1ido de xenofobia, el cual, pese a los pedidos de [&hellip;]<\/p>\n","protected":false},"author":1,"featured_media":10469,"comment_status":"closed","ping_status":"closed","sticky":false,"template":"","format":"standard","meta":[],"categories":[20],"tags":[],"_links":{"self":[{"href":"http:\/\/cordobadirecto.com\/index.php\/wp-json\/wp\/v2\/posts\/10468"}],"collection":[{"href":"http:\/\/cordobadirecto.com\/index.php\/wp-json\/wp\/v2\/posts"}],"about":[{"href":"http:\/\/cordobadirecto.com\/index.php\/wp-json\/wp\/v2\/types\/post"}],"author":[{"embeddable":true,"href":"http:\/\/cordobadirecto.com\/index.php\/wp-json\/wp\/v2\/users\/1"}],"replies":[{"embeddable":true,"href":"http:\/\/cordobadirecto.com\/index.php\/wp-json\/wp\/v2\/comments?post=10468"}],"version-history":[{"count":0,"href":"http:\/\/cordobadirecto.com\/index.php\/wp-json\/wp\/v2\/posts\/10468\/revisions"}],"wp:featuredmedia":[{"embeddable":true,"href":"http:\/\/cordobadirecto.com\/index.php\/wp-json\/wp\/v2\/media\/10469"}],"wp:attachment":[{"href":"http:\/\/cordobadirecto.com\/index.php\/wp-json\/wp\/v2\/media?parent=10468"}],"wp:term":[{"taxonomy":"category","embeddable":true,"href":"http:\/\/cordobadirecto.com\/index.php\/wp-json\/wp\/v2\/categories?post=10468"},{"taxonomy":"post_tag","embeddable":true,"href":"http:\/\/cordobadirecto.com\/index.php\/wp-json\/wp\/v2\/tags?post=10468"}],"curies":[{"name":"wp","href":"https:\/\/api.w.org\/{rel}","templated":true}]}}