{"id":10504,"date":"2021-07-13T19:05:38","date_gmt":"2021-07-13T19:05:38","guid":{"rendered":"https:\/\/cordoba.gob.ar\/?p=11016"},"modified":"2021-07-13T19:05:38","modified_gmt":"2021-07-13T19:05:38","slug":"se-extiende-el-plazo-para-aplicar-al-fondo-estimulo-editorial","status":"publish","type":"post","link":"http:\/\/cordobadirecto.com\/index.php\/2021\/07\/13\/se-extiende-el-plazo-para-aplicar-al-fondo-estimulo-editorial\/","title":{"rendered":"Se extiende el plazo para aplicar al Fondo Est\u00edmulo Editorial"},"content":{"rendered":"<div><img src=\"http:\/\/cordobadirecto.com\/wp-content\/uploads\/2021\/07\/se-extiende-el-plazo-para-aplicar-al-fondo-estimulo-editorial.jpg\" class=\"ff-og-image-inserted\"><\/div>\n<p>La Subsecretar\u00eda de Cultura, dependiente de la Secretar\u00eda de Gobierno, extiende hasta el domingo 30 de julio, el plazo de la convocatoria para participar del Fondo Est\u00edmulo Editorial de la Ciudad de C\u00f3rdoba.<\/p>\n<p>El apoyo est\u00e1 destinado a editoriales que, teniendo domicilio en C\u00f3rdoba Capital, est\u00e9n registradas en el \u00e1rea Editorial Municipal y presenten hasta 3 proyectos de publicaci\u00f3n. De esta manera, la convocatoria que cerraba el 12 de julio, tendr\u00e1 una pr\u00f3rroga para recepci\u00f3n de proyectos hasta el domingo 30 de julio.<\/p>\n<p>Los trabajos ser\u00e1n receptados exclusivamente a trav\u00e9s del email fondoestimuloeditorial2021@gmail.com<\/p>\n<p><strong>Acerca del Fondo Est\u00edmulo Editorial de la Ciudad de C\u00f3rdoba<\/strong><\/p>\n<p>Forma parte de un conjunto de m\u00e1s de 15 fondos de apoyo a la actividad cultural de la ciudad, que lleva adelante la Municipalidad de C\u00f3rdoba, correspondientes al ciclo 2021 y abarca al sector editorial, artesanal, de dise\u00f1o, esc\u00e9nicas, m\u00fasica y artes visuales. Estos incentivos incluyen est\u00edmulos, apoyos, mentor\u00edas y premios que aportan al sector cultural m\u00e1s de 5 millones de pesos.<\/p>\n","protected":false},"excerpt":{"rendered":"<p>La Subsecretar\u00eda de Cultura, dependiente de la Secretar\u00eda de Gobierno, extiende hasta el domingo 30 de julio, el plazo de la convocatoria para participar del Fondo Est\u00edmulo Editorial de la Ciudad de C\u00f3rdoba. El apoyo est\u00e1 destinado a editoriales que, teniendo domicilio en C\u00f3rdoba Capital, est\u00e9n registradas en el \u00e1rea Editorial Municipal y presenten hasta [&hellip;]<\/p>\n","protected":false},"author":1,"featured_media":10505,"comment_status":"closed","ping_status":"closed","sticky":false,"template":"","format":"standard","meta":[],"categories":[44],"tags":[],"_links":{"self":[{"href":"http:\/\/cordobadirecto.com\/index.php\/wp-json\/wp\/v2\/posts\/10504"}],"collection":[{"href":"http:\/\/cordobadirecto.com\/index.php\/wp-json\/wp\/v2\/posts"}],"about":[{"href":"http:\/\/cordobadirecto.com\/index.php\/wp-json\/wp\/v2\/types\/post"}],"author":[{"embeddable":true,"href":"http:\/\/cordobadirecto.com\/index.php\/wp-json\/wp\/v2\/users\/1"}],"replies":[{"embeddable":true,"href":"http:\/\/cordobadirecto.com\/index.php\/wp-json\/wp\/v2\/comments?post=10504"}],"version-history":[{"count":0,"href":"http:\/\/cordobadirecto.com\/index.php\/wp-json\/wp\/v2\/posts\/10504\/revisions"}],"wp:featuredmedia":[{"embeddable":true,"href":"http:\/\/cordobadirecto.com\/index.php\/wp-json\/wp\/v2\/media\/10505"}],"wp:attachment":[{"href":"http:\/\/cordobadirecto.com\/index.php\/wp-json\/wp\/v2\/media?parent=10504"}],"wp:term":[{"taxonomy":"category","embeddable":true,"href":"http:\/\/cordobadirecto.com\/index.php\/wp-json\/wp\/v2\/categories?post=10504"},{"taxonomy":"post_tag","embeddable":true,"href":"http:\/\/cordobadirecto.com\/index.php\/wp-json\/wp\/v2\/tags?post=10504"}],"curies":[{"name":"wp","href":"https:\/\/api.w.org\/{rel}","templated":true}]}}