{"id":10513,"date":"2021-07-14T12:58:46","date_gmt":"2021-07-14T12:58:46","guid":{"rendered":"https:\/\/puntoapunto.com.ar\/?p=280994"},"modified":"2021-07-14T12:58:46","modified_gmt":"2021-07-14T12:58:46","slug":"el-plan-de-expansion-regional-de-apex-en-la-edicion-semanal-de-punto-a-punto","status":"publish","type":"post","link":"http:\/\/cordobadirecto.com\/index.php\/2021\/07\/14\/el-plan-de-expansion-regional-de-apex-en-la-edicion-semanal-de-punto-a-punto\/","title":{"rendered":"El plan de expansi\u00f3n regional de Apex, en la edici\u00f3n semanal de Punto a Punto"},"content":{"rendered":"<p>A trav\u00e9s de una<strong> inversi\u00f3n millonaria<\/strong>, la compa\u00f1\u00eda busca crecer en su <strong>servicio de gesti\u00f3n de contactos para corporaciones.<\/strong> Actualmente tiene presencia en 6 pa\u00eds y cuenta con 7.500 colaboradores.<\/p>\n<p>Los \u00faltimos pasos de <strong>Mercado Libre<\/strong> generaron una fuerte reacci\u00f3n por parte de <strong>productores y comerciantes<\/strong> quienes hablan de \u201cmonopolio\u201d.<\/p>\n<p><strong>El ecosistema fintech explota en C\u00f3rdoba.<\/strong> Medios de pagos electr\u00f3nicos, operaciones de e-commerce, billeteras virtuales y transacciones de criptomonedas son algunos de los ejes de un <strong>ecosistema que no para de crecer en la provincia.<\/strong><\/p>\n<p>Jorge Chamas, al frente de <strong>Pueblo Nativo<\/strong>, asegura que <b>\u201cel objetivo es consolidar un hotel de est\u00e1ndar internacional en las sierras\u201d <\/b>y apuesta al segmento corporativo.<\/p>\n<h5><a href=\"https:\/\/indd.adobe.com\/view\/06793b47-d39f-41e0-8110-a43ffb789fbf\"><span><em><span><strong>Le\u00e9 la edici\u00f3n completa haciendo clic ac\u00e1<\/strong><\/span><\/em><\/span><\/a><\/h5>\n<div class=\"saboxplugin-wrap\" itemtype=\"http:\/\/schema.org\/Person\" itemscope itemprop=\"author\">\n<div class=\"saboxplugin-gravatar\"><img alt src=\"http:\/\/cordobadirecto.com\/wp-content\/uploads\/2021\/07\/el-plan-de-expansion-regional-de-apex-en-la-edicion-semanal-de-punto-a-punto.jpg\" srcset=\"http:\/\/cordobadirecto.com\/wp-content\/uploads\/2021\/07\/el-plan-de-expansion-regional-de-apex-en-la-edicion-semanal-de-punto-a-punto-1.jpg 2x\" class=\"avatar avatar-100 photo\" height=\"100\" width=\"100\" itemprop=\"image\" loading=\"lazy\"><\/div>\n<div class=\"saboxplugin-desc\" readability=\"6.5\">\n<div itemprop=\"description\" readability=\"8\">\n<p>Este articulo fue escrito por la redacci\u00f3n de Punto a Punto. Seguinos en todas nuestras redes sociales<\/p>\n<\/div>\n<\/div>\n<\/div>\n","protected":false},"excerpt":{"rendered":"<p>A trav\u00e9s de una inversi\u00f3n millonaria, la compa\u00f1\u00eda busca crecer en su servicio de gesti\u00f3n de contactos para corporaciones. Actualmente tiene presencia en 6 pa\u00eds y cuenta con 7.500 colaboradores. Los \u00faltimos pasos de Mercado Libre generaron una fuerte reacci\u00f3n por parte de productores y comerciantes quienes hablan de \u201cmonopolio\u201d. El ecosistema fintech explota en [&hellip;]<\/p>\n","protected":false},"author":1,"featured_media":10514,"comment_status":"closed","ping_status":"closed","sticky":false,"template":"","format":"standard","meta":[],"categories":[25],"tags":[],"_links":{"self":[{"href":"http:\/\/cordobadirecto.com\/index.php\/wp-json\/wp\/v2\/posts\/10513"}],"collection":[{"href":"http:\/\/cordobadirecto.com\/index.php\/wp-json\/wp\/v2\/posts"}],"about":[{"href":"http:\/\/cordobadirecto.com\/index.php\/wp-json\/wp\/v2\/types\/post"}],"author":[{"embeddable":true,"href":"http:\/\/cordobadirecto.com\/index.php\/wp-json\/wp\/v2\/users\/1"}],"replies":[{"embeddable":true,"href":"http:\/\/cordobadirecto.com\/index.php\/wp-json\/wp\/v2\/comments?post=10513"}],"version-history":[{"count":0,"href":"http:\/\/cordobadirecto.com\/index.php\/wp-json\/wp\/v2\/posts\/10513\/revisions"}],"wp:featuredmedia":[{"embeddable":true,"href":"http:\/\/cordobadirecto.com\/index.php\/wp-json\/wp\/v2\/media\/10514"}],"wp:attachment":[{"href":"http:\/\/cordobadirecto.com\/index.php\/wp-json\/wp\/v2\/media?parent=10513"}],"wp:term":[{"taxonomy":"category","embeddable":true,"href":"http:\/\/cordobadirecto.com\/index.php\/wp-json\/wp\/v2\/categories?post=10513"},{"taxonomy":"post_tag","embeddable":true,"href":"http:\/\/cordobadirecto.com\/index.php\/wp-json\/wp\/v2\/tags?post=10513"}],"curies":[{"name":"wp","href":"https:\/\/api.w.org\/{rel}","templated":true}]}}