{"id":10565,"date":"2021-07-14T18:29:13","date_gmt":"2021-07-14T18:29:13","guid":{"rendered":"http:\/\/cordobadirecto.com\/index.php\/2021\/07\/14\/boca-se-entreno-con-fastidio-por-el-arbitraje-ante-el-mineiro-y-con-la-mira-en-union\/"},"modified":"2021-07-14T18:29:13","modified_gmt":"2021-07-14T18:29:13","slug":"boca-se-entreno-con-fastidio-por-el-arbitraje-ante-el-mineiro-y-con-la-mira-en-union","status":"publish","type":"post","link":"http:\/\/cordobadirecto.com\/index.php\/2021\/07\/14\/boca-se-entreno-con-fastidio-por-el-arbitraje-ante-el-mineiro-y-con-la-mira-en-union\/","title":{"rendered":"Boca se entren\u00f3 con fastidio por el arbitraje ante el Mineiro y con la mira en Uni\u00f3n"},"content":{"rendered":"<div class=\"image\" id=\"image\" readability=\"7\"> <img src=\"http:\/\/cordobadirecto.com\/wp-content\/uploads\/2021\/07\/boca-se-entreno-con-fastidio-por-el-arbitraje-ante-el-mineiro-y-con-la-mira-en-union.jpg\" alt=\"Russo qued\u00f3 disconforme con el arbitraje de Andr\u00e9s Rojas. \" title=\"Russo qued\u00f3 disconforme con el arbitraje de Andr\u00e9s Rojas. \"><\/p>\n<p>Russo qued\u00f3 disconforme con el arbitraje de Andr\u00e9s Rojas. <\/p>\n<\/div>\n<p>El plantel de Boca se entren\u00f3 este mi\u00e9rcoles a la ma\u00f1ana en el predio de Ezeiza, con l\u00f3gico mal humor por el arbitraje del colombiano Andr\u00e9s Rojas, quien anoche benefici\u00f3 al Atl\u00e9tico Mineiro en el empate sin goles en la Bombonera, y con la mira puesta en Uni\u00f3n, el viernes en Santa Fe, partido que jugar\u00e1 con suplentes en el arranque de la Liga Profesional.<\/p>\n<p><strong>En la cabeza del entrenador Miguel Russo y de sus jugadores sigue el malestar por el gol anulado a Diego &#8220;Pulpo&#8221; Gonz\u00e1lez a instancias del VAR<\/strong> y tambi\u00e9n por la actitud del volante Ignacio &#8220;Nacho&#8221; Fern\u00e1ndez.<\/p>\n<p>&#8220;<strong>Fue un gol legitimo. Lo que me llam\u00f3 la atenci\u00f3n es que el rival no quiso sacar del medio. &#8216;Nacho&#8217; Fern\u00e1ndez le manej\u00f3 la situaci\u00f3n<\/strong>: tres veces les pidi\u00f3 el \u00e1rbitro que sacaran del medio y no quisieron. Es algo muy grave&#8221;, dijo el t\u00e9cnico el martes en conferencia de prensa.<\/p>\n<p>Se ver\u00e1 en las pr\u00f3ximas horas si la dirigencia &#8220;xeneize&#8221; tomar\u00e1 alguna medida ante el mal arbitraje de Andr\u00e9s Rojas y env\u00eda una protesta escrita. La otra posibilidad es que el club de la Ribera se comunique con la Conmebol para expresarle su &#8220;bronca&#8221;.<\/p>\n<p><strong>En medio de este clima de fastidio, el cuerpo t\u00e9cnico ya puso en preparaci\u00f3n el equipo que viajar\u00e1 Santa Fe para jugar el pr\u00f3ximo viernes desde las 19 ante Uni\u00f3n<\/strong>, en el partido inaugural del torneo de la Liga Profesional de F\u00fatbol (LPF).<\/p>\n<p>La idea del DT es llevar un equipo con mayor\u00eda de suplentes, para resguardar las cargas de un plantel que ayer jug\u00f3 su primer partido oficial del segundo semestre del a\u00f1o, y que viene de una exigente pretemporada.<\/p>\n<p>Los futbolistas que jugaron \u00e9l martes, este mi\u00e9rcoles hicieron los ejercicios regenerativos habituales, mientras que el resto del plantel efectu\u00f3 una pr\u00e1ctica de f\u00fatbol.<\/p>\n<p>El once que puso Russo en cancha fue el de Javier Garc\u00eda; Renzo Giampaoli, Lisandro L\u00f3pez, Carlos Zambrano y Valent\u00edn Barco; Gonzalo Maroni, Jorman Campuzano, Alan Varela y Agust\u00edn Obando; Luis V\u00e1zquez y Nicol\u00e1s Orsini.<\/p>\n<p>En la pr\u00e1ctica del jueves, y tras evaluar el estado f\u00edsico de los que empataron anoche ante el Mineiro, el t\u00e9cnico vera si cambia algo del equipo que par\u00f3 este mi\u00e9rcoles.<\/p>\n<p>El plantel viajar\u00e1 el jueves por la tarde en vuelo charter rumbo a Santa Fe y regresar\u00e1n de la misma forma apenas finalizado el partido ante el &#8220;tatengue&#8221;.<\/p>\n<p>En otro orden, esta madrugada arrib\u00f3 Edwin Cardona junto a su familia a Buenos Aires, futbolista al que Boca le hab\u00eda ofrecido un<br \/>vuelo charter el s\u00e1bado pasado desde Brasil hacia la Argentina, para que no rompa la burbuja sanitaria y pudiera estar ayer en el encuentro ante el conjunto brasile\u00f1o.<\/p>\n<p>Sin embargo, el volante prefiri\u00f3 seguir con el plantel &#8220;cafetero&#8221; tras jugar la Copa Am\u00e9rica, y viaj\u00f3 rumbo a Colombia para encontrarse con su familia.<\/p>\n<p>Si esa situaci\u00f3n ya no ca\u00eda bien en el cuerpo t\u00e9cnico y en la secretar\u00eda de f\u00fatbol boquense, las im\u00e1genes posteriores que se viralizaron -con Cardona cantando cumbia con un grupo musical de Medell\u00edn en una fiesta- parecen ser la gota que rebalsar\u00e1 el vaso.<\/p>\n<p>El pr\u00f3ximo mi\u00e9rcoles, despu\u00e9s de que el jugador cumpla el aislamiento de siete d\u00edas que exige el protocolo sanitario por el Covid, habr\u00e1 una reuni\u00f3n entre la dirigencia boquense y Cardona para ver c\u00f3mo seguir\u00e1 su futuro en el club, aunque parece muy dif\u00edcil que Boca le compre el pase por el que tiene una opci\u00f3n.<\/p>\n<p>En cuanto a las incorporaciones, <strong>ya est\u00e1 todo arreglado con el Rayo Vallecano de Espa\u00f1a para que el defensor Luis Adv\u00edncula sea jugador de Boca<\/strong>, que pagar\u00e1 2 millones de d\u00f3lares al club madrile\u00f1o por el 80 por ciento de su ficha.<\/p>\n<p><strong>Faltan limar algunas diferencias por el tema impuestos por el pase y por el contrato del futbolista,<\/strong> quien llegar\u00eda a mas tardar el lunes pr\u00f3ximo para luego tener siete d\u00edas de aislamiento y luego realizarse la revisi\u00f3n m\u00e9dica y firmar su contrato.<\/p>\n<p>Boca jugar\u00e1 viernes de visitante ante Uni\u00f3n, desde las 19, por la primera fecha de la Liga Profesional, con el arbitraje de Nicol\u00e1s Lamolina. <\/p>\n","protected":false},"excerpt":{"rendered":"<p>Russo qued\u00f3 disconforme con el arbitraje de Andr\u00e9s Rojas. El plantel de Boca se entren\u00f3 este mi\u00e9rcoles a la ma\u00f1ana en el predio de Ezeiza, con l\u00f3gico mal humor por el arbitraje del colombiano Andr\u00e9s Rojas, quien anoche benefici\u00f3 al Atl\u00e9tico Mineiro en el empate sin goles en la Bombonera, y con la mira puesta [&hellip;]<\/p>\n","protected":false},"author":1,"featured_media":10566,"comment_status":"closed","ping_status":"closed","sticky":false,"template":"","format":"standard","meta":[],"categories":[21],"tags":[],"_links":{"self":[{"href":"http:\/\/cordobadirecto.com\/index.php\/wp-json\/wp\/v2\/posts\/10565"}],"collection":[{"href":"http:\/\/cordobadirecto.com\/index.php\/wp-json\/wp\/v2\/posts"}],"about":[{"href":"http:\/\/cordobadirecto.com\/index.php\/wp-json\/wp\/v2\/types\/post"}],"author":[{"embeddable":true,"href":"http:\/\/cordobadirecto.com\/index.php\/wp-json\/wp\/v2\/users\/1"}],"replies":[{"embeddable":true,"href":"http:\/\/cordobadirecto.com\/index.php\/wp-json\/wp\/v2\/comments?post=10565"}],"version-history":[{"count":0,"href":"http:\/\/cordobadirecto.com\/index.php\/wp-json\/wp\/v2\/posts\/10565\/revisions"}],"wp:featuredmedia":[{"embeddable":true,"href":"http:\/\/cordobadirecto.com\/index.php\/wp-json\/wp\/v2\/media\/10566"}],"wp:attachment":[{"href":"http:\/\/cordobadirecto.com\/index.php\/wp-json\/wp\/v2\/media?parent=10565"}],"wp:term":[{"taxonomy":"category","embeddable":true,"href":"http:\/\/cordobadirecto.com\/index.php\/wp-json\/wp\/v2\/categories?post=10565"},{"taxonomy":"post_tag","embeddable":true,"href":"http:\/\/cordobadirecto.com\/index.php\/wp-json\/wp\/v2\/tags?post=10565"}],"curies":[{"name":"wp","href":"https:\/\/api.w.org\/{rel}","templated":true}]}}