{"id":10574,"date":"2021-07-14T18:29:37","date_gmt":"2021-07-14T18:29:37","guid":{"rendered":"http:\/\/cordobadirecto.com\/index.php\/2021\/07\/14\/el-indio-solari-tiene-su-escultura-en-la-matanza\/"},"modified":"2021-07-14T18:29:37","modified_gmt":"2021-07-14T18:29:37","slug":"el-indio-solari-tiene-su-escultura-en-la-matanza","status":"publish","type":"post","link":"http:\/\/cordobadirecto.com\/index.php\/2021\/07\/14\/el-indio-solari-tiene-su-escultura-en-la-matanza\/","title":{"rendered":"El Indio Solari tiene su escultura en La Matanza"},"content":{"rendered":"<p> <iframe width=\"560\" height=\"315\" src=\"https:\/\/www.youtube.com\/embed\/lbneYeWOn1U?wmode=transparent&amp;showinfo=0&amp;autohide=1&amp;rel=0\" frameborder=\"0\" allowfullscreen>[embedded content]<\/iframe> <\/p>\n<p>Una obra Redonda<\/p>\n<p>El cantante y compositor argentino Carlos \u201cEl Indio\u201d Solari, de 72 a\u00f1os, fen\u00f3meno de multitudes, fue homenajeado con la <strong>creaci\u00f3n de una enorme escultura realizada por el artista local Sergio Leguizam\u00f3n y el grupo art\u00edstico &#8220;Una obra redonda&#8221;<\/strong>, en la Plaza Etcheverry del partido bonaerense de La Matanza.<\/p>\n<p>Se trata de una estructura de 100 kilos, hecha de hierro y chatarra reciclada, que se convirti\u00f3 en el centro de atenci\u00f3n del predio; la gente se acerca al pie del monumento del Indio para sacarse fotos junto a ella, expresando su devoci\u00f3n por el ex Patricio Rey y sus Redonditos de Ricota.<\/p>\n<div class=\"image\" id=\"image\" readability=\"8\"> <img src=\"http:\/\/cordobadirecto.com\/wp-content\/uploads\/2021\/07\/el-indio-solari-tiene-su-escultura-en-la-matanza.jpg\" alt=\"La obra fue realizada por Sergio Leguizam\u00f3n y el grupo art\u00edstico &quot;Una obra redonda&quot;. Foto: Lara Sartor.\" title=\"La obra fue realizada por Sergio Leguizam\u00f3n y el grupo art\u00edstico &quot;Una obra redonda&quot;. Foto: Lara Sartor.\"><\/p>\n<p>La obra fue realizada por Sergio Leguizam\u00f3n y el grupo art\u00edstico &#8220;Una obra redonda&#8221;. Foto: Lara Sartor.<\/p>\n<\/div>\n<p>\u201cQued\u00f3 hermoso! No saben lo lindo que quedo! El primer espacio homenaje a Patricio Rey, a la obra de Los Redondos, en esta plaza recuperada de San Justo entre Las Madres, el homenaje al Hundimiento del Belgrano, Quijotes y dem\u00e1s peque\u00f1os h\u00e9roes de esta patria. Queda inaugurado. Para que sea un espacio m\u00e1s, es un aporte de \u00b4Una obra redonda\u00b4, peque\u00f1o homenaje que consiste en una pared con toda la iconograf\u00eda redonda junto a la escultura\u201d, se\u00f1al\u00f3 emocionado el propio Leguizam\u00f3n en un video subido a YouTube.<\/p>\n<p><strong>\u201cCon los pu\u00f1os en alto deseando al final, hacer la revoluci\u00f3n con una canci\u00f3n de amor\u201d<\/strong>, se puede leer al pie de la escultura, una frase que pertenece a letra de la canci\u00f3n &#8220;Hab\u00eda una vez&#8221;, y que est\u00e1 acompa\u00f1ada por el nombre que eligieron para esta iniciativa: &#8220;Proyecto Una Obra Redonda&#8221;.<\/p>\n<p>La obra, que mide 1,67 metros de altura, igual que el cantante de la legendaria banda argentina, se concret\u00f3 gracias a las donaciones de los vecinos y de la gente que se enter\u00f3 del proyecto y se acerc\u00f3 a Leguizam\u00f3n para alcanzarle chatarra que ten\u00edan en sus casas.<\/p>\n<p>Al lado del monumento pintaron un mural realizado por Piero Ojeda, que contiene im\u00e1genes que remiten a diferentes \u00e9pocas de Los Redonditos y a las tapas de algunos de sus emblem\u00e1ticos discos como \u201cOktubre\u201d, \u201cLuzbelito\u201d y \u201c\u00daltimo Bondi a Finisterre\u201d.<\/p>\n<div class=\"image\" id=\"image\" readability=\"7\"> <img src=\"http:\/\/cordobadirecto.com\/wp-content\/uploads\/2021\/07\/el-indio-solari-tiene-su-escultura-en-la-matanza-1.jpg\" alt=\"La escultura pesa m\u00e1s de 100 kilos. Foto: Lara Sartor.\" title=\"La escultura pesa m\u00e1s de 100 kilos. Foto: Lara Sartor.\"><\/p>\n<p>La escultura pesa m\u00e1s de 100 kilos. Foto: Lara Sartor.<\/p>\n<\/div>\n<p>La escultura capta al artista de pie y cantando, imagen que hace honor a lo que m\u00e1s le gusta, idea reflejada en \u201cEncuentro con un \u00e1ngel amateur&#8221;, una canci\u00f3n conmovedora estrenada en el show virtual que el pasado 18 de abril dio junto a Los Fundamentalistas del Aire Acondicionado, banda que lo acompa\u00f1a desde hace a\u00f1os, y en la que repite: \u201c<strong>Yo ya no puedo cumplir, haza\u00f1as que promet\u00ed, solo esperar cantando\u201d.<\/strong><\/p>\n<p>Este tema y \u201cLas ventajas de estar solo\u201d fueron estrenados por el artista en el concierto que el grupo transmiti\u00f3 desde la localidad bonaerense de Villa Epecu\u00e9n, y que satur\u00f3 el streaming, por lo que fue liberado para m\u00e1s de 90.000 personas en YouTube, y en el cual El Indio apareci\u00f3, sin antes haber confirmado su presencia, en pantallas gigantes. <\/p>\n","protected":false},"excerpt":{"rendered":"<p>[embedded content] Una obra Redonda El cantante y compositor argentino Carlos \u201cEl Indio\u201d Solari, de 72 a\u00f1os, fen\u00f3meno de multitudes, fue homenajeado con la creaci\u00f3n de una enorme escultura realizada por el artista local Sergio Leguizam\u00f3n y el grupo art\u00edstico &#8220;Una obra redonda&#8221;, en la Plaza Etcheverry del partido bonaerense de La Matanza. Se trata [&hellip;]<\/p>\n","protected":false},"author":1,"featured_media":10575,"comment_status":"closed","ping_status":"closed","sticky":false,"template":"","format":"standard","meta":[],"categories":[20],"tags":[],"_links":{"self":[{"href":"http:\/\/cordobadirecto.com\/index.php\/wp-json\/wp\/v2\/posts\/10574"}],"collection":[{"href":"http:\/\/cordobadirecto.com\/index.php\/wp-json\/wp\/v2\/posts"}],"about":[{"href":"http:\/\/cordobadirecto.com\/index.php\/wp-json\/wp\/v2\/types\/post"}],"author":[{"embeddable":true,"href":"http:\/\/cordobadirecto.com\/index.php\/wp-json\/wp\/v2\/users\/1"}],"replies":[{"embeddable":true,"href":"http:\/\/cordobadirecto.com\/index.php\/wp-json\/wp\/v2\/comments?post=10574"}],"version-history":[{"count":0,"href":"http:\/\/cordobadirecto.com\/index.php\/wp-json\/wp\/v2\/posts\/10574\/revisions"}],"wp:featuredmedia":[{"embeddable":true,"href":"http:\/\/cordobadirecto.com\/index.php\/wp-json\/wp\/v2\/media\/10575"}],"wp:attachment":[{"href":"http:\/\/cordobadirecto.com\/index.php\/wp-json\/wp\/v2\/media?parent=10574"}],"wp:term":[{"taxonomy":"category","embeddable":true,"href":"http:\/\/cordobadirecto.com\/index.php\/wp-json\/wp\/v2\/categories?post=10574"},{"taxonomy":"post_tag","embeddable":true,"href":"http:\/\/cordobadirecto.com\/index.php\/wp-json\/wp\/v2\/tags?post=10574"}],"curies":[{"name":"wp","href":"https:\/\/api.w.org\/{rel}","templated":true}]}}