{"id":10591,"date":"2021-07-14T18:44:43","date_gmt":"2021-07-14T18:44:43","guid":{"rendered":"http:\/\/estaciontrip.com.ar\/?p=5949"},"modified":"2021-07-14T18:44:43","modified_gmt":"2021-07-14T18:44:43","slug":"tucuman-ya-recibe-a-los-turistas-con-propuestas-de-invierno","status":"publish","type":"post","link":"http:\/\/cordobadirecto.com\/index.php\/2021\/07\/14\/tucuman-ya-recibe-a-los-turistas-con-propuestas-de-invierno\/","title":{"rendered":"Tucum\u00e1n ya recibe a los turistas con propuestas de invierno"},"content":{"rendered":"<p>La belleza de las yungas y el turismo aventura en el cerro San Javier y El Cadillal, a minutos de San Miguel de Tucum\u00e1n; las traves\u00edas por la cuesta de Infiernillo, Ruta 40 con la historia y la cultura ancestral; los apacibles valles calchaqu\u00edes con el senderismo y turismo rural en Taf\u00ed del Valle son junto con el Circuito Sur, el abanico de opciones que propone Tucum\u00e1n para disfrutar de este invierno desde el 1\u00b0 de julio.<\/p>\n<p>Es que la provincia de Tucum\u00e1n junto con sus pares del Norte argentino Jujuy, Salta, La Rioja, Catamarca y Santiago del Estero firmaron un convenio que habilit\u00f3 el libre tr\u00e1nsito por turismo para los residentes norte\u00f1os de la regi\u00f3n.<\/p>\n<p>Y los turistas no se hicieron esperar: los primeros arribaron desde Santa Fe, seguidos de una familia de C\u00f3rdoba. Fueron sorprendidos con una bienvenida repleta de obsequios para disfrutar: vouchers que podr\u00e1n canjear por desayunos, almuerzos, cenas, excursiones y paseos en distintos puntos de la provincia, adem\u00e1s de una variedad de productos regionales.<\/p>\n<div id=\"envira-gallery-wrap-5951\" class=\"envira-gallery-wrap envira-gallery-theme-base envira-lightbox-theme-base\" itemscope itemtype=\"https:\/\/schema.org\/ImageGallery\">\n<div data-row-height data-gallery-theme id=\"envira-gallery-5951\" class=\"envira-gallery-public envira-gallery-1-columns envira-clear enviratope envira-gallery-css-animations\" data-envira-columns=\"1\">\n<div id=\"envira-gallery-item-5952\" class=\"envira-gallery-item enviratope-item envira-gallery-item-1 envira-lazy-load\" itemscope itemtype=\"https:\/\/schema.org\/ImageObject\">\n<div class=\"envira-gallery-item-inner\"><a href=\"http:\/\/cordobadirecto.com\/wp-content\/uploads\/2021\/07\/tucuman-ya-recibe-a-los-turistas-con-propuestas-de-invierno-1.jpg\" class=\"envira-gallery-5951 envira-gallery-link\" rel=\"enviragallery5951\" title=\"Sebasti\u00e1n Giobellina, presidente Ente Tucum\u00e1n Turismo\" data-envira-caption=\"Sebasti\u00e1n Giobellina, presidente Ente Tucum\u00e1n Turismo\" data-envira-retina data-thumbnail itemprop=\"contentUrl\"><\/p>\n<div class=\"envira-lazy\" data-test-width=\"640\" data-test-height=\"480\"><img id=\"envira-gallery-image-5952\" class=\"envira-gallery-image envira-gallery-image-1\" data-envira-index=\"1\" src=\"http:\/\/cordobadirecto.com\/wp-content\/uploads\/2021\/07\/tucuman-ya-recibe-a-los-turistas-con-propuestas-de-invierno.jpg\" data-envira-src=\"http:\/\/cordobadirecto.com\/wp-content\/uploads\/2021\/07\/tucuman-ya-recibe-a-los-turistas-con-propuestas-de-invierno.jpg\" data-envira-gallery-id=\"5951\" data-envira-item-id=\"5952\" data-envira-caption=\"Sebasti\u00e1n Giobellina, presidente Ente Tucum\u00e1n Turismo\" alt title=\"Sebasti\u00e1n Giobellina, presidente Ente Tucum\u00e1n Turismo\" itemprop=\"thumbnailUrl\" data-envira-srcset=\"http:\/\/cordobadirecto.com\/wp-content\/uploads\/2021\/07\/tucuman-ya-recibe-a-los-turistas-con-propuestas-de-invierno.jpg 400w,http:\/\/cordobadirecto.com\/wp-content\/uploads\/2021\/07\/tucuman-ya-recibe-a-los-turistas-con-propuestas-de-invierno.jpg 2x\" srcset=\"data:image\/gif;base64,R0lGODlhAQABAIAAAP\/\/\/\/\/\/\/yH5BAEKAAEALAAAAAABAAEAAAICTAEAOw==\"><\/div>\n<p><\/a><\/div>\n<\/div>\n<\/div>\n<\/div>\n<p><noscript><img src=\"http:\/\/cordobadirecto.com\/wp-content\/uploads\/2021\/07\/tucuman-ya-recibe-a-los-turistas-con-propuestas-de-invierno-1.jpg\" alt><\/noscript> <\/p>\n<p>Del recibimiento particip\u00f3 el presidente del Ente Tucum\u00e1n Turismo, Sebasti\u00e1n Giobellina, quien se manifest\u00f3 optimista en relaci\u00f3n a las expectativas y destac\u00f3 que \u201cesto es un primer paso para poder volver a producir. Nuestra actividad lo necesitaba y hoy recibimos formalmente a los primeros turistas que han llegado a la provincia. Esto fue posible gracias al trabajo conjunto con todos los presidentes de las instituciones que representan a la actividad privada del sector tur\u00edstico de Tucum\u00e1n\u201d.<\/p>\n<figure class=\"wp-block-embed-twitter wp-block-embed is-type-rich is-provider-twitter\">\n<div class=\"wp-block-embed__wrapper\">\n<div class=\"fitvids-video\">\n<blockquote class=\"twitter-tweet\" data-width=\"550\" data-dnt=\"true\">\n<p lang=\"es\" dir=\"ltr\">Con gran alegr\u00eda recibimos hoy a los primeros turistas que llegaron a Tucum\u00e1n para disfrutar de nuestras propuestas de invierno. Los agasajamos de manera conjunta entre el sector p\u00fabico y el privado, dejando inaugurada nuestra temporada. <a href=\"https:\/\/t.co\/6G7od9rf7R\">pic.twitter.com\/6G7od9rf7R<\/a><\/p>\n<p>\u2014 Sebasti\u00e1n Giobellina (@SebaGiobellina) <a href=\"https:\/\/twitter.com\/SebaGiobellina\/status\/1412129767462215680?ref_src=twsrc%5Etfw\">July 5, 2021<\/a><\/p><\/blockquote>\n<\/div>\n<\/div>\n<\/figure>\n<p><strong>Qu\u00e9 hacer<\/strong><\/p>\n<p>San Miguel de Tucum\u00e1n se renueva y propone sus circuitos gastron\u00f3micos y opciones de centros de interpretaci\u00f3n y museos hist\u00f3ricos para quienes viven en esta provincia y los que llegan de los alrededores descubrir\u00e1n que donde hace dos siglos se declar\u00f3 la Independencia hoy se luce con propuestas de gastronom\u00eda, recorridos hist\u00f3ricos y actividades para sentir la naturaleza a pocos minutos de una ciudad capital, como San Miguel, donde el ritmo urbano lo marca la gente, los locales comerciales y el epicentro cultural e hist\u00f3rico de la Naci\u00f3n.<\/p>\n<p>Los cl\u00e1sicos infaltables para los turistas son la selfie en la Casa Hist\u00f3rica de Tucum\u00e1n y en la escultura de La Libertad de Lola Mora en la Plaza Independencia.<\/p>\n<p>Muy cerquita, a 25kil\u00f3metros del centro de San Miguel donde conviven unas 600 mil personas, en bus, auto o rem\u00eds, se accede a trav\u00e9s de un recorrido que trepa hacia el cerro San Javier y promete vivir la experiencia de sentir las yungas, con senderismo, cabalgatas y vuelos en parapente.<\/p>\n<p>Un paseo por las yungas une en su recorrido a las localidades de Yerba Buena; Villa Nougu\u00e9s; San Pablo, San Javier, El Siamb\u00f3n, Raco y El Cadillal con el famoso dique Celestino Gelsi que se convierten en destino de los propios tucumanos, de viajeros de las provincias vecinas y cuando se puede, el elegido por los visitantes del todo el pa\u00eds, que buscan la combinaci\u00f3n de aire puro, naturaleza, actividades al aire libre, buena comida y confort.<\/p>\n<div id=\"envira-gallery-wrap-5953\" class=\"envira-gallery-wrap envira-gallery-theme-base envira-lightbox-theme-base\" itemscope itemtype=\"https:\/\/schema.org\/ImageGallery\">\n<div data-row-height data-gallery-theme id=\"envira-gallery-5953\" class=\"envira-gallery-public envira-gallery-1-columns envira-clear enviratope envira-gallery-css-animations\" data-envira-columns=\"1\">\n<div id=\"envira-gallery-item-5954\" class=\"envira-gallery-item enviratope-item envira-gallery-item-1 envira-lazy-load\" itemscope itemtype=\"https:\/\/schema.org\/ImageObject\">\n<div class=\"envira-gallery-item-inner\"><a href=\"http:\/\/cordobadirecto.com\/wp-content\/uploads\/2021\/07\/tucuman-ya-recibe-a-los-turistas-con-propuestas-de-invierno-3.jpg\" class=\"envira-gallery-5953 envira-gallery-link\" rel=\"enviragallery5953\" title=\"Aventura en Tucum\u00e1n\" data-envira-caption=\"Aventura en Tucum\u00e1n\" data-envira-retina data-thumbnail itemprop=\"contentUrl\"><\/p>\n<div class=\"envira-lazy\" data-test-width=\"640\" data-test-height=\"480\"><img id=\"envira-gallery-image-5954\" class=\"envira-gallery-image envira-gallery-image-1\" data-envira-index=\"1\" src=\"http:\/\/cordobadirecto.com\/wp-content\/uploads\/2021\/07\/tucuman-ya-recibe-a-los-turistas-con-propuestas-de-invierno-2.jpg\" data-envira-src=\"http:\/\/cordobadirecto.com\/wp-content\/uploads\/2021\/07\/tucuman-ya-recibe-a-los-turistas-con-propuestas-de-invierno-2.jpg\" data-envira-gallery-id=\"5953\" data-envira-item-id=\"5954\" data-envira-caption=\"Aventura en Tucum\u00e1n\" alt title=\"Aventura en Tucum\u00e1n\" itemprop=\"thumbnailUrl\" data-envira-srcset=\"http:\/\/cordobadirecto.com\/wp-content\/uploads\/2021\/07\/tucuman-ya-recibe-a-los-turistas-con-propuestas-de-invierno-2.jpg 400w,http:\/\/cordobadirecto.com\/wp-content\/uploads\/2021\/07\/tucuman-ya-recibe-a-los-turistas-con-propuestas-de-invierno-2.jpg 2x\" srcset=\"data:image\/gif;base64,R0lGODlhAQABAIAAAP\/\/\/\/\/\/\/yH5BAEKAAEALAAAAAABAAEAAAICTAEAOw==\"><\/div>\n<p><\/a><\/div>\n<\/div>\n<\/div>\n<\/div>\n<p><noscript><img src=\"http:\/\/cordobadirecto.com\/wp-content\/uploads\/2021\/07\/tucuman-ya-recibe-a-los-turistas-con-propuestas-de-invierno-3.jpg\" alt><\/noscript> <\/p>\n<p>Las Yungas es el segundo sitio de mayor biodiversidad de Argentina luego de la Selva Misionera. El \u00e1rea alberga un centenar de especies de aves registradas; especies de plantas, insectos y animales como las corzuelas, zorros y gatos monteses, que conforman la fauna aut\u00f3ctona que la convierten en lugares de esparcimiento con un valor agregado \u00fanico.<\/p>\n<p>Una joya en esta propuesta ser\u00e1 conocer el Jard\u00edn Bot\u00e1nico y la Reserva Experimental Horco Molle, dos enclaves naturales que resguardan la biodiversidad de regi\u00f3n de yungas tucumana.<\/p>\n<p>Reencontrarse con la naturaleza es una de las premisas en todo el mundo y en este a\u00f1o de pandemia, este destino es ideal por su cercan\u00eda, su seguridad y por todo lo que tiene para ofrecer al tucumano y al turista que podr\u00e1n tambi\u00e9n probar las famosas empanadas tucumanas y de regreso a San Miguel, hacer honor a otra perla gastron\u00f3mica: el s\u00e1nguche de milanesa tucumano.<\/p>\n<p><strong>Requisitos para ingresar a Tucum\u00e1n<\/strong><\/p>\n<p>Los residentes de Salta, Jujuy, Catamarca, Santiago del Estero y La Rioja tienen libre circulaci\u00f3n.<\/p>\n<p>Resto del pa\u00eds debe tramitar el permiso Circular de la aplicaci\u00f3n Cuidar y test PCR de hasta 72 horas previas al ingreso a la provincia.<\/p>\n<p><strong>Datos \u00fatiles<\/strong><\/p>\n<p>Sitio para descargar permiso de circulaci\u00f3n <a href=\"http:\/\/www.argentina.gob.ar\/circular\/turismo\">www.argentina.gob.ar\/circular\/turismo<\/a><\/p>\n<p>M\u00e1s info <a href=\"http:\/\/www.tucumanturismo.gob.ar\">www.tucumanturismo.gob.ar<\/a><\/p>\n","protected":false},"excerpt":{"rendered":"<p>La belleza de las yungas y el turismo aventura en el cerro San Javier y El Cadillal, a minutos de San Miguel de Tucum\u00e1n; las traves\u00edas por la cuesta de Infiernillo, Ruta 40 con la historia y la cultura ancestral; los apacibles valles calchaqu\u00edes con el senderismo y turismo rural en Taf\u00ed del Valle son [&hellip;]<\/p>\n","protected":false},"author":1,"featured_media":10592,"comment_status":"closed","ping_status":"closed","sticky":false,"template":"","format":"standard","meta":[],"categories":[22],"tags":[],"_links":{"self":[{"href":"http:\/\/cordobadirecto.com\/index.php\/wp-json\/wp\/v2\/posts\/10591"}],"collection":[{"href":"http:\/\/cordobadirecto.com\/index.php\/wp-json\/wp\/v2\/posts"}],"about":[{"href":"http:\/\/cordobadirecto.com\/index.php\/wp-json\/wp\/v2\/types\/post"}],"author":[{"embeddable":true,"href":"http:\/\/cordobadirecto.com\/index.php\/wp-json\/wp\/v2\/users\/1"}],"replies":[{"embeddable":true,"href":"http:\/\/cordobadirecto.com\/index.php\/wp-json\/wp\/v2\/comments?post=10591"}],"version-history":[{"count":0,"href":"http:\/\/cordobadirecto.com\/index.php\/wp-json\/wp\/v2\/posts\/10591\/revisions"}],"wp:featuredmedia":[{"embeddable":true,"href":"http:\/\/cordobadirecto.com\/index.php\/wp-json\/wp\/v2\/media\/10592"}],"wp:attachment":[{"href":"http:\/\/cordobadirecto.com\/index.php\/wp-json\/wp\/v2\/media?parent=10591"}],"wp:term":[{"taxonomy":"category","embeddable":true,"href":"http:\/\/cordobadirecto.com\/index.php\/wp-json\/wp\/v2\/categories?post=10591"},{"taxonomy":"post_tag","embeddable":true,"href":"http:\/\/cordobadirecto.com\/index.php\/wp-json\/wp\/v2\/tags?post=10591"}],"curies":[{"name":"wp","href":"https:\/\/api.w.org\/{rel}","templated":true}]}}