{"id":10609,"date":"2021-07-14T23:00:00","date_gmt":"2021-07-14T23:00:00","guid":{"rendered":"http:\/\/cordobadirecto.com\/index.php\/2021\/07\/14\/la-justicia-espanola-declaro-inconstitucional-la-cuarentena-impuesta-por-el-gobierno\/"},"modified":"2021-07-14T23:00:00","modified_gmt":"2021-07-14T23:00:00","slug":"la-justicia-espanola-declaro-inconstitucional-la-cuarentena-impuesta-por-el-gobierno","status":"publish","type":"post","link":"http:\/\/cordobadirecto.com\/index.php\/2021\/07\/14\/la-justicia-espanola-declaro-inconstitucional-la-cuarentena-impuesta-por-el-gobierno\/","title":{"rendered":"La Justicia espa\u00f1ola declar\u00f3 inconstitucional la cuarentena impuesta por el Gobierno"},"content":{"rendered":"<div class=\"image\" id=\"image\" readability=\"7\"> <img src=\"http:\/\/cordobadirecto.com\/wp-content\/uploads\/2021\/07\/la-justicia-espanola-declaro-inconstitucional-la-cuarentena-impuesta-por-el-gobierno.jpg\" alt=\"Sede del Tribunal Constitucional de Espa\u00f1a\" title=\"Sede del Tribunal Constitucional de Espa\u00f1a\"><\/p>\n<p>Sede del Tribunal Constitucional de Espa\u00f1a<\/p>\n<\/div>\n<p>El Tribunal Constitucional de Espa\u00f1a, m\u00e1xima instancia judicial del pa\u00eds, dictamin\u00f3 este mi\u00e9rcoles que la orden de cuarentena dictada el a\u00f1o pasado por el Gobierno bajo un estado de emergencia por la pandemia de coronavirus fue &#8220;inconstitucional&#8221;.<\/p>\n<p>El fallo, que responde a una demanda presentada por el partido ultraderechista Vox, fue dividido:<strong> seis magistrados votaron a favor y cinco en contra de declarar la inconstitucionalidad de la medida, inform\u00f3 la televisora estatal TVE.<\/strong><\/p>\n<p>Seg\u00fan la emisora, el fallo sostiene que <strong>las limitaciones a la circulaci\u00f3n violaban derechos b\u00e1sicos de los ciudadanos y, por lo tanto, el estado de emergencia era insuficiente para darles respaldo constitucional.<\/strong><\/p>\n<p>Con la pandemia en auge, el Gobierno declar\u00f3 el estado de emergencia el 14 de marzo de 2020, ordenando a la gente por varias semanas salir a la calle solo para hacer las compras b\u00e1sicas o realizar actividades esenciales.<\/p>\n<p><strong>El fallo lleg\u00f3 en medio de un repunte de los contagios asociado a la variante Delta<\/strong> y justo cuando algunas regiones vuelven a anunciar restricciones.<\/p>\n<p>Catalu\u00f1a, uno de los epicentros de esta escalada, se aprestaba a pedir autorizaci\u00f3n a la Justicia para recuperar el toque de queda nocturno en Barcelona y las localidades m\u00e1s afectadas, siguiendo el ejemplo de la vecina Comunidad Valenciana, que ya obtuvo el visto bueno.<\/p>\n<p>Los tribunales de las islas Canarias denegaron, sin embargo, el que hab\u00edan pedido las autoridades locales.<\/p>\n<p>De conseguirlo, Catalu\u00f1a acelerar\u00eda as\u00ed la marcha atr\u00e1s iniciada la semana pasada, cuando decret\u00f3 el cierre de los locales de ocio nocturno en los espacios interiores por al menos 15 d\u00edas, alarmada por la explosi\u00f3n de contagios.<\/p>\n<p><strong>&#8220;Los datos son m\u00e1s que p\u00e9simos, son francamente muy, muy malos&#8221;, alert\u00f3 el lunes el responsable regional de Salud, Josep Maria Argimon<\/strong>, durante una conferencia de prensa en la que se anunci\u00f3 el cierre de todas las actividades a las 0.30.<\/p>\n<p>Con una incidencia acumulada de 3.311,46 casos por 100.000 habitantes en 14 d\u00edas entre los j\u00f3venes de 20 a 29 a\u00f1os, Catalu\u00f1a lidera el rebrote, cuando la media nacional para todas las edades es de 436,75 casos.<\/p>\n<p><strong>En las \u00faltimas tres semanas, esta regi\u00f3n de 7,7 millones de habitantes diagnostic\u00f3 alrededor de 100.000 de los 800.000 positivos que acumula desde el comienzo de la pandemia<\/strong>, seg\u00fan el diario local La Vanguardia.<\/p>\n<p>En ese contexto, municipios como el de Barcelona reclaman auxilio desde hace d\u00edas para controlar el acceso a playas y parques, puntos de concentraci\u00f3n de las reuniones de j\u00f3venes desde que a principios de mayo se levant\u00f3 el toque de queda.<\/p>\n<p>Impulsada por la contagiosa cepa originada en la India y con gran parte de la poblaci\u00f3n vulnerable vacunada, esta nueva ola es diferente, con pacientes m\u00e1s j\u00f3venes, muchos todav\u00eda sin vacunar o con la pauta incompleta.<\/p>\n<p><strong>&#8220;Ahora lo que nos est\u00e1 cargando mucho es la hospitalizaci\u00f3n; la inc\u00f3gnita es saber si esto har\u00e1 un viraje hacia la unidad de terapia intensiva, como pas\u00f3 en otras olas o si, al ser un paciente m\u00e1s joven, probablemente no acaba llegando&#8221;, explic\u00f3 \u00c1lvaro Arcocha, subdirector m\u00e9dico del Hospital de Bellvitge,<\/strong> en el \u00e1rea metropolitana de Barcelona.<\/p>\n<p>La mayor preocupaci\u00f3n ahora es gestionar el repunte en pleno per\u00edodo de vacaciones del personal sanitario y tras la relajaci\u00f3n de las medidas, como la del uso del tapabocas, que no es obligatoria en exteriores desde el 26 de junio.<\/p>\n<p>Los Gobiernos regionales tampoco pueden recurrir ya al escudo legal del estado de alarma, que dej\u00f3 de regir a comienzos de mayo, lo cual obliga a que decisiones como el toque de queda deban ser avaladas por la Justicia.<\/p>\n<p>La apuesta nacional es, de momento, seguir acelerando una vacunaci\u00f3n que avanza a muy buen ritmo.<\/p>\n<p><strong>&#8220;En la semana del 19 julio lograremos 25 millones de espa\u00f1oles con pauta completa; eso significa que antes que acabe agosto estaremos ya con 70% de la poblaci\u00f3n inmunizada con pauta completa&#8221;, <\/strong>ponder\u00f3 anoche en una entrevista el presidente del Gobierno, Pedro S\u00e1nchez. <\/p>\n","protected":false},"excerpt":{"rendered":"<p>Sede del Tribunal Constitucional de Espa\u00f1a El Tribunal Constitucional de Espa\u00f1a, m\u00e1xima instancia judicial del pa\u00eds, dictamin\u00f3 este mi\u00e9rcoles que la orden de cuarentena dictada el a\u00f1o pasado por el Gobierno bajo un estado de emergencia por la pandemia de coronavirus fue &#8220;inconstitucional&#8221;. El fallo, que responde a una demanda presentada por el partido ultraderechista [&hellip;]<\/p>\n","protected":false},"author":1,"featured_media":10610,"comment_status":"closed","ping_status":"closed","sticky":false,"template":"","format":"standard","meta":[],"categories":[24],"tags":[],"_links":{"self":[{"href":"http:\/\/cordobadirecto.com\/index.php\/wp-json\/wp\/v2\/posts\/10609"}],"collection":[{"href":"http:\/\/cordobadirecto.com\/index.php\/wp-json\/wp\/v2\/posts"}],"about":[{"href":"http:\/\/cordobadirecto.com\/index.php\/wp-json\/wp\/v2\/types\/post"}],"author":[{"embeddable":true,"href":"http:\/\/cordobadirecto.com\/index.php\/wp-json\/wp\/v2\/users\/1"}],"replies":[{"embeddable":true,"href":"http:\/\/cordobadirecto.com\/index.php\/wp-json\/wp\/v2\/comments?post=10609"}],"version-history":[{"count":0,"href":"http:\/\/cordobadirecto.com\/index.php\/wp-json\/wp\/v2\/posts\/10609\/revisions"}],"wp:featuredmedia":[{"embeddable":true,"href":"http:\/\/cordobadirecto.com\/index.php\/wp-json\/wp\/v2\/media\/10610"}],"wp:attachment":[{"href":"http:\/\/cordobadirecto.com\/index.php\/wp-json\/wp\/v2\/media?parent=10609"}],"wp:term":[{"taxonomy":"category","embeddable":true,"href":"http:\/\/cordobadirecto.com\/index.php\/wp-json\/wp\/v2\/categories?post=10609"},{"taxonomy":"post_tag","embeddable":true,"href":"http:\/\/cordobadirecto.com\/index.php\/wp-json\/wp\/v2\/tags?post=10609"}],"curies":[{"name":"wp","href":"https:\/\/api.w.org\/{rel}","templated":true}]}}