{"id":10663,"date":"2021-07-15T18:39:02","date_gmt":"2021-07-15T18:39:02","guid":{"rendered":"http:\/\/cordobadirecto.com\/index.php\/2021\/07\/15\/el-ballet-estable-del-teatro-colon-regresa-al-escenario-con-un-programa-mixto\/"},"modified":"2021-07-15T18:39:02","modified_gmt":"2021-07-15T18:39:02","slug":"el-ballet-estable-del-teatro-colon-regresa-al-escenario-con-un-programa-mixto","status":"publish","type":"post","link":"http:\/\/cordobadirecto.com\/index.php\/2021\/07\/15\/el-ballet-estable-del-teatro-colon-regresa-al-escenario-con-un-programa-mixto\/","title":{"rendered":"El Ballet Estable del Teatro Col\u00f3n regresa al escenario con un programa mixto"},"content":{"rendered":"<div class=\"image\" id=\"image\" readability=\"8\"> <img src=\"http:\/\/cordobadirecto.com\/wp-content\/uploads\/2021\/07\/el-ballet-estable-del-teatro-colon-regresa-al-escenario-con-un-programa-mixto.jpg\" alt=\"El Ballet Estable del Teatro Col\u00f3n, trabaja bajo la direcci\u00f3n de Paloma Herrera.\" title=\"El Ballet Estable del Teatro Col\u00f3n, trabaja bajo la direcci\u00f3n de Paloma Herrera.\"><\/p>\n<p>El Ballet Estable del Teatro Col\u00f3n, trabaja bajo la direcci\u00f3n de Paloma Herrera.<\/p>\n<\/div>\n<p>El <strong>Ballet Estable del Teatro Col\u00f3n, bajo la direcci\u00f3n de Paloma Herrera, celebra su regreso al escenario entre el 23 y el 27 de julio<\/strong> con un programa mixto con &#8220;Vendaval&#8221;, que abrir\u00e1 con una coreograf\u00eda creada por el bailar\u00edn Maximiliano Iglesias, e &#8220;Itinerario Piazzolla&#8221;, con coreograf\u00eda de Alejandro Cervera.<\/p>\n<p>&#8220;Vendaval&#8221;, coreograf\u00eda de reminiscencias neocl\u00e1sicas que abre el programa, fue creada por el bailar\u00edn <strong>Maximiliano Iglesias<\/strong> a finales de 2020 inspirado en las circunstancias impuestas por la pandemia. &#8220;Conjura el inmenso poder de la m\u00fasica de Tchaikovsky, y desata un vendaval de movimiento para este regreso triunfal del Ballet Estable&#8221;, aseguran desde la organizaci\u00f3n en un comunicado.<\/p>\n<p>Por su parte, &#8220;Itinerario Piazzolla&#8221;, la coreograf\u00eda de<strong> Alejandro Cervera <\/strong>que estrenar\u00e1 el Ballet Estable, transita las obras del maestro Astor Piazzola en el centenario de su nacimiento.<\/p>\n<div class=\"image\" id=\"image\" readability=\"8\"> <img src=\"http:\/\/cordobadirecto.com\/wp-content\/uploads\/2021\/07\/el-ballet-estable-del-teatro-colon-regresa-al-escenario-con-un-programa-mixto-1.jpg\" alt=\"&quot;Vendaval&quot;: abrir\u00e1 con una coreograf\u00eda creada por el bailar\u00edn Maximiliano Iglesias e &quot;Itinerario Piazzolla&quot; de Alejandro Cervera.\" title=\"&quot;Vendaval&quot;: abrir\u00e1 con una coreograf\u00eda creada por el bailar\u00edn Maximiliano Iglesias e &quot;Itinerario Piazzolla&quot; de Alejandro Cervera.\"><\/p>\n<p>&#8220;Vendaval&#8221;: abrir\u00e1 con una coreograf\u00eda creada por el bailar\u00edn Maximiliano Iglesias e &#8220;Itinerario Piazzolla&#8221; de Alejandro Cervera.<\/p>\n<\/div>\n<p>Ser\u00e1n cuatro las funciones de este programa mixto para julio: <strong>estrenar\u00e1 el viernes 23 a las 20, continuar\u00e1 el s\u00e1bado 24 a las 20, el domingo 25 a las 17 y el martes 27 a las 20<\/strong>.<\/p>\n<p>Las entradas ya se encuentran a la venta y podr\u00e1n adquirirse \u00fanicamente de manera online a trav\u00e9s de <strong><a href=\"http:\/\/www.teatrocolon.org.ar\" target=\"_blank\" rel=\"noopener\">www.teatrocolon.org.ar<\/a><\/strong>. <\/p>\n","protected":false},"excerpt":{"rendered":"<p>El Ballet Estable del Teatro Col\u00f3n, trabaja bajo la direcci\u00f3n de Paloma Herrera. El Ballet Estable del Teatro Col\u00f3n, bajo la direcci\u00f3n de Paloma Herrera, celebra su regreso al escenario entre el 23 y el 27 de julio con un programa mixto con &#8220;Vendaval&#8221;, que abrir\u00e1 con una coreograf\u00eda creada por el bailar\u00edn Maximiliano Iglesias, [&hellip;]<\/p>\n","protected":false},"author":1,"featured_media":10664,"comment_status":"closed","ping_status":"closed","sticky":false,"template":"","format":"standard","meta":[],"categories":[20],"tags":[],"_links":{"self":[{"href":"http:\/\/cordobadirecto.com\/index.php\/wp-json\/wp\/v2\/posts\/10663"}],"collection":[{"href":"http:\/\/cordobadirecto.com\/index.php\/wp-json\/wp\/v2\/posts"}],"about":[{"href":"http:\/\/cordobadirecto.com\/index.php\/wp-json\/wp\/v2\/types\/post"}],"author":[{"embeddable":true,"href":"http:\/\/cordobadirecto.com\/index.php\/wp-json\/wp\/v2\/users\/1"}],"replies":[{"embeddable":true,"href":"http:\/\/cordobadirecto.com\/index.php\/wp-json\/wp\/v2\/comments?post=10663"}],"version-history":[{"count":0,"href":"http:\/\/cordobadirecto.com\/index.php\/wp-json\/wp\/v2\/posts\/10663\/revisions"}],"wp:featuredmedia":[{"embeddable":true,"href":"http:\/\/cordobadirecto.com\/index.php\/wp-json\/wp\/v2\/media\/10664"}],"wp:attachment":[{"href":"http:\/\/cordobadirecto.com\/index.php\/wp-json\/wp\/v2\/media?parent=10663"}],"wp:term":[{"taxonomy":"category","embeddable":true,"href":"http:\/\/cordobadirecto.com\/index.php\/wp-json\/wp\/v2\/categories?post=10663"},{"taxonomy":"post_tag","embeddable":true,"href":"http:\/\/cordobadirecto.com\/index.php\/wp-json\/wp\/v2\/tags?post=10663"}],"curies":[{"name":"wp","href":"https:\/\/api.w.org\/{rel}","templated":true}]}}