{"id":106698,"date":"2023-03-21T21:21:14","date_gmt":"2023-03-21T21:21:14","guid":{"rendered":"http:\/\/cordobadirecto.com\/index.php\/2023\/03\/21\/scaloni-los-jugadores-son-una-prolongacion-de-la-gente-en-la-cancha\/"},"modified":"2023-03-21T21:21:14","modified_gmt":"2023-03-21T21:21:14","slug":"scaloni-los-jugadores-son-una-prolongacion-de-la-gente-en-la-cancha","status":"publish","type":"post","link":"http:\/\/cordobadirecto.com\/index.php\/2023\/03\/21\/scaloni-los-jugadores-son-una-prolongacion-de-la-gente-en-la-cancha\/","title":{"rendered":"Scaloni: &#8220;Los jugadores son una prolongaci\u00f3n de la gente en la cancha&#8221;"},"content":{"rendered":"<figure class=\"mb-3\"><img loading=\"lazy\" data-src=\"http:\/\/cordobadirecto.com\/wp-content\/uploads\/2023\/03\/scaloni-los-jugadores-son-una-prolongacion-de-la-gente-en-la-cancha.jpg\" src=\"https:\/\/www.telam.com.ar\/assets\/img\/not_image.png\" class=\" lazy \" width=\"100%\" height=\"100%\" alt=\"Foto Victoria Gesualdi\"><figcaption> Foto: Victoria Gesualdi <\/figcaption><\/figure>\n<p>El seleccionador argentino de f\u00fatbol, <strong>Lionel Scaloni<\/strong>, asegur\u00f3 este martes que la alegr\u00eda por la obtenci\u00f3n de la Copa del Mundo &#8220;ya pas\u00f3&#8221; y que su nueva meta es que los jugadores &#8220;sigan a este nivel&#8221; de cara a futuros compromisos.<\/p>\n<p>&#8220;<strong>La Copa del Mundo para m\u00ed ya pas\u00f3, aunque estamos en nuestro pa\u00eds y es dif\u00edcil despegarse de eso, pero ya pas\u00f3<\/strong>. Como entrenador tengo una nueva meta, es que los jugadores sigan en este nivel. No es que saliste campe\u00f3n del mundo y la vida se acab\u00f3. No, la vida sigue&#8221;, dijo Scaloni en la conferencia de prensa que brind\u00f3 en el predio de la AFA.<\/p>\n<p>Y puntualiz\u00f3: &#8220;Se puede ganar o perder, pero demostrarle a la gente y a los rivales que somos un equipo muy duro de batir&#8221;.<\/p>\n<p>&#8220;Con las redes sociales, aparecen los goles, pero eso no ayuda porque te hace volver atr\u00e1s y tenemos que mirar hacia adelante. Tenemos que apuntar que estos jugadores sigan en este nivel. Yo s\u00e9 que no se van a relajar&#8221;, prosigui\u00f3 el seleccionador campe\u00f3n del mundo, en la previa del partido del jueves ante Panam\u00e1, en River Plate, que servir\u00e1 como festejo de los hinchas con todo el plantel.<\/p>\n<figure class=\"mb-3\"><img loading=\"lazy\" data-src=\"http:\/\/cordobadirecto.com\/wp-content\/uploads\/2023\/03\/scaloni-los-jugadores-son-una-prolongacion-de-la-gente-en-la-cancha-1.jpg\" src=\"https:\/\/www.telam.com.ar\/assets\/img\/not_image.png\" class=\" lazy \" width=\"100%\" height=\"100%\" alt=\"Foto Victoria Gesualdi\"><figcaption> Foto: Victoria Gesualdi <\/figcaption><\/figure>\n<p>En un intercambio simp\u00e1tico entre los periodistas, que incluyeron algunas risas y c\u00e1nticos, Scaloni dijo: &#8220;<strong>No me levanto todas las ma\u00f1anas pensado que soy campe\u00f3n del mundo<\/strong>. Voy a mi pueblo y es normal. No me cambi\u00f3 mucho. Les dije a los jugadores que somos el reflejo de muchas cosas, debemos entender lo que le transmitimos a la gente. Esto sigue siendo f\u00fatbol, hay problemas m\u00e1s grandes como para pensar que les arreglamos la vida&#8221;.<\/p>\n<p>En su reencuentro con los campeones del mundo, Scaloni, adem\u00e1s de recordar algunos momentos de Qatar 2022, aprovech\u00f3 para delinear las pautas a seguir: &#8220;El mensaje fue que empieza un nuevo proceso y. errados o no, tomaremos la mejor decisi\u00f3n posible, los campeones del mundo no corren con ventaja para nada, hay chicos que est\u00e1n creciendo, jugando en buen nivel, depende de lo que pase en la cancha&#8221;.<\/p>\n<p>El ex defensor de Newell&#8217;s Old Boys y Estudiantes La Plata dijo que siente &#8220;una alegr\u00eda enorme&#8221; por la demostraci\u00f3n de afecto de la gente en las calles y quiere que los jugadores vivan la misma sensaci\u00f3n.<\/p>\n<p><strong>&#8220;La gente est\u00e1 contenta y ven a los jugadores o a nosotros, como h\u00e9roes. Es una alegr\u00eda que todav\u00eda perdura. Me gustar\u00eda que los jugadores lo vivan, salgan a la calle, lo vean y reciban esa alegr\u00eda&#8221;<\/strong>, indic\u00f3 el seleccionador argentino.<\/p>\n<figure class=\"mb-3\"><img loading=\"lazy\" data-src=\"http:\/\/cordobadirecto.com\/wp-content\/uploads\/2023\/03\/scaloni-los-jugadores-son-una-prolongacion-de-la-gente-en-la-cancha-2.jpg\" src=\"https:\/\/www.telam.com.ar\/assets\/img\/not_image.png\" class=\" lazy \" width=\"100%\" height=\"100%\" alt=\"Foto Victoria Gesualdi\"><figcaption> Foto: Victoria Gesualdi <\/figcaption><\/figure>\n<p>En ese sentido, <a href=\"https:\/\/www.telam.com.ar\/notas\/202303\/623081-futbol-messi-cena-familiar-palermo-restaurante-don-julio.html\" target=\"_blank\" rel=\"noopener\">Scaloni tambi\u00e9n se mostr\u00f3 emocionado por la cantidad de gente que salud\u00f3 al crack rosarino Lionel Messi anoche en un restaurante del barrio de Palermo<\/a>, en una gigante demostraci\u00f3n de afecto.<\/p>\n<p>&#8220;Me parece algo hermoso porque merece ese cari\u00f1o, como el resto de sus compa\u00f1eros. No lo vivieron poco despu\u00e9s del Mundial y esto los acerca mucho m\u00e1s. Aunque sea el mejor de todos, necesita ver que su gente lo quiere. Le quedar\u00e1 para siempre y es algo muy lindo&#8221;, se\u00f1al\u00f3 Scaloni.<\/p>\n<p>A prop\u00f3sito de Messi, Scaloni se refiri\u00f3 al futuro del n\u00famero &#8220;10&#8221; en el seleccionado: &#8220;\u00c9l est\u00e1 bien, est\u00e1 para seguir viniendo, y hasta que no diga lo contrario, ver\u00e9 qu\u00e9 hago, sino intentar\u00e9 convencerlo. \u00c9l est\u00e1 feliz en la selecci\u00f3n y es muy bueno eso&#8221;.<\/p>\n<p>M\u00e1s all\u00e1 de la felicidad, el seleccionador rosarino <a href=\"https:\/\/www.telam.com.ar\/notas\/202303\/622835-papu-gomez-partido-panama-curazao-recuperacion-lesion.html\" target=\"_blank\" rel=\"noopener\">lament\u00f3 las ausencias por lesi\u00f3n de Alejandro &#8220;Papu&#8221; G\u00f3mez, integrante del plantel campe\u00f3n del mundo<\/a>, y el juvenil Alejandro Garnacho.<\/p>\n<blockquote class=\"twitter-tweet\" readability=\"7.6617100371747\">\n<p lang=\"es\" dir=\"ltr\">Lionel Scaloni, en conferencia de prensa: &#8220;ES UNA L\u00c1STIMA LAS AUSENCIAS DEL PAPU Y DE GARNACHO&#8221;<\/p>\n<p>El entrenador de la Scaloneta lament\u00f3 las bajas a \u00faltimo momento en la convocatoria para los festejos. <a href=\"https:\/\/t.co\/6yghCcHJOV\">pic.twitter.com\/6yghCcHJOV<\/a><\/p>\n<p>\u2014 TyC Sports (@TyCSports) <a href=\"https:\/\/twitter.com\/TyCSports\/status\/1638251385077604354?ref_src=twsrc%5Etfw\">March 21, 2023<\/a><\/p><\/blockquote>\n<p>&#8220;Es una l\u00e1stima las dos ausencias, en especial el &#8220;Papu&#8221;, pero es entendible que no lo dejen venir. Haremos todo lo posible para que pueda estar un d\u00eda o dos. Y con Garnacho confiamos en que pueda estar en la siguiente convocatoria. Tenemos muchas esperanzas en \u00e9l y que pueda vestir la camiseta argentina&#8221;, expres\u00f3.<\/p>\n<p><a href=\"https:\/\/www.telam.com.ar\/notas\/202303\/622475-seleccionado-afa-anuncia-fiesta-campeones-mundo-sin-novedades-entradas.html\" target=\"_blank\" rel=\"noopener\">Argentina enfrentar\u00e1 a Panam\u00e1 el pr\u00f3ximo jueves en el Monumental<\/a> y Scaloni afirm\u00f3 que lo asumen &#8220;como todos los partidos&#8221; que jugaron en su ciclo, m\u00e1s all\u00e1 de los festejos y su condici\u00f3n de amistoso.<\/p>\n<p>&#8220;La camiseta no permite que no demos el m\u00e1ximo. El festejo est\u00e1 bueno, pero en la cancha tenemos que hacer nuestro trabajo. Lo haremos de la manera m\u00e1s natural posible, sabiendo que somos campeones del mundo, no tenemos derecho a m\u00e1s de eso. No podemos hacer lo que queramos. Creo que entendieron el mensaje y est\u00e1n contentos de que el pueblo est\u00e9 feliz&#8221;, dijo Scaloni.<\/p>\n<p>Por \u00faltimo, el DT de la &#8220;Scaloneta&#8221; confirm\u00f3 la presencia de la delegaci\u00f3n argentina el lunes 27 en Paraguay, para el sorteo de la Copa Libertadores y Copa Sudamericana, tras la invitaci\u00f3n de Conmebol a trav\u00e9s de su presidente, Alejandro Dom\u00ednguez.<\/p>\n<p>&#8220;Iremos a Paraguay porque nos har\u00e1n un homenaje. Es importante el reconocimiento para Sudam\u00e9rica. Veremos la cuesti\u00f3n de log\u00edstica, pero ir\u00edamos todos&#8221;, concluy\u00f3 Scaloni.<\/p>\n<h2 class>Sobre no citar a Retegui: &#8220;no tiene sentido cortar una trayectoria si no estamos convencidos&#8221;<\/h2>\n<p><\/p>\n<figure class=\"mb-3\"><img loading=\"lazy\" data-src=\"http:\/\/cordobadirecto.com\/wp-content\/uploads\/2023\/03\/scaloni-los-jugadores-son-una-prolongacion-de-la-gente-en-la-cancha-3.jpg\" src=\"https:\/\/www.telam.com.ar\/assets\/img\/not_image.png\" class=\" lazy \" width=\"100%\" height=\"100%\" alt=\"Foto Victoria Gesualdi\"><figcaption> Foto: Victoria Gesualdi <\/figcaption><\/figure>\n<p>El seleccionador argentino explic\u00f3 porqu\u00e9 no cit\u00f3 al delantero <strong>Mateo Retegui<\/strong>, quien fue convocado por Italia para las Eliminatorias de la Eurocopa 2024, y que el tiempo juzgar\u00e1 su decisi\u00f3n.<\/p>\n<p>&#8220;La realidad es que hoy no podemos cortar esa carrera. No le puedo decir: &#8220;a lo mejor te citamos&#8221;, \u00bfy si no viene?&#8221;, manifest\u00f3 Scaloni en la conferencia de prensa que realiz\u00f3 en el predio de la AFA.<\/p>\n<p>&#8220;Hay que pensar en el chico y en su puesto, porque hay varios que est\u00e1n bien. Despu\u00e9s se ver\u00e1 si le pegu\u00e9 o no le pegu\u00e9&#8221;, indic\u00f3 Scaloni.<\/p>\n<p>&#8220;No queremos arruinar algo cuando no estamos convencidos. Cuando uno no cree que es el momento, no tiene sentido cortar una trayectoria. Si juega para Italia, que le vaya bien, no tiene sentido ponerse a pensar si lo convoc\u00e1bamos&#8221;, se\u00f1al\u00f3 el entrenador.<\/p>\n<h2 class>&#8220;Le dije a Mascherano que estaba equivocado&#8221;<\/h2>\n<p><\/p>\n<figure class=\"mb-3\"><img loading=\"lazy\" data-src=\"http:\/\/cordobadirecto.com\/wp-content\/uploads\/2023\/03\/scaloni-los-jugadores-son-una-prolongacion-de-la-gente-en-la-cancha-4.jpg\" src=\"https:\/\/www.telam.com.ar\/assets\/img\/not_image.png\" class=\" lazy \" width=\"100%\" height=\"100%\" alt=\"Foto Victoria Gesualdi\"><figcaption> Foto: Victoria Gesualdi <\/figcaption><\/figure>\n<p>Scaloni tambi\u00e9n lament\u00f3 la renuncia de <strong>Javier Mascherano <\/strong>al frente del Sub-20 luego de la err\u00e1tica participaci\u00f3n en el Sudamericano de Colombia, y le dijo que estaba &#8220;equivocado&#8221; en su decisi\u00f3n.<\/p>\n<p>&#8220;Con Mascherano habl\u00e9, varias veces, luego del torneo tambi\u00e9n. \u00c9l siente que lo mejor es no seguir, le dije que estaba equivocado, pero es alguien que vivi\u00f3 tantos a\u00f1os en la selecci\u00f3n y sabe lo que hace&#8221;, se\u00f1al\u00f3.<\/p>\n<p>El seleccionado argentino Sub-20 fue dirigido por el excapit\u00e1n y n\u00famero &#8220;5&#8221; del seleccionado mayor, pero puso a disposici\u00f3n su renuncia luego de que el equipo no haya podido lograr el objetivo de clasificarse para el Mundial de la categor\u00eda.<\/p>\n<p>&#8220;Intentamos de todas las maneras que continuara, est\u00e1bamos en l\u00ednea y entendimos que su trabajo fue muy bueno&#8221;, destac\u00f3 el DT de la &#8220;Scaloneta&#8221;.<\/p>\n<p>&#8220;Pero est\u00e1 su decisi\u00f3n. Es una p\u00e9rdida importante, lo aprecio un mont\u00f3n y hay que respetarlo&#8221;, finaliz\u00f3 Scaloni sobre la salida de Mascherano<\/p>\n","protected":false},"excerpt":{"rendered":"<p>Foto: Victoria Gesualdi El seleccionador argentino de f\u00fatbol, Lionel Scaloni, asegur\u00f3 este martes que la alegr\u00eda por la obtenci\u00f3n de la Copa del Mundo &#8220;ya pas\u00f3&#8221; y que su nueva meta es que los jugadores &#8220;sigan a este nivel&#8221; de cara a futuros compromisos. &#8220;La Copa del Mundo para m\u00ed ya pas\u00f3, aunque estamos en [&hellip;]<\/p>\n","protected":false},"author":1,"featured_media":106699,"comment_status":"closed","ping_status":"closed","sticky":false,"template":"","format":"standard","meta":[],"categories":[21],"tags":[],"_links":{"self":[{"href":"http:\/\/cordobadirecto.com\/index.php\/wp-json\/wp\/v2\/posts\/106698"}],"collection":[{"href":"http:\/\/cordobadirecto.com\/index.php\/wp-json\/wp\/v2\/posts"}],"about":[{"href":"http:\/\/cordobadirecto.com\/index.php\/wp-json\/wp\/v2\/types\/post"}],"author":[{"embeddable":true,"href":"http:\/\/cordobadirecto.com\/index.php\/wp-json\/wp\/v2\/users\/1"}],"replies":[{"embeddable":true,"href":"http:\/\/cordobadirecto.com\/index.php\/wp-json\/wp\/v2\/comments?post=106698"}],"version-history":[{"count":0,"href":"http:\/\/cordobadirecto.com\/index.php\/wp-json\/wp\/v2\/posts\/106698\/revisions"}],"wp:featuredmedia":[{"embeddable":true,"href":"http:\/\/cordobadirecto.com\/index.php\/wp-json\/wp\/v2\/media\/106699"}],"wp:attachment":[{"href":"http:\/\/cordobadirecto.com\/index.php\/wp-json\/wp\/v2\/media?parent=106698"}],"wp:term":[{"taxonomy":"category","embeddable":true,"href":"http:\/\/cordobadirecto.com\/index.php\/wp-json\/wp\/v2\/categories?post=106698"},{"taxonomy":"post_tag","embeddable":true,"href":"http:\/\/cordobadirecto.com\/index.php\/wp-json\/wp\/v2\/tags?post=106698"}],"curies":[{"name":"wp","href":"https:\/\/api.w.org\/{rel}","templated":true}]}}