{"id":106756,"date":"2023-03-21T20:50:52","date_gmt":"2023-03-21T20:50:52","guid":{"rendered":"https:\/\/cordoba.gob.ar\/?p=41988"},"modified":"2023-03-21T20:50:52","modified_gmt":"2023-03-21T20:50:52","slug":"se-lanza-el-concurso-re-creo-escuelas-que-reciclan","status":"publish","type":"post","link":"http:\/\/cordobadirecto.com\/index.php\/2023\/03\/21\/se-lanza-el-concurso-re-creo-escuelas-que-reciclan\/","title":{"rendered":"Se lanza el concurso \u201cRE-CREO, escuelas que reciclan\u201d"},"content":{"rendered":"<div><img src=\"http:\/\/cordobadirecto.com\/wp-content\/uploads\/2023\/03\/se-lanza-el-concurso-re-creo-escuelas-que-reciclan.jpg\" class=\"ff-og-image-inserted\"><\/div>\n<p>En el marco del proceso de econom\u00eda circular que lleva adelante la gesti\u00f3n del Intendente Mart\u00edn Llaryora, a trav\u00e9s del Ente C\u00f3rdoba Obras y Servicios, este viernes se lanza la segunda edici\u00f3n del concurso \u201cRE-CREO, ESCUELAS QUE RECICLAN\u201d.<\/p>\n<p>RE-CREO es un programa del COyS que tiene varios objetivos. En primer lugar, seguir instalando la idea de recuperar y reciclar los residuos que genera la ciudad.<\/p>\n<p>En segundo lugar, generar un marco de confianza y a trav\u00e9s de visitas y capacitaciones los alumnos de nuestras escuelas puedan conocer la ardua tarea que diariamente lleva adelante el municipio, para que el destino final de nuestros residuos no sea el predio de enterramiento.<\/p>\n<p>Y en tercer lugar, hacerlo desde un enfoque m\u00e1s cercano a las nuevas generaciones, con el incentivo de poder viajar y ganar premios de acuerdo a la cantidad de toneladas que pueda recuperar cada escuela.<\/p>\n<p>El concurso \u201cRE-CREO, ESCUELAS QUE RECICLAN\u201d est\u00e1 dirigido a estudiantes de 6to Grado de las 38 escuelas municipales.<\/p>\n<p>En caso de que otros cursos de las escuelas quieran involucrarse, podr\u00e1n hacerlo sin problemas ayudando a los 6tos grados.<\/p>\n<p>Precisamente lo que se busca es contagiar buenas pr\u00e1cticas vinculadas a la recuperaci\u00f3n de material reciclable en todos los establecimientos educativos.<\/p>\n<p>Durante dos meses, los estudiantes deber\u00e1n juntar la mayor cantidad posible de material reciclable (papel, cart\u00f3n, pl\u00e1stico, etc.).<\/p>\n<p>Se realizar\u00e1n 4 concursos durante todo el 2022 divididos en zonas tal como se rese\u00f1a a continuaci\u00f3n. Las dos escuelas que junten m\u00e1s material reciclable en cada concurso, se llevan los premios detallados aqu\u00ed.<\/p>\n<p>\u2022 1er Concurso: Zona Sur<br \/>\u2022 2do Concurso: Zona Norte<br \/>\u2022 3er Concurso: Zona Este<br \/>\u2022 4to Concurso: Zona Oeste<\/p>\n<p>Los premios que ganar\u00e1n las escuelas son los siguientes:<\/p>\n<p>a. Las dos escuelas que m\u00e1s volumen de material junten ganar\u00e1n un viaje gratuito con estad\u00eda de una noche en la ciudad de Carlos Paz.<\/p>\n<p>b. Por su participaci\u00f3n en el concurso todas las escuelas ganar\u00e1n un kit deportivo (pelotas, conos, inflador, etc.) proporcionado por la Subsecretar\u00eda de Deportes de la Secretar\u00eda de Gobierno de la Municipalidad de C\u00f3rdoba.<\/p>\n<p>Victoria Flores, presidenta de C\u00f3rdoba obras y Servicios, declar\u00f3 al momento del inaugurar este concurso: \u201cLa gesti\u00f3n del proceso de econom\u00eda circular tiene mucho de educar, de aprender y de construir una sociedad m\u00e1s amigable del ambiente. El intendente Mart\u00edn Llaryora nos viene pidiendo trabajar con fuerza en esta l\u00ednea; las escuelas de nuestra ciudad son un estandarte clave de esto, trabajaremos en conjunto para que C\u00f3rdoba siga siendo el faro de la econom\u00eda circular de la ciudad\u201d.<\/p>\n<p>Por su parte, el Secretario de Educaci\u00f3n, Horacio Ferreyra, expres\u00f3: \u201cEsta edici\u00f3n del Concurso Re-Creo, Escuelas que Reciclan, nos permite intensificar el abordaje de la educaci\u00f3n para el desarrollo sostenible desde nuestras escuelas, en este caso trabajando espec\u00edficamente la Educaci\u00f3n Ambiental\u201d.<\/p>\n<p>Los materiales reciclados en las escuelas se pesar\u00e1n en las b\u00e1sculas que posee el Centro Verde EcoFem que pertenecen al COyS. All\u00ed se har\u00e1 un registro del volumen acopiado en cada escuela y se ir\u00e1 registrando en una planilla general.<\/p>\n<p>A cada director\/a se le informar\u00e1 el peso correspondiente al material juntado en SU escuela cada semana. Se emitir\u00e1 un certificado por cada pesaje. Al final del concurso se publicar\u00e1 el listado completo con los resultados oficiales.<\/p>\n","protected":false},"excerpt":{"rendered":"<p>En el marco del proceso de econom\u00eda circular que lleva adelante la gesti\u00f3n del Intendente Mart\u00edn Llaryora, a trav\u00e9s del Ente C\u00f3rdoba Obras y Servicios, este viernes se lanza la segunda edici\u00f3n del concurso \u201cRE-CREO, ESCUELAS QUE RECICLAN\u201d. RE-CREO es un programa del COyS que tiene varios objetivos. En primer lugar, seguir instalando la idea [&hellip;]<\/p>\n","protected":false},"author":1,"featured_media":106757,"comment_status":"closed","ping_status":"closed","sticky":false,"template":"","format":"standard","meta":[],"categories":[44],"tags":[],"_links":{"self":[{"href":"http:\/\/cordobadirecto.com\/index.php\/wp-json\/wp\/v2\/posts\/106756"}],"collection":[{"href":"http:\/\/cordobadirecto.com\/index.php\/wp-json\/wp\/v2\/posts"}],"about":[{"href":"http:\/\/cordobadirecto.com\/index.php\/wp-json\/wp\/v2\/types\/post"}],"author":[{"embeddable":true,"href":"http:\/\/cordobadirecto.com\/index.php\/wp-json\/wp\/v2\/users\/1"}],"replies":[{"embeddable":true,"href":"http:\/\/cordobadirecto.com\/index.php\/wp-json\/wp\/v2\/comments?post=106756"}],"version-history":[{"count":0,"href":"http:\/\/cordobadirecto.com\/index.php\/wp-json\/wp\/v2\/posts\/106756\/revisions"}],"wp:featuredmedia":[{"embeddable":true,"href":"http:\/\/cordobadirecto.com\/index.php\/wp-json\/wp\/v2\/media\/106757"}],"wp:attachment":[{"href":"http:\/\/cordobadirecto.com\/index.php\/wp-json\/wp\/v2\/media?parent=106756"}],"wp:term":[{"taxonomy":"category","embeddable":true,"href":"http:\/\/cordobadirecto.com\/index.php\/wp-json\/wp\/v2\/categories?post=106756"},{"taxonomy":"post_tag","embeddable":true,"href":"http:\/\/cordobadirecto.com\/index.php\/wp-json\/wp\/v2\/tags?post=106756"}],"curies":[{"name":"wp","href":"https:\/\/api.w.org\/{rel}","templated":true}]}}