{"id":10718,"date":"2021-07-16T12:33:29","date_gmt":"2021-07-16T12:33:29","guid":{"rendered":"https:\/\/www.bbc.com\/mundo\/noticias-internacional-57849341"},"modified":"2021-07-16T12:33:29","modified_gmt":"2021-07-16T12:33:29","slug":"al-menos-120-muertos-y-mas-de-1-000-desaparecidos-en-las-catastroficas-inundaciones-en-alemania-y-belgica","status":"publish","type":"post","link":"http:\/\/cordobadirecto.com\/index.php\/2021\/07\/16\/al-menos-120-muertos-y-mas-de-1-000-desaparecidos-en-las-catastroficas-inundaciones-en-alemania-y-belgica\/","title":{"rendered":"Al menos 120 muertos y m\u00e1s de 1.000 desaparecidos en las &#8220;catastr\u00f3ficas&#8221; inundaciones en Alemania y B\u00e9lgica"},"content":{"rendered":"<div dir=\"ltr\" class=\"e1j2237y5 bbc-q4ibpr e57qer20\">\n<div class=\"bbc-1atl7vu e1c9i7u14\">\n<ul role=\"list\" class=\"bbc-cdrraw e1c9i7u12\">\n<li role=\"listitem\" class=\"bbc-1a3w4ok e1c9i7u11\">Redacci\u00f3n <\/li>\n<li role=\"listitem\" class=\"bbc-1p92jtu e1c9i7u10\">BBC News Mundo<\/li>\n<\/ul>\n<\/div>\n<\/div>\n<div dir=\"ltr\" class=\"e1j2237y6 bbc-q4ibpr e57qer20\"><time datetime=\"2021-07-15\" class=\"bbc-14xtggo e4zesg50\">15 julio 2021<\/time><\/p>\n<p><time datetime=\"2021-07-16\" class=\"bbc-14xtggo e4zesg50\">Actualizado 1 hora<\/time><\/p>\n<\/div>\n<div dir=\"ltr\" class=\"bbc-1ka88fa e57qer20\">\n<figure class=\"bbc-1qdcvv9 e6bmn90\">\n<div dir=\"ltr\" class=\"bbc-172p16q e57qer20\">\n<div dir=\"ltr\" class=\"bbc-189y18v e57qer20\">\n<div data-e2e=\"image-placeholder\" class=\"bbc-1k5hvrj e1whu0\"><img srcset=\"http:\/\/cordobadirecto.com\/wp-content\/uploads\/2021\/07\/al-menos-120-muertos-y-mas-de-1-000-desaparecidos-en-las-catastroficas-inundaciones-en-alemania-y-belgica-7.jpg 240w, http:\/\/cordobadirecto.com\/wp-content\/uploads\/2021\/07\/al-menos-120-muertos-y-mas-de-1-000-desaparecidos-en-las-catastroficas-inundaciones-en-alemania-y-belgica-8.jpg 320w, http:\/\/cordobadirecto.com\/wp-content\/uploads\/2021\/07\/al-menos-120-muertos-y-mas-de-1-000-desaparecidos-en-las-catastroficas-inundaciones-en-alemania-y-belgica-9.jpg 480w, http:\/\/cordobadirecto.com\/wp-content\/uploads\/2021\/07\/al-menos-120-muertos-y-mas-de-1-000-desaparecidos-en-las-catastroficas-inundaciones-en-alemania-y-belgica-10.jpg 624w, http:\/\/cordobadirecto.com\/wp-content\/uploads\/2021\/07\/al-menos-120-muertos-y-mas-de-1-000-desaparecidos-en-las-catastroficas-inundaciones-en-alemania-y-belgica-11.jpg 800w\" alt=\"Se cree que algunos residentes de la ciudad de Erftstadt-Blessem, en Alemania, se quedaron atrapados en sus casas.\" src=\"http:\/\/cordobadirecto.com\/wp-content\/uploads\/2021\/07\/al-menos-120-muertos-y-mas-de-1-000-desaparecidos-en-las-catastroficas-inundaciones-en-alemania-y-belgica.jpg\" width=\"976\" class=\"bbc-fat2bc e1enwo3v0\"><\/p>\n<p role=\"text\" class=\"bbc-1s1cxbv etq3yw90\"><span class=\"bbc-1gnhmg2 e1yt7oin0\">Fuente de la imagen, <\/span><span lang=\"en-GB\">EPA<\/span><\/p>\n<\/div>\n<\/div>\n<div dir=\"ltr\" class=\"bbc-3edg7g e57qer20\" readability=\"7.5\"><figcaption dir=\"ltr\" class=\"bbc-1t9zlwf eede9f50\" readability=\"5\"><span class=\"bbc-1gnhmg2 e1yt7oin0\">Pie de foto, <\/span><\/p>\n<p>Se cree que algunos residentes de la ciudad de Erftstadt-Blessem, en Alemania, se quedaron atrapados en sus casas.<\/p>\n<\/figcaption><\/div>\n<\/div>\n<\/figure>\n<\/div>\n<div dir=\"ltr\" class=\"bbc-19j92fr e57qer20\" readability=\"7\">\n<p dir=\"ltr\" class=\"bbc-bm53ic e1cc2ql70\"><b>Al menos 120 personas han muerto en Alemania y B\u00e9lgica a causa de unas graves inundaciones.<\/b><\/p>\n<\/div>\n<div dir=\"ltr\" class=\"bbc-19j92fr e57qer20\" readability=\"13\">\n<p dir=\"ltr\" class=\"bbc-bm53ic e1cc2ql70\">La mayor\u00eda de las muertes se han registrado <b>en Alemania<\/b>, m\u00e1s de un centenar, donde tambi\u00e9n hay m\u00e1s de 1.000 desaparecidos, seg\u00fan inform\u00f3 este viernes la polic\u00eda local, citada por la agencia <i class=\"bbc-h1y5j7 ewc4zcb0\">Reuters.<\/i><\/p>\n<\/div>\n<div dir=\"ltr\" class=\"bbc-19j92fr e57qer20\" readability=\"11\">\n<p dir=\"ltr\" class=\"bbc-bm53ic e1cc2ql70\">Los estados de Renania-Palatinado y Renania del Norte-Westfalia, lim\u00edtrofes con B\u00e9lgica, han sido los m\u00e1s afectados, con edificios y autom\u00f3viles siendo arrasados por los torrenciales aguaceros. <\/p>\n<\/div>\n<div dir=\"ltr\" class=\"bbc-19j92fr e57qer20\" readability=\"11\">\n<p dir=\"ltr\" class=\"bbc-bm53ic e1cc2ql70\">En el lado belga, al menos otras 22 personas han muerto. Las autoridades de Lieja, en el este del pa\u00eds, han instado a todos sus residentes a evacuar la ciudad.<\/p>\n<\/div>\n<div dir=\"ltr\" class=\"bbc-19j92fr e57qer20\" readability=\"9\">\n<p dir=\"ltr\" class=\"bbc-bm53ic e1cc2ql70\">Estos incidentes son consecuencia de los <b>niveles <\/b><b>r\u00e9cord<\/b> de precipitaci\u00f3n que Europa occidental ha experimentado en los \u00faltimos d\u00edas y que han provocado que algunos de los principales r\u00edos de la regi\u00f3n se desborden.<\/p>\n<\/div>\n<div dir=\"ltr\" class=\"bbc-19j92fr e57qer20\" readability=\"10\">\n<p dir=\"ltr\" class=\"bbc-bm53ic e1cc2ql70\">Los Pa\u00edses Bajos tambi\u00e9n se han visto gravemente afectados. En la provincia sure\u00f1a de Limburgo las aguas han arruinado un gran n\u00famero de casas, y varias residencias de ancianos han tenido que ser evacuadas.<\/p>\n<\/div>\n<div dir=\"ltr\" class=\"bbc-19j92fr e57qer20\" readability=\"8\">\n<p dir=\"ltr\" class=\"bbc-bm53ic e1cc2ql70\">En la ciudad de Maastricht, unas 10.000 personas han recibido la orden de evacuaci\u00f3n.<\/p>\n<\/div>\n<div dir=\"ltr\" class=\"bbc-19j92fr e57qer20\" readability=\"10\">\n<p dir=\"ltr\" class=\"bbc-bm53ic e1cc2ql70\">La gobernante del estado alem\u00e1n de Renania-Palatinado, Malu Dreyer, ha descrito la inundaci\u00f3n como &#8220;<b>cat<\/b><b>astr\u00f3fica<\/b>&#8220;.<\/p>\n<\/div>\n<div dir=\"ltr\" class=\"bbc-19j92fr e57qer20\" readability=\"11\">\n<p dir=\"ltr\" class=\"bbc-bm53ic e1cc2ql70\">&#8220;Hay muertos, desaparecidos y mucha gente todav\u00eda en peligro&#8221;, asegur\u00f3. &#8220;Todos nuestros servicios de emergencia est\u00e1n en acci\u00f3n permanente, arriesgando sus propias vidas&#8221;.<\/p>\n<\/div>\n<div dir=\"ltr\" class=\"bbc-19j92fr e57qer20\" readability=\"13\">\n<p dir=\"ltr\" class=\"bbc-bm53ic e1cc2ql70\">En la misma l\u00ednea, este viernes el Stephan Mayer, secretario de Estado parlamentario del Ministerio Federal de Interior, Construcci\u00f3n y Comunidad, describi\u00f3 la situaci\u00f3n como una &#8220;cat\u00e1strofe humanitaria&#8221;.<\/p>\n<\/div>\n<div dir=\"ltr\" class=\"ek1plzs1 bbc-9m7iam e57qer20\">\n<figure class=\"bbc-1qdcvv9 e6bmn90\">\n<div dir=\"ltr\" class=\"bbc-vx18wi e57qer20\">\n<div dir=\"ltr\" class=\"bbc-rprdln e57qer20\">\n<div data-e2e=\"image-placeholder\" class=\"bbc-1kfkubl e1whu0\"><noscript><img srcset=\"http:\/\/cordobadirecto.com\/wp-content\/uploads\/2021\/07\/al-menos-120-muertos-y-mas-de-1-000-desaparecidos-en-las-catastroficas-inundaciones-en-alemania-y-belgica.png 240w, http:\/\/cordobadirecto.com\/wp-content\/uploads\/2021\/07\/al-menos-120-muertos-y-mas-de-1-000-desaparecidos-en-las-catastroficas-inundaciones-en-alemania-y-belgica.png 320w, http:\/\/cordobadirecto.com\/wp-content\/uploads\/2021\/07\/al-menos-120-muertos-y-mas-de-1-000-desaparecidos-en-las-catastroficas-inundaciones-en-alemania-y-belgica.png 480w, http:\/\/cordobadirecto.com\/wp-content\/uploads\/2021\/07\/al-menos-120-muertos-y-mas-de-1-000-desaparecidos-en-las-catastroficas-inundaciones-en-alemania-y-belgica.png 624w, http:\/\/cordobadirecto.com\/wp-content\/uploads\/2021\/07\/al-menos-120-muertos-y-mas-de-1-000-desaparecidos-en-las-catastroficas-inundaciones-en-alemania-y-belgica.png 800w\" alt=\"Mapa Europa.\" src=\"http:\/\/cordobadirecto.com\/wp-content\/uploads\/2021\/07\/al-menos-120-muertos-y-mas-de-1-000-desaparecidos-en-las-catastroficas-inundaciones-en-alemania-y-belgica.png\" width=\"1280\" class=\"bbc-fat2bc e1enwo3v0\"><\/noscript><\/div>\n<\/div>\n<\/div>\n<\/figure>\n<\/div>\n<div dir=\"ltr\" class=\"bbc-19j92fr e57qer20\" readability=\"11\">\n<p dir=\"ltr\" class=\"bbc-bm53ic e1cc2ql70\">Por su parte, la canciller Angela Merkel, que se encuentra en Estados Unidos donde se reuni\u00f3 con el presidente Joe Biden, afirm\u00f3 estar &#8220;conmocionada por el desastre&#8221;.<\/p>\n<\/div>\n<div dir=\"ltr\" class=\"bbc-19j92fr e57qer20\" readability=\"11\">\n<p dir=\"ltr\" class=\"bbc-bm53ic e1cc2ql70\">Al menos <b>19 personas murieron<\/b> en el distrito de Ahrweiler de Renania-Palatinado, despu\u00e9s de que el r\u00edo Ahr, que desemboca en el Rin, se desbordara.<\/p>\n<\/div>\n<div dir=\"ltr\" class=\"bbc-19j92fr e57qer20\" readability=\"10\">\n<p dir=\"ltr\" class=\"bbc-bm53ic e1cc2ql70\">Helic\u00f3pteros de la polic\u00eda y cientos de soldados han sido desplegados en algunas \u00e1reas para ayudar a los residentes varados. De acuerdo con la polic\u00eda, decenas de personas esperaban en los tejados de sus casas mientras eran rescatadas.<\/p>\n<\/div>\n<div dir=\"ltr\" class=\"bbc-19j92fr e57qer20\" readability=\"8\">\n<p dir=\"ltr\" class=\"bbc-bm53ic e1cc2ql70\"><i class=\"bbc-h1y5j7 ewc4zcb0\">Arrastr<\/i><i class=\"bbc-h1y5j7 ewc4zcb0\">a<\/i><i class=\"bbc-h1y5j7 ewc4zcb0\"> el bot\u00f3n para ver la ciudad alemana de Bad Neuenahr-Ahrweiler antes y despu\u00e9s de las inundaciones<\/i><\/p>\n<\/div>\n<div dir=\"ltr\" class=\"bbc-19j92fr e57qer20\">\n<div id=\"include-1\" tabindex=\"-1\" class=\"bbc-1npwuzj estnm9r0\">\n<div class=\"flourish-container\" id=\"flourish-container-vjeastasia-800-flourish_on_slack-newsspec-31263\" readability=\"6\">\n<div class=\"flourish-fallback\" id=\"flourish-fallback-vjeastasia-800-flourish_on_slack-newsspec-31263\" readability=\"7\">\n<p>Your device may not support this visualisation<\/p>\n<\/p><\/div><\/div><\/div>\n<\/div>\n<p><h2 id=\"Nunca-hab\u00eda-visto-algo-as\u00ed\" tabindex=\"-1\" class=\"bbc-l3e97o e14hemmw0\">&#8220;Nunca hab\u00eda visto algo as\u00ed&#8221;<\/h2>\n<\/p>\n<div dir=\"ltr\" class=\"bbc-19j92fr e57qer20\" readability=\"8\">\n<p dir=\"ltr\" class=\"bbc-bm53ic e1cc2ql70\">Las escuelas en todo el oeste del pa\u00eds han sido cerradas y los servicios de transporte se han visto fuertemente interrumpidos.<\/p>\n<\/div>\n<div dir=\"ltr\" class=\"bbc-1ka88fa e57qer20\">\n<figure class=\"bbc-1qdcvv9 e6bmn90\">\n<div dir=\"ltr\" class=\"bbc-172p16q e57qer20\">\n<div dir=\"ltr\" class=\"bbc-189y18v e57qer20\">\n<div data-e2e=\"image-placeholder\" class=\"bbc-1k5hvrj e1whu0\"><noscript><img srcset=\"http:\/\/cordobadirecto.com\/wp-content\/uploads\/2021\/07\/al-menos-120-muertos-y-mas-de-1-000-desaparecidos-en-las-catastroficas-inundaciones-en-alemania-y-belgica-12.jpg 240w, http:\/\/cordobadirecto.com\/wp-content\/uploads\/2021\/07\/al-menos-120-muertos-y-mas-de-1-000-desaparecidos-en-las-catastroficas-inundaciones-en-alemania-y-belgica-13.jpg 320w, http:\/\/cordobadirecto.com\/wp-content\/uploads\/2021\/07\/al-menos-120-muertos-y-mas-de-1-000-desaparecidos-en-las-catastroficas-inundaciones-en-alemania-y-belgica-14.jpg 480w, http:\/\/cordobadirecto.com\/wp-content\/uploads\/2021\/07\/al-menos-120-muertos-y-mas-de-1-000-desaparecidos-en-las-catastroficas-inundaciones-en-alemania-y-belgica-15.jpg 624w, http:\/\/cordobadirecto.com\/wp-content\/uploads\/2021\/07\/al-menos-120-muertos-y-mas-de-1-000-desaparecidos-en-las-catastroficas-inundaciones-en-alemania-y-belgica-16.jpg 800w\" alt=\"Escombros de casas y autom\u00f3viles despu\u00e9s de las inundaciones en Schuld, Alemania, el 15 de julio de 2021\" src=\"http:\/\/cordobadirecto.com\/wp-content\/uploads\/2021\/07\/al-menos-120-muertos-y-mas-de-1-000-desaparecidos-en-las-catastroficas-inundaciones-en-alemania-y-belgica-1.jpg\" width=\"976\" class=\"bbc-fat2bc e1enwo3v0\"><\/noscript><\/p>\n<p role=\"text\" class=\"bbc-1s1cxbv etq3yw90\"><span class=\"bbc-1gnhmg2 e1yt7oin0\">Fuente de la imagen, <\/span><span lang=\"en-GB\">EPA<\/span><\/p>\n<\/div>\n<\/div>\n<div dir=\"ltr\" class=\"bbc-3edg7g e57qer20\"><figcaption dir=\"ltr\" class=\"bbc-1t9zlwf eede9f50\"><span class=\"bbc-1gnhmg2 e1yt7oin0\">Pie de foto, <\/span><\/p>\n<p>Schuld, Alemania,<\/p>\n<\/figcaption><\/div>\n<\/div>\n<\/figure>\n<\/div>\n<div dir=\"ltr\" class=\"bbc-19j92fr e57qer20\" readability=\"12\">\n<p dir=\"ltr\" class=\"bbc-bm53ic e1cc2ql70\">Unas 25 casas est\u00e1n en peligro de derrumbarse en el distrito de Schuld bei Adenau, en la regi\u00f3n monta\u00f1osa de Eifel, donde se ha declarado <b>el estado de emergencia<\/b>, seg\u00fan la emisora \u200b\u200balemana SWR.<\/p>\n<\/div>\n<div dir=\"ltr\" class=\"bbc-19j92fr e57qer20\" readability=\"9\">\n<p dir=\"ltr\" class=\"bbc-bm53ic e1cc2ql70\">De acuerdo con la misma fuente, algunas casas se hab\u00edan quedado completamente aisladas y ya no se pod\u00eda llegar a ellas ni en barco.<\/p>\n<\/div>\n<div dir=\"ltr\" class=\"bbc-19j92fr e57qer20\" readability=\"12\">\n<p dir=\"ltr\" class=\"bbc-bm53ic e1cc2ql70\">Asimismo, se han reportado <b>ocho muertes en el distrito de Euskirchen<\/b>, en Renania del Norte-Westfalia, mientras que al menos cuatro personas murieron en la regi\u00f3n de Eifel cuando sus casas fueron arrasadas por el agua. <\/p>\n<\/div>\n<div dir=\"ltr\" class=\"bbc-19j92fr e57qer20\" readability=\"7\">\n<p dir=\"ltr\" class=\"bbc-bm53ic e1cc2ql70\">Algunos locales le dijeron a la agencia de noticias <i class=\"bbc-h1y5j7 ewc4zcb0\">AFP <\/i>que estaban impresionados por el desastre.<\/p>\n<\/div>\n<div dir=\"ltr\" class=\"bbc-19j92fr e57qer20\" readability=\"11\">\n<p dir=\"ltr\" class=\"bbc-bm53ic e1cc2ql70\">&#8220;Nadie esperaba esto, \u00bfde d\u00f3nde vino toda esta lluvia? Es una locura&#8221;, afirm\u00f3 Annemarie Mueller, una residente de Mayen de 65 a\u00f1os. <\/p>\n<\/div>\n<div dir=\"ltr\" class=\"bbc-1ka88fa e57qer20\">\n<figure class=\"bbc-1qdcvv9 e6bmn90\">\n<div dir=\"ltr\" class=\"bbc-172p16q e57qer20\">\n<div dir=\"ltr\" class=\"bbc-189y18v e57qer20\">\n<div data-e2e=\"image-placeholder\" class=\"bbc-1k5hvrj e1whu0\"><noscript><img srcset=\"http:\/\/cordobadirecto.com\/wp-content\/uploads\/2021\/07\/al-menos-120-muertos-y-mas-de-1-000-desaparecidos-en-las-catastroficas-inundaciones-en-alemania-y-belgica-17.jpg 240w, http:\/\/cordobadirecto.com\/wp-content\/uploads\/2021\/07\/al-menos-120-muertos-y-mas-de-1-000-desaparecidos-en-las-catastroficas-inundaciones-en-alemania-y-belgica-18.jpg 320w, http:\/\/cordobadirecto.com\/wp-content\/uploads\/2021\/07\/al-menos-120-muertos-y-mas-de-1-000-desaparecidos-en-las-catastroficas-inundaciones-en-alemania-y-belgica-19.jpg 480w, http:\/\/cordobadirecto.com\/wp-content\/uploads\/2021\/07\/al-menos-120-muertos-y-mas-de-1-000-desaparecidos-en-las-catastroficas-inundaciones-en-alemania-y-belgica-20.jpg 624w, http:\/\/cordobadirecto.com\/wp-content\/uploads\/2021\/07\/al-menos-120-muertos-y-mas-de-1-000-desaparecidos-en-las-catastroficas-inundaciones-en-alemania-y-belgica-21.jpg 800w\" alt=\"Verviers, B\u00e9lgica.\" src=\"http:\/\/cordobadirecto.com\/wp-content\/uploads\/2021\/07\/al-menos-120-muertos-y-mas-de-1-000-desaparecidos-en-las-catastroficas-inundaciones-en-alemania-y-belgica-2.jpg\" width=\"976\" class=\"bbc-fat2bc e1enwo3v0\"><\/noscript><\/p>\n<p role=\"text\" class=\"bbc-1s1cxbv etq3yw90\"><span class=\"bbc-1gnhmg2 e1yt7oin0\">Fuente de la imagen, <\/span><span lang=\"en-GB\">EPA<\/span><\/p>\n<\/div>\n<\/div>\n<div dir=\"ltr\" class=\"bbc-3edg7g e57qer20\"><figcaption dir=\"ltr\" class=\"bbc-1t9zlwf eede9f50\"><span class=\"bbc-1gnhmg2 e1yt7oin0\">Pie de foto, <\/span><\/p>\n<p>Verviers, B\u00e9lgica.<\/p>\n<\/figcaption><\/div>\n<\/div>\n<\/figure>\n<\/div>\n<div dir=\"ltr\" class=\"bbc-19j92fr e57qer20\" readability=\"9\">\n<p dir=\"ltr\" class=\"bbc-bm53ic e1cc2ql70\">&#8220;Hubo un ruido tan fuerte y, dada la rapidez con que baj\u00f3, pensamos que romper\u00eda la puerta&#8221;.<\/p>\n<\/div>\n<div dir=\"ltr\" class=\"bbc-19j92fr e57qer20\" readability=\"9\">\n<p dir=\"ltr\" class=\"bbc-bm53ic e1cc2ql70\">La maestra local Ortrud Meyer, de 36 a\u00f1os, indic\u00f3 que &#8220;<b>nunca hab\u00eda visto <\/b><b>algo as\u00ed<\/b>&#8220;.<\/p>\n<\/div>\n<div dir=\"ltr\" class=\"bbc-19j92fr e57qer20\" readability=\"9\">\n<p dir=\"ltr\" class=\"bbc-bm53ic e1cc2ql70\">&#8220;Mi suegro tiene casi 80 a\u00f1os, es de Mayen y dice que nunca ha experimentado algo as\u00ed&#8221;, dijo.<\/p>\n<\/div>\n<p><h2 id=\"El-llamado-para-evacuar-Lieja\" tabindex=\"-1\" class=\"bbc-l3e97o e14hemmw0\">El llamado para evacuar Lieja<\/h2>\n<\/p>\n<div dir=\"ltr\" class=\"bbc-19j92fr e57qer20\" readability=\"7\">\n<p dir=\"ltr\" class=\"bbc-bm53ic e1cc2ql70\">Dos bomberos tambi\u00e9n fallecieron el mi\u00e9rcoles en la regi\u00f3n. <\/p>\n<\/div>\n<div dir=\"ltr\" class=\"bbc-1ka88fa e57qer20\">\n<figure class=\"bbc-1qdcvv9 e6bmn90\">\n<div dir=\"ltr\" class=\"bbc-172p16q e57qer20\">\n<div dir=\"ltr\" class=\"bbc-189y18v e57qer20\">\n<div data-e2e=\"image-placeholder\" class=\"bbc-1k5hvrj e1whu0\"><noscript><img srcset=\"http:\/\/cordobadirecto.com\/wp-content\/uploads\/2021\/07\/al-menos-120-muertos-y-mas-de-1-000-desaparecidos-en-las-catastroficas-inundaciones-en-alemania-y-belgica-22.jpg 240w, http:\/\/cordobadirecto.com\/wp-content\/uploads\/2021\/07\/al-menos-120-muertos-y-mas-de-1-000-desaparecidos-en-las-catastroficas-inundaciones-en-alemania-y-belgica-23.jpg 320w, http:\/\/cordobadirecto.com\/wp-content\/uploads\/2021\/07\/al-menos-120-muertos-y-mas-de-1-000-desaparecidos-en-las-catastroficas-inundaciones-en-alemania-y-belgica-24.jpg 480w, http:\/\/cordobadirecto.com\/wp-content\/uploads\/2021\/07\/al-menos-120-muertos-y-mas-de-1-000-desaparecidos-en-las-catastroficas-inundaciones-en-alemania-y-belgica-25.jpg 624w, http:\/\/cordobadirecto.com\/wp-content\/uploads\/2021\/07\/al-menos-120-muertos-y-mas-de-1-000-desaparecidos-en-las-catastroficas-inundaciones-en-alemania-y-belgica-26.jpg 800w\" alt=\"Una mujer intenta moverse en una calle inundada tras las fuertes lluvias en Lieja\" src=\"http:\/\/cordobadirecto.com\/wp-content\/uploads\/2021\/07\/al-menos-120-muertos-y-mas-de-1-000-desaparecidos-en-las-catastroficas-inundaciones-en-alemania-y-belgica-3.jpg\" width=\"976\" class=\"bbc-fat2bc e1enwo3v0\"><\/noscript><\/p>\n<p role=\"text\" class=\"bbc-1s1cxbv etq3yw90\"><span class=\"bbc-1gnhmg2 e1yt7oin0\">Fuente de la imagen, <\/span><span lang=\"en-GB\">AFP<\/span><\/p>\n<\/div>\n<\/div>\n<div dir=\"ltr\" class=\"bbc-3edg7g e57qer20\" readability=\"6.5\"><figcaption dir=\"ltr\" class=\"bbc-1t9zlwf eede9f50\" readability=\"3\"><span class=\"bbc-1gnhmg2 e1yt7oin0\">Pie de foto, <\/span><\/p>\n<p>Una carretera sumergida en Lieja, B\u00e9lgica.<\/p>\n<\/figcaption><\/div>\n<\/div>\n<\/figure>\n<\/div>\n<div dir=\"ltr\" class=\"bbc-19j92fr e57qer20\" readability=\"8\">\n<p dir=\"ltr\" class=\"bbc-bm53ic e1cc2ql70\">Uno se ahog\u00f3, mientras que el otro habr\u00eda <b>colapsado <\/b><b>luego de una operaci\u00f3n<\/b> de rescate.<\/p>\n<\/div>\n<div dir=\"ltr\" class=\"bbc-19j92fr e57qer20\" readability=\"9\">\n<p dir=\"ltr\" class=\"bbc-bm53ic e1cc2ql70\">B\u00e9lgica tambi\u00e9n se ha visto afectada por inundaciones repentinas; un dram\u00e1tico video compartido en las redes sociales muestra autos siendo arrastrados a lo largo de una calle en la ciudad de Verviers.<\/p>\n<\/div>\n<div dir=\"ltr\" class=\"bbc-19j92fr e57qer20\" readability=\"10\">\n<p dir=\"ltr\" class=\"bbc-bm53ic e1cc2ql70\">El alcalde de Lieja, la tercera conglomeraci\u00f3n m\u00e1s grande de B\u00e9lgica despu\u00e9s de Bruselas y Amberes, ha instado a todos sus habitantes a evacuar la ciudad.<\/p>\n<\/div>\n<div dir=\"ltr\" class=\"bbc-19j92fr e57qer20\" readability=\"9\">\n<p dir=\"ltr\" class=\"bbc-bm53ic e1cc2ql70\">En ese mismo sentido, pidi\u00f3 que aquellos que no puedan abandonarla se trasladen a los pisos superiores de sus edificios. <\/p>\n<\/div>\n<div dir=\"ltr\" class=\"bbc-19j92fr e57qer20\" readability=\"11\">\n<p dir=\"ltr\" class=\"bbc-bm53ic e1cc2ql70\">Se espera que el r\u00edo Mosa, que atraviesa la ciudad, suba otros 150cm, <b>a pesar de que ya est\u00e1 a punto de desbordarse<\/b>. <\/p>\n<\/div>\n<div dir=\"ltr\" class=\"bbc-19j92fr e57qer20\" readability=\"8\">\n<p dir=\"ltr\" class=\"bbc-bm53ic e1cc2ql70\">A los funcionarios locales tambi\u00e9n les preocupa que colapse el puente de una presa en el \u00e1rea y le piden a los habitantes que se ayuden entre s\u00ed. <\/p>\n<\/div>\n<div dir=\"ltr\" class=\"bbc-19j92fr e57qer20\" readability=\"9\">\n<p dir=\"ltr\" class=\"bbc-bm53ic e1cc2ql70\">&#8220;La <b>situaci\u00f3n de crisis es excepcional <\/b>y debe prevalecer la solidaridad&#8221;, se\u00f1al\u00f3 la Alcald\u00eda de Lieja en un comunicado.<\/p>\n<\/div>\n<div dir=\"ltr\" class=\"bbc-19j92fr e57qer20\" readability=\"10\">\n<p dir=\"ltr\" class=\"bbc-bm53ic e1cc2ql70\">Mientras tanto, en la localidad belga de Pepinster, <b>10 casas <\/b>se derrumbaron despu\u00e9s de que el r\u00edo Vesdre se desbordara.<\/p>\n<\/div>\n<div dir=\"ltr\" class=\"bbc-1ka88fa e57qer20\">\n<figure class=\"bbc-1qdcvv9 e6bmn90\">\n<div dir=\"ltr\" class=\"bbc-172p16q e57qer20\">\n<div dir=\"ltr\" class=\"bbc-189y18v e57qer20\" readability=\"6.5\">\n<div data-e2e=\"image-placeholder\" class=\"bbc-1k5hvrj e1whu0\" readability=\"8\"><noscript><img srcset=\"http:\/\/cordobadirecto.com\/wp-content\/uploads\/2021\/07\/al-menos-120-muertos-y-mas-de-1-000-desaparecidos-en-las-catastroficas-inundaciones-en-alemania-y-belgica-27.jpg 240w, http:\/\/cordobadirecto.com\/wp-content\/uploads\/2021\/07\/al-menos-120-muertos-y-mas-de-1-000-desaparecidos-en-las-catastroficas-inundaciones-en-alemania-y-belgica-28.jpg 320w, http:\/\/cordobadirecto.com\/wp-content\/uploads\/2021\/07\/al-menos-120-muertos-y-mas-de-1-000-desaparecidos-en-las-catastroficas-inundaciones-en-alemania-y-belgica-29.jpg 480w, http:\/\/cordobadirecto.com\/wp-content\/uploads\/2021\/07\/al-menos-120-muertos-y-mas-de-1-000-desaparecidos-en-las-catastroficas-inundaciones-en-alemania-y-belgica-30.jpg 624w, http:\/\/cordobadirecto.com\/wp-content\/uploads\/2021\/07\/al-menos-120-muertos-y-mas-de-1-000-desaparecidos-en-las-catastroficas-inundaciones-en-alemania-y-belgica-31.jpg 800w\" alt=\"Una mujer mira los escombros tra\u00eddos por el agua junto al r\u00edo Ahr.\" src=\"http:\/\/cordobadirecto.com\/wp-content\/uploads\/2021\/07\/al-menos-120-muertos-y-mas-de-1-000-desaparecidos-en-las-catastroficas-inundaciones-en-alemania-y-belgica-4.jpg\" width=\"976\" class=\"bbc-fat2bc e1enwo3v0\"><\/noscript><\/p>\n<p role=\"text\" class=\"bbc-1s1cxbv etq3yw90\"><span class=\"bbc-1gnhmg2 e1yt7oin0\">Fuente de la imagen, <\/span><span lang=\"en-GB\">Reuters<\/span><\/p>\n<\/div>\n<\/div>\n<div dir=\"ltr\" class=\"bbc-3edg7g e57qer20\" readability=\"6\"><figcaption dir=\"ltr\" class=\"bbc-1t9zlwf eede9f50\" readability=\"2\"><span class=\"bbc-1gnhmg2 e1yt7oin0\">Pie de foto, <\/span><\/p>\n<p>El r\u00edo Ahr se desbord\u00f3 y arras\u00f3 con todo lo que estaba a sus orillas.<\/p>\n<\/figcaption><\/div>\n<\/div>\n<\/figure>\n<\/div>\n<div dir=\"ltr\" class=\"bbc-19j92fr e57qer20\" readability=\"8\">\n<p dir=\"ltr\" class=\"bbc-bm53ic e1cc2ql70\">Los servicios ferroviarios en la mitad sur de B\u00e9lgica han sido suspendidos debido a las precipitaciones e inundaciones. <\/p>\n<\/div>\n<div dir=\"ltr\" class=\"bbc-19j92fr e57qer20\" readability=\"8\">\n<p dir=\"ltr\" class=\"bbc-bm53ic e1cc2ql70\">Los pron\u00f3sticos sugieren que <b>se esperan m\u00e1s lluvias fuertes<\/b> en gran parte de Europa Occidental el jueves y viernes.<\/p>\n<\/div>\n<div dir=\"ltr\" class=\"bbc-19j92fr e57qer20\" readability=\"10\">\n<p dir=\"ltr\" class=\"bbc-bm53ic e1cc2ql70\">Los expertos aseguran que se pronostica que el cambio clim\u00e1tico aumente la frecuencia de eventos clim\u00e1ticos extremos como este, pero vincular un evento \u00fanico con el calentamiento global es complicado.<\/p>\n<\/div>\n<div dir=\"ltr\" class=\"bbc-19j92fr e57qer20\" readability=\"11\">\n<p dir=\"ltr\" class=\"bbc-bm53ic e1cc2ql70\">Sin embargo, Armin Laschet, el primer ministro de Renania del Norte-Westfalia, <b>ha culpado <\/b><b>al calentamiento global<\/b> de lo que est\u00e1 viviendo su regi\u00f3n durante una visita a una zona muy afectada.<\/p>\n<\/div>\n<div dir=\"ltr\" class=\"bbc-19j92fr e57qer20\" readability=\"10\">\n<p dir=\"ltr\" class=\"bbc-bm53ic e1cc2ql70\">&#8220;Nos enfrentaremos a tales eventos una y otra vez, y eso significa que necesitamos acelerar las medidas de protecci\u00f3n al clima&#8230; porque el cambio clim\u00e1tico no se limita a un solo estado&#8221;, dijo.<\/p>\n<\/div>\n<div dir=\"ltr\" class=\"bbc-1ka88fa e57qer20\">\n<figure class=\"bbc-1qdcvv9 e6bmn90\">\n<div dir=\"ltr\" class=\"bbc-172p16q e57qer20\">\n<div dir=\"ltr\" class=\"bbc-189y18v e57qer20\" readability=\"6.5\">\n<div data-e2e=\"image-placeholder\" class=\"bbc-1k5hvrj e1whu0\" readability=\"8\"><noscript><img srcset=\"http:\/\/cordobadirecto.com\/wp-content\/uploads\/2021\/07\/al-menos-120-muertos-y-mas-de-1-000-desaparecidos-en-las-catastroficas-inundaciones-en-alemania-y-belgica-32.jpg 240w, http:\/\/cordobadirecto.com\/wp-content\/uploads\/2021\/07\/al-menos-120-muertos-y-mas-de-1-000-desaparecidos-en-las-catastroficas-inundaciones-en-alemania-y-belgica-33.jpg 320w, http:\/\/cordobadirecto.com\/wp-content\/uploads\/2021\/07\/al-menos-120-muertos-y-mas-de-1-000-desaparecidos-en-las-catastroficas-inundaciones-en-alemania-y-belgica-34.jpg 480w, http:\/\/cordobadirecto.com\/wp-content\/uploads\/2021\/07\/al-menos-120-muertos-y-mas-de-1-000-desaparecidos-en-las-catastroficas-inundaciones-en-alemania-y-belgica-35.jpg 624w, http:\/\/cordobadirecto.com\/wp-content\/uploads\/2021\/07\/al-menos-120-muertos-y-mas-de-1-000-desaparecidos-en-las-catastroficas-inundaciones-en-alemania-y-belgica-36.jpg 800w\" alt=\"Un hombre carga a un perro a trav\u00e9s de los escombros tra\u00eddos por el agua.\" src=\"http:\/\/cordobadirecto.com\/wp-content\/uploads\/2021\/07\/al-menos-120-muertos-y-mas-de-1-000-desaparecidos-en-las-catastroficas-inundaciones-en-alemania-y-belgica-5.jpg\" width=\"976\" class=\"bbc-fat2bc e1enwo3v0\"><\/noscript><\/p>\n<p role=\"text\" class=\"bbc-1s1cxbv etq3yw90\"><span class=\"bbc-1gnhmg2 e1yt7oin0\">Fuente de la imagen, <\/span><span lang=\"en-GB\">Reuters<\/span><\/p>\n<\/div>\n<\/div>\n<div dir=\"ltr\" class=\"bbc-3edg7g e57qer20\" readability=\"6\"><figcaption dir=\"ltr\" class=\"bbc-1t9zlwf eede9f50\" readability=\"2\"><span class=\"bbc-1gnhmg2 e1yt7oin0\">Pie de foto, <\/span><\/p>\n<p>Muchas casas en Schuld bei Adenau est\u00e1n a punto de derrumbarse.<\/p>\n<\/figcaption><\/div>\n<\/div>\n<\/figure>\n<\/div>\n<div dir=\"ltr\" class=\"bbc-1ka88fa e57qer20\">\n<figure class=\"bbc-1qdcvv9 e6bmn90\">\n<div dir=\"ltr\" class=\"bbc-172p16q e57qer20\">\n<div dir=\"ltr\" class=\"bbc-189y18v e57qer20\">\n<div data-e2e=\"image-placeholder\" class=\"bbc-367mqz e1whu0\"><noscript><img srcset=\"http:\/\/cordobadirecto.com\/wp-content\/uploads\/2021\/07\/al-menos-120-muertos-y-mas-de-1-000-desaparecidos-en-las-catastroficas-inundaciones-en-alemania-y-belgica-37.jpg 240w, http:\/\/cordobadirecto.com\/wp-content\/uploads\/2021\/07\/al-menos-120-muertos-y-mas-de-1-000-desaparecidos-en-las-catastroficas-inundaciones-en-alemania-y-belgica-38.jpg 320w, http:\/\/cordobadirecto.com\/wp-content\/uploads\/2021\/07\/al-menos-120-muertos-y-mas-de-1-000-desaparecidos-en-las-catastroficas-inundaciones-en-alemania-y-belgica-39.jpg 464w\" alt=\"L\u00ednea\" src=\"http:\/\/cordobadirecto.com\/wp-content\/uploads\/2021\/07\/al-menos-120-muertos-y-mas-de-1-000-desaparecidos-en-las-catastroficas-inundaciones-en-alemania-y-belgica-6.jpg\" width=\"464\" class=\"bbc-fat2bc e1enwo3v0\"><\/noscript><\/div>\n<\/div>\n<\/div>\n<\/figure>\n<\/div>\n<div dir=\"ltr\" class=\"bbc-19j92fr e57qer20\" readability=\"8\">\n<p dir=\"ltr\" class=\"bbc-bm53ic e1cc2ql70\"><i class=\"bbc-h1y5j7 ewc4zcb0\">Ahora puedes recibir notificaciones de BBC Mundo. Descarga la nueva versi\u00f3n de nuestra app y act\u00edvalas para no perderte nuestro mejor contenido.<\/i><\/p>\n<\/div>\n","protected":false},"excerpt":{"rendered":"<p>Redacci\u00f3n BBC News Mundo 15 julio 2021 Actualizado 1 hora Fuente de la imagen, EPA Pie de foto, Se cree que algunos residentes de la ciudad de Erftstadt-Blessem, en Alemania, se quedaron atrapados en sus casas. Al menos 120 personas han muerto en Alemania y B\u00e9lgica a causa de unas graves inundaciones. La mayor\u00eda de [&hellip;]<\/p>\n","protected":false},"author":1,"featured_media":10719,"comment_status":"closed","ping_status":"closed","sticky":false,"template":"","format":"standard","meta":[],"categories":[24],"tags":[],"_links":{"self":[{"href":"http:\/\/cordobadirecto.com\/index.php\/wp-json\/wp\/v2\/posts\/10718"}],"collection":[{"href":"http:\/\/cordobadirecto.com\/index.php\/wp-json\/wp\/v2\/posts"}],"about":[{"href":"http:\/\/cordobadirecto.com\/index.php\/wp-json\/wp\/v2\/types\/post"}],"author":[{"embeddable":true,"href":"http:\/\/cordobadirecto.com\/index.php\/wp-json\/wp\/v2\/users\/1"}],"replies":[{"embeddable":true,"href":"http:\/\/cordobadirecto.com\/index.php\/wp-json\/wp\/v2\/comments?post=10718"}],"version-history":[{"count":0,"href":"http:\/\/cordobadirecto.com\/index.php\/wp-json\/wp\/v2\/posts\/10718\/revisions"}],"wp:featuredmedia":[{"embeddable":true,"href":"http:\/\/cordobadirecto.com\/index.php\/wp-json\/wp\/v2\/media\/10719"}],"wp:attachment":[{"href":"http:\/\/cordobadirecto.com\/index.php\/wp-json\/wp\/v2\/media?parent=10718"}],"wp:term":[{"taxonomy":"category","embeddable":true,"href":"http:\/\/cordobadirecto.com\/index.php\/wp-json\/wp\/v2\/categories?post=10718"},{"taxonomy":"post_tag","embeddable":true,"href":"http:\/\/cordobadirecto.com\/index.php\/wp-json\/wp\/v2\/tags?post=10718"}],"curies":[{"name":"wp","href":"https:\/\/api.w.org\/{rel}","templated":true}]}}