{"id":107494,"date":"2023-03-26T19:45:28","date_gmt":"2023-03-26T19:45:28","guid":{"rendered":"https:\/\/www.ole.com.ar\/autos\/tc-toay-ciantini-triunfo-landa-sancion_0_UahXcj1hJe.html"},"modified":"2023-03-26T19:45:28","modified_gmt":"2023-03-26T19:45:28","slug":"carrera-historica-en-el-tc-del-triunfo-de-ciantini-al-llanto-descontrolado-de-landa","status":"publish","type":"post","link":"http:\/\/cordobadirecto.com\/index.php\/2023\/03\/26\/carrera-historica-en-el-tc-del-triunfo-de-ciantini-al-llanto-descontrolado-de-landa\/","title":{"rendered":"Carrera hist\u00f3rica en el TC: del triunfo de Ciantini al llanto descontrolado de Landa"},"content":{"rendered":"<p><time class=\"createDate\" datetime=\"2023-03-26T16:45:28-03:00\">26\/03\/2023 16:45hs.<\/time><time class=\"modificatedDate\" datetime=\"2023\/03\/26T17:38:13-03:00\"> Actualizado al 26\/03\/2023 17:38hs.<\/time><\/p>\n<div id=\"storyBody\">\n<div class=\"custom-text \" readability=\"40\">\n<p>El circuito de Toay alberg\u00f3 una de las mejores carreras del \u00faltimo tiempo en el <strong>Turismo Carretera<\/strong>. Luego de que muchas veces las carreras se vuelvan mon\u00f3tonas por la falta de sobrepasos, la tercera fecha de la temporada cont\u00f3 con un c\u00f3ctel de condimentos para hacer bramar a la multitud presente en La Pampa y, por qu\u00e9 no tambi\u00e9n, a aquellos que vivieron la definici\u00f3n a trav\u00e9s de la transmisi\u00f3n televisiva. Y los que m\u00e1s festejaron fueron los fan\u00e1ticos de Chevrolet, que se mostraron <strong>fervorosos en las tribunas por la victoria de Diego Ciantini<\/strong>, quien se subi\u00f3 a lo m\u00e1s alto del podio por primera vez en la categor\u00eda reina del automovilismo nacional.<\/p>\n<\/div>\n<div class=\"sc-996041c8-0 iUjELL\"><img alt=\"Ciantini festej\u00f3 con su primer triunfo. (Prensa TC)\" src=\"http:\/\/cordobadirecto.com\/wp-content\/uploads\/2023\/03\/carrera-historica-en-el-tc-del-triunfo-de-ciantini-al-llanto-descontrolado-de-landa.jpg\" width=\"72\" height=\"10\" decoding=\"async\" data-nimg=\"future\" loading=\"lazy\"><span>Ciantini festej\u00f3 con su primer triunfo. (Prensa TC)<\/span><\/div>\n<div class=\"custom-text \" readability=\"33.627906976744\">\n<p>La calurosa tarde de Toay pintaba para un hist\u00f3rico triunfo de un piloto de Toyota. <strong>Ma<\/strong><a href=\"https:\/\/www.ole.com.ar\/autos\/matias-rossi-toyota-tc-toay-pole_0_9iSIuUvdwn.html\" target=\"_blank\" rel=\"noopener\"><strong>t\u00edas Rossi tuvo el mejor ritmo durante las pr\u00e1cticas y en la clasificaci\u00f3n <\/strong><\/a>y, de hecho, hasta se luci\u00f3 en la entrada obligatoria a boxes para la <strong>recarga de combustible<\/strong>. Estuvo tan preciso que incluso sali\u00f3 una mil\u00e9sima antes que el propio Ciantini. Y todo parec\u00eda indicar que no hab\u00eda margen para perder la oportunidad de escribir una p\u00e1gina gloriosa en el Turismo Carretera. Sin embargo, a falta de 15 giros para el cierre, se le fundi\u00f3 el motor y todo cambi\u00f3.<\/p>\n<\/div>\n<div class=\"sc-e6588e40-0 jdjGfi\">\n<div class=\"sc-e6588e40-1 hsKqox videoText\" id=\"contentTitleundefinedk14O9cYJ\" readability=\"56\"><svg fill=\"#ffffff\"><symbol id=\"play\" viewBox=\"0 0 512 512\"><path d=\"M512 256C512 397.4 397.4 512 256 512C114.6 512 0 397.4 0 256C0 114.6 114.6 0 256 0C397.4 0 512 114.6 512 256zM176 168V344C176 352.7 180.7 360.7 188.3 364.9C195.8 369.2 205.1 369 212.5 364.5L356.5 276.5C363.6 272.1 368 264.4 368 256C368 247.6 363.6 239.9 356.5 235.5L212.5 147.5C205.1 142.1 195.8 142.8 188.3 147.1C180.7 151.3 176 159.3 176 168V168z\" \/><\/symbol><use xlink:href=\"#play\" \/><\/svg><\/p>\n<div class=\"right\" readability=\"7\">\n<p>Turismo Carretera<!-- --> &#8211;<!-- --> <span>26-3-2023<\/span><\/p>\n<h2 class=\"title-vid\">El festejo emotivo de Diego Ciantini<\/h2>\n<\/div>\n<\/div>\n<p><span class=\"back\" id=\"spanBackundefinedk14O9cYJ\"><\/span><\/div>\n<div class=\"custom-text \" readability=\"38\">\n<p>Claro, la l\u00f3gica hubiese sido que Ciantini aprovechara la distancia con el resto y sacara ventaja con aire limpio. No obstante, detr\u00e1s de todos apareci\u00f3 Marcos Landa a pura velocidad. <strong>El uruguayo de Torino ten\u00eda el auto con mayor ritmo sobre el asfalto.<\/strong> <strong>Volaba<\/strong>. En cada vuelta descontaba hasta m\u00e1s de un segundo con respecto a los l\u00edderes. Y cuando sobrepas\u00f3 al Bochita, se abri\u00f3 camino al \u00e9xito.<\/p>\n<\/div>\n<div class=\"custom-text \" readability=\"37\">\n<p>Todo era felicidad en su box. Solo un problema t\u00e9cnico pod\u00eda sacarle el triunfo. Pero, siempre el TC puede dar una emoci\u00f3n m\u00e1s. Y lleg\u00f3 el aviso de los comisarios de pista, quienes le informaron al equipo de Landa la peor de las noticias: <strong>una sanci\u00f3n de cinco segundos por haber sobrepasado a Ciantini con bandera amarilla.<\/strong><\/p>\n<\/div>\n<div class=\"sc-e6588e40-0 jdjGfi\">\n<div class=\"sc-e6588e40-1 hsKqox videoText\" id=\"contentTitleundefinedSboaktbg\" readability=\"56\"><svg fill=\"#ffffff\"><symbol id=\"play\" viewBox=\"0 0 512 512\"><path d=\"M512 256C512 397.4 397.4 512 256 512C114.6 512 0 397.4 0 256C0 114.6 114.6 0 256 0C397.4 0 512 114.6 512 256zM176 168V344C176 352.7 180.7 360.7 188.3 364.9C195.8 369.2 205.1 369 212.5 364.5L356.5 276.5C363.6 272.1 368 264.4 368 256C368 247.6 363.6 239.9 356.5 235.5L212.5 147.5C205.1 142.1 195.8 142.8 188.3 147.1C180.7 151.3 176 159.3 176 168V168z\" \/><\/symbol><use xlink:href=\"#play\" \/><\/svg><\/p>\n<div class=\"right\" readability=\"7\">\n<p>Turismo Carretera<!-- --> &#8211;<!-- --> <span>26-3-2023<\/span><\/p>\n<h2 class=\"title-vid\">La maniobra que le sac\u00f3 el triunfo a Landa<\/h2>\n<\/div>\n<\/div>\n<p><span class=\"back\" id=\"spanBackundefinedSboaktbg\"><\/span><\/div>\n<div class=\"custom-text \" readability=\"40\">\n<p>&#8220;Despu\u00e9s de un reclamo, revisamos bien y a falta de dos vueltas le informamos. Es claro el reglamento que con bandera amarilla no se puede pasar. Tampoco ten\u00edamos la obligaci\u00f3n de avisarle en el momento, pero le avisamos para darle la oportunidad. Cuando vimos que est\u00e1bamos seguros, le informamos la decisi\u00f3n a \u00e9l&#8221;, explic\u00f3 Mariano Calamente, comisario deportivo.<\/p>\n<\/div>\n<div class=\"sc-489cef11-0 eZyHVk\" readability=\"6.5\">\n<section readability=\"3\"><picture><img alt=\"Pol\u00e9mica en Red Bull: directivos respaldaron a Verstappen en su discusi\u00f3n con Checo P\u00e9rez\" src=\"http:\/\/cordobadirecto.com\/wp-content\/uploads\/2023\/03\/carrera-historica-en-el-tc-del-triunfo-de-ciantini-al-llanto-descontrolado-de-landa-1.jpg\" width=\"29\" height=\"29\" decoding=\"async\" data-nimg=\"future\" loading=\"lazy\"><\/picture>\n<p><span>Mir\u00e1 tambi\u00e9n<\/span><\/p>\n<hr>\n<h3>Pol\u00e9mica en Red Bull: directivos respaldaron a Verstappen en su discusi\u00f3n con Checo P\u00e9rez<\/h3>\n<\/p>\n<\/section>\n<\/div>\n<div class=\"custom-text \" readability=\"39\">\n<p>Ahora bien, la pol\u00e9mica fue que el aviso se dio a dos giros para el cierre (el rebase se dio a 11 vueltas de la bandera a cuadros), situaci\u00f3n que no le permiti\u00f3 a Landa acelerar a fondo para intentar conseguir una ventaja de m\u00e1s de cinco segundos en la pista. <strong>Y el uruguayo, apenas se baj\u00f3 del auto, rompi\u00f3 en llanto<\/strong>. Se quebr\u00f3 y empez\u00f3 a golpear -en se\u00f1al de impotencia- su veh\u00edculo amarillo. Sab\u00eda que su premio ser\u00eda un segundo puesto y no el que hab\u00eda obtenido en carrera.<\/p>\n<\/div>\n<div class=\"sc-e6588e40-0 jdjGfi\">\n<div class=\"sc-e6588e40-1 hsKqox videoText\" id=\"contentTitleundefinedXOXWNCzN\" readability=\"56\"><svg fill=\"#ffffff\"><symbol id=\"play\" viewBox=\"0 0 512 512\"><path d=\"M512 256C512 397.4 397.4 512 256 512C114.6 512 0 397.4 0 256C0 114.6 114.6 0 256 0C397.4 0 512 114.6 512 256zM176 168V344C176 352.7 180.7 360.7 188.3 364.9C195.8 369.2 205.1 369 212.5 364.5L356.5 276.5C363.6 272.1 368 264.4 368 256C368 247.6 363.6 239.9 356.5 235.5L212.5 147.5C205.1 142.1 195.8 142.8 188.3 147.1C180.7 151.3 176 159.3 176 168V168z\" \/><\/symbol><use xlink:href=\"#play\" \/><\/svg><\/p>\n<div class=\"right\" readability=\"7\">\n<p>Turismo Carretera<!-- --> &#8211;<!-- --> <span>26-3-2023<\/span><\/p>\n<h2 class=\"title-vid\">El desconsolado llanto de Marcos Landa, tras haber perdido el triunfo por una penalizaci\u00f3n<\/h2>\n<\/div>\n<\/div>\n<p><span class=\"back\" id=\"spanBackundefinedXOXWNCzN\"><\/span><\/div>\n<div class=\"custom-text \" readability=\"39\">\n<p>Por su parte, Ciantini tambi\u00e9n se larg\u00f3 a llorar, aunque sus l\u00e1grimas fueron de felicidad. La alegr\u00eda de festejar junto a su padre, el Bocha, quien gan\u00f3 en su momento tres veces en el TC. Eso s\u00ed, reconoci\u00f3 que el merecedor de la victoria era su colega del Torino.<\/p>\n<\/div>\n<div class=\"sc-996041c8-0 iUjELL\"><img alt=\"Ciantini se abraz\u00f3 con padre. (Prensa TC)\" src=\"http:\/\/cordobadirecto.com\/wp-content\/uploads\/2023\/03\/carrera-historica-en-el-tc-del-triunfo-de-ciantini-al-llanto-descontrolado-de-landa-2.jpg\" width=\"72\" height=\"10\" decoding=\"async\" data-nimg=\"future\" loading=\"lazy\"><span>Ciantini se abraz\u00f3 con padre. (Prensa TC)<\/span><\/div>\n<div class=\"custom-text \" readability=\"43\">\n<p>&#8220;Fue una l\u00e1stima lo de Marcos, si no hubiese hecho ese sobrepaso, estoy seguro de que me hubiese pasado en otro lado. Sinceramente, no ten\u00eda auto para ganar, pero se dio la situaci\u00f3n&#8221;, coment\u00f3. Y, con las manos en la cabeza en se\u00f1al de no entender lo que estaba viviendo, cerr\u00f3: &#8220;No lo puedo creer, me acuerdo de cuando arranqu\u00e9 a correr en karting&#8230; <strong>Es muy dif\u00edcil ganar en el TC y se me cumpli\u00f3<\/strong>&#8220;.<\/p>\n<\/div>\n<div class=\"sc-489cef11-0 eZyHVk\" readability=\"6\">\n<section readability=\"2\"><picture><img alt=\"La millonaria pena contra Nelson Piquet por sus dichos sobre Lewis Hamilton\" src=\"http:\/\/cordobadirecto.com\/wp-content\/uploads\/2023\/03\/carrera-historica-en-el-tc-del-triunfo-de-ciantini-al-llanto-descontrolado-de-landa-3.jpg\" width=\"29\" height=\"29\" decoding=\"async\" data-nimg=\"future\" loading=\"lazy\"><\/picture>\n<p><span>Mir\u00e1 tambi\u00e9n<\/span><\/p>\n<hr>\n<h3>La millonaria pena contra Nelson Piquet por sus dichos sobre Lewis Hamilton<\/h3>\n<\/p>\n<\/section>\n<\/div>\n<\/div>\n","protected":false},"excerpt":{"rendered":"<p>26\/03\/2023 16:45hs. Actualizado al 26\/03\/2023 17:38hs. El circuito de Toay alberg\u00f3 una de las mejores carreras del \u00faltimo tiempo en el Turismo Carretera. Luego de que muchas veces las carreras se vuelvan mon\u00f3tonas por la falta de sobrepasos, la tercera fecha de la temporada cont\u00f3 con un c\u00f3ctel de condimentos para hacer bramar a la [&hellip;]<\/p>\n","protected":false},"author":1,"featured_media":107495,"comment_status":"closed","ping_status":"closed","sticky":false,"template":"","format":"standard","meta":[],"categories":[21],"tags":[],"_links":{"self":[{"href":"http:\/\/cordobadirecto.com\/index.php\/wp-json\/wp\/v2\/posts\/107494"}],"collection":[{"href":"http:\/\/cordobadirecto.com\/index.php\/wp-json\/wp\/v2\/posts"}],"about":[{"href":"http:\/\/cordobadirecto.com\/index.php\/wp-json\/wp\/v2\/types\/post"}],"author":[{"embeddable":true,"href":"http:\/\/cordobadirecto.com\/index.php\/wp-json\/wp\/v2\/users\/1"}],"replies":[{"embeddable":true,"href":"http:\/\/cordobadirecto.com\/index.php\/wp-json\/wp\/v2\/comments?post=107494"}],"version-history":[{"count":0,"href":"http:\/\/cordobadirecto.com\/index.php\/wp-json\/wp\/v2\/posts\/107494\/revisions"}],"wp:featuredmedia":[{"embeddable":true,"href":"http:\/\/cordobadirecto.com\/index.php\/wp-json\/wp\/v2\/media\/107495"}],"wp:attachment":[{"href":"http:\/\/cordobadirecto.com\/index.php\/wp-json\/wp\/v2\/media?parent=107494"}],"wp:term":[{"taxonomy":"category","embeddable":true,"href":"http:\/\/cordobadirecto.com\/index.php\/wp-json\/wp\/v2\/categories?post=107494"},{"taxonomy":"post_tag","embeddable":true,"href":"http:\/\/cordobadirecto.com\/index.php\/wp-json\/wp\/v2\/tags?post=107494"}],"curies":[{"name":"wp","href":"https:\/\/api.w.org\/{rel}","templated":true}]}}