{"id":107496,"date":"2023-03-26T14:42:14","date_gmt":"2023-03-26T14:42:14","guid":{"rendered":"https:\/\/www.ole.com.ar\/autos\/matias-rossi-toyota-tc-toay-pole_0_9iSIuUvdwn.html"},"modified":"2023-03-26T14:42:14","modified_gmt":"2023-03-26T14:42:14","slug":"rossi-quiere-hacer-historia-con-toyota-en-el-tc","status":"publish","type":"post","link":"http:\/\/cordobadirecto.com\/index.php\/2023\/03\/26\/rossi-quiere-hacer-historia-con-toyota-en-el-tc\/","title":{"rendered":"Rossi quiere hacer historia con Toyota en el TC"},"content":{"rendered":"<p><time class=\"createDate\" datetime=\"2023-03-26T11:42:14-03:00\">26\/03\/2023 11:42hs.<\/time><time class=\"modificatedDate\" datetime=\"2023\/03\/26T11:42:13-03:00\"><\/time><\/p>\n<div id=\"storyBody\">\n<div class=\"custom-text \" readability=\"40\">\n<p>Cuando se anunci\u00f3 en el 2021 que al a\u00f1o siguiente el parque tece\u00edsta sumar\u00eda una quinta marca, las especulaciones apuntaron a las cuentas sobre <strong>cu\u00e1ndo Toyota, la protagonista del notici\u00f3n, debutar\u00eda en los puestos de privilegio<\/strong>. Las mu\u00f1ecas de <strong>Mat\u00edas Rossi<\/strong> generaban que mas temprano que tarde estuviera la respuesta. Sin embargo, pas\u00f3 una temporada de sequ\u00eda para la escuder\u00eda en cuanto a triunfos o poles, si bien el Granadero se subi\u00f3 a tres podios.<\/p>\n<\/div>\n<div class=\"sc-489cef11-0 eZyHVk\" readability=\"6\">\n<section readability=\"2\"><picture><img alt=\"Macri se baj\u00f3 de las elecciones presidenciales 2023 y se compar\u00f3 con la Selecci\u00f3n\" src=\"http:\/\/cordobadirecto.com\/wp-content\/uploads\/2023\/03\/rossi-quiere-hacer-historia-con-toyota-en-el-tc.jpg\" width=\"29\" height=\"29\" decoding=\"async\" data-nimg=\"future\" loading=\"lazy\"><\/picture>\n<p><span>Mir\u00e1 tambi\u00e9n<\/span><\/p>\n<hr>\n<h3>Macri se baj\u00f3 de las elecciones presidenciales 2023 y se compar\u00f3 con la Selecci\u00f3n<\/h3>\n<\/p>\n<\/section>\n<\/div>\n<div class=\"custom-text \" readability=\"41\">\n<p>En realidad, el equipo Toyota Gazoo Racing <strong>estaba desarrollando los autos para escribir una historia este 2023<\/strong>. Vaya que lo hizo r\u00e1pido, ya en esta tercera fecha de La Pampa, donde Rossi logr\u00f3 el s\u00e1bado la primera pole de la marca japonesa en la categor\u00eda al ser el m\u00e1s r\u00e1pido en el trazado de Toay, donde el balcarce\u00f1o <strong>Diego Ciantini (Chevrolet), fue segundo, y el mendocino Juli\u00e1n Santero (Ford) figur\u00f3 tercero<\/strong>.<\/p>\n<\/div>\n<div class=\"sc-996041c8-0 iUjELL\"><img alt=\"Primera pole de Toyota, con Rossi.\" src=\"http:\/\/cordobadirecto.com\/wp-content\/uploads\/2023\/03\/rossi-quiere-hacer-historia-con-toyota-en-el-tc-1.jpg\" width=\"72\" height=\"10\" decoding=\"async\" data-nimg=\"future\" loading=\"lazy\"><span>Primera pole de Toyota, con Rossi.<\/span><\/div>\n<div class=\"custom-text \" readability=\"40\">\n<p>El piloto de Del Viso sabe eso de ser el m\u00e1s r\u00e1pido en las clasificaciones de Toay, donde hab\u00eda marcado el camino <strong>cinco veces con Chevrolet y dos con Ford<\/strong>. De hecho, es el que m\u00e1s poles cuenta en la categor\u00eda, 39. \u201cTengo m\u00e1s que mi edad\u201d, brome\u00f3 el bonaerense de 38 a\u00f1os, que sum\u00f3 dos unidades para la tabla en la que va 18\u00b0 con 35 puntos.<\/p>\n<\/div>\n<div class=\"custom-text \" readability=\"34\">\n<p><strong>Rossi y el Camry ratificaron el gran potencial del auto <\/strong>que se convierte en el gran candidato para la competencia final que tendr\u00e1 recarga de combustible obligatoria y no contar\u00e1 con las series previas (ver aparte).<\/p>\n<\/div>\n<div class=\"sc-996041c8-0 iUjELL\"><img alt=\"Ciantini (2\u00b0), Rossi (1\u00b0) y Santero (3\u00b0), el podio de la clasificaci\u00f3n.\" src=\"http:\/\/cordobadirecto.com\/wp-content\/uploads\/2023\/03\/rossi-quiere-hacer-historia-con-toyota-en-el-tc-2.jpg\" width=\"72\" height=\"10\" decoding=\"async\" data-nimg=\"future\" loading=\"lazy\"><span>Ciantini (2\u00b0), Rossi (1\u00b0) y Santero (3\u00b0), el podio de la clasificaci\u00f3n.<\/span><\/div>\n<div class=\"custom-text \" readability=\"40\">\n<p>\u201cEl auto est\u00e1 competitivo, y si bien no es r\u00e1pido en las rectas, s\u00ed lo es en las curvas, algo que vamos a tener que aprovechar\u201d, analiz\u00f3 el campe\u00f3n del 2014, quien sabe qu\u00e9 es ganar en la M\u00e1xima, con 25 triunfos.<\/p>\n<\/div>\n<div class=\"sc-489cef11-0 eZyHVk\" readability=\"6.5\">\n<section readability=\"3\"><picture><img alt=\"La pelea del siglo: Tyson vs Hasbulla, con mordida de oreja incluida\" src=\"http:\/\/cordobadirecto.com\/wp-content\/uploads\/2023\/03\/rossi-quiere-hacer-historia-con-toyota-en-el-tc-3.jpg\" width=\"29\" height=\"29\" decoding=\"async\" data-nimg=\"future\" loading=\"lazy\"><\/picture>\n<p><span>Mir\u00e1 tambi\u00e9n<\/span><\/p>\n<hr>\n<h3>La pelea del siglo: Tyson vs Hasbulla, con mordida de oreja incluida<\/h3>\n<\/p>\n<\/section>\n<\/div>\n<div class=\"custom-text \">\n<blockquote><p>El auto est\u00e1 competitivo, y si bien no es r\u00e1pido en las rectas, s\u00ed lo es en las curvas (Rossi)<\/p><\/blockquote>\n<\/div>\n<div class=\"custom-text \" readability=\"32\">\n<p>Ahora sue\u00f1a con el 26. Un sue\u00f1o japon\u00e9s&#8230;<\/p>\n<\/div>\n<p><h2>Una carrera especial<\/h2>\n<\/p>\n<div class=\"custom-text \" readability=\"39\">\n<p>En esta tercera fecha del calendario tece\u00edsta lleg\u00f3 <strong>la primera de las carreras especiales <\/strong>que se ver\u00e1n en la temporada de la M\u00e1xima. M\u00e1s all\u00e1 de comparaciones, ser\u00e1 lo m\u00e1s parecido a una carrera convencional, o lo que se puede ver en la mayor\u00eda de las pruebas de F\u00f3rmula 1, donde s\u00f3lo existen entrenamientos, una clasificaci\u00f3n y la final. <strong>Es a las 13 por la TV P\u00fablica<\/strong>.<\/p>\n<\/div>\n<div class=\"sc-996041c8-0 iUjELL\"><img alt=\"Habr\u00e1 recarga obligatoria en boxes de combustible durante la carrera.\" src=\"http:\/\/cordobadirecto.com\/wp-content\/uploads\/2023\/03\/rossi-quiere-hacer-historia-con-toyota-en-el-tc-4.jpg\" width=\"72\" height=\"10\" decoding=\"async\" data-nimg=\"future\" loading=\"lazy\"><span>Habr\u00e1 recarga obligatoria en boxes de combustible durante la carrera.<\/span><\/div>\n<div class=\"custom-text \" readability=\"40\">\n<p>As\u00ed, la qualy (dividida en cuatro cuartos de 8\u2019, cada una integrada por 14 autos diferentes), <strong>sirvi\u00f3 para ordenar la grilla, cuando generalmente los tres m\u00e1s r\u00e1pidos son los que lideran las tres series de los domingos<\/strong> a la ma\u00f1abna, las cuales son la previa para el armado definitivo de los cajones en la largada de la final.<\/p>\n<\/div>\n<div class=\"sc-489cef11-0 eZyHVk\" readability=\"6\">\n<section readability=\"2\"><picture><img alt=\"Instituto quiere el bi: venci\u00f3 a Ferro de visitante y es m\u00e1s puntero que nunca\" src=\"http:\/\/cordobadirecto.com\/wp-content\/uploads\/2023\/03\/rossi-quiere-hacer-historia-con-toyota-en-el-tc-5.jpg\" width=\"29\" height=\"29\" decoding=\"async\" data-nimg=\"future\" loading=\"lazy\"><\/picture>\n<p><span>Mir\u00e1 tambi\u00e9n<\/span><\/p>\n<hr>\n<h3>Instituto quiere el bi: venci\u00f3 a Ferro de visitante y es m\u00e1s puntero que nunca<\/h3>\n<\/p>\n<\/section>\n<\/div>\n<div class=\"custom-text \" readability=\"34\">\n<p>La diferencia es que todos los autos <strong>deber\u00e1n entrar al menos una vez en boxes para recargar combustible<\/strong> de cara a las 40 vueltas (o 70 minutos), el doble que lo normal.<\/p>\n<\/div>\n<div class=\"custom-text \" readability=\"36\">\n<p>\u201cVa a ser una carrera larga, no hay que cometer errores en la recarga del combistible\u201d, dijo a modo de clave<strong> Juli\u00e1n Santero<\/strong>, el tercero en la clasificaci\u00f3n y noveno en la tabla de posiciones.<\/p>\n<\/div>\n<div class=\"sc-489cef11-0 eZyHVk\" readability=\"6.5\">\n<section readability=\"3\"><picture><img alt=\"Video: as\u00ed cambi\u00f3 Messi la camiseta con Guardado, la del affaire con Canelo\" src=\"http:\/\/cordobadirecto.com\/wp-content\/uploads\/2023\/03\/rossi-quiere-hacer-historia-con-toyota-en-el-tc-6.jpg\" width=\"29\" height=\"29\" decoding=\"async\" data-nimg=\"future\" loading=\"lazy\"><\/picture>\n<p><span>Mir\u00e1 tambi\u00e9n<\/span><\/p>\n<hr>\n<h3>Video: as\u00ed cambi\u00f3 Messi la camiseta con Guardado, la del affaire con Canelo<\/h3>\n<\/p>\n<\/section>\n<\/div>\n<p><h2>La grilla del TC<\/h2>\n<\/p>\n<div class=\"custom-text \" readability=\"33\">\n<p>1\t117\tROSSI, MAT\u00cdAS\tTOYOTA 1;14.290<\/p>\n<\/div>\n<div class=\"custom-text \" readability=\"33\">\n<p>2\t25\tCIANTINI, DIEGO\tCHEVROLET\t1;14.425\t0.135<\/p>\n<\/div>\n<div class=\"custom-text \" readability=\"33\">\n<p>3\t68\tSANTERO, JULI\u00c1N\tFORD\t1;14.442\t0.152<\/p>\n<\/div>\n<div class=\"custom-text \" readability=\"33\">\n<p>4\t2\tWERNER, MARIANO\tFORD\t1;14.689\t0.399<\/p>\n<\/div>\n<div class=\"custom-text \" readability=\"33\">\n<p>5\t17\tBONELLI, NICOL\u00c1S\tFORD\t1;14.792\t0.502<\/p>\n<\/div>\n<div class=\"custom-text \" readability=\"33\">\n<p>6\t7\tCASTELLANO, JONATAN\tDODGE\t1;14.823\t0.533<\/p>\n<\/div>\n<div class=\"custom-text \" readability=\"33\">\n<p>7\t27\tMAZZACANE, GAST\u00d3N\tCHEVROLET\t1;14.824\t0.534<\/p>\n<\/div>\n<div class=\"custom-text \" readability=\"33\">\n<p>8\t9\tLAMBIRIS, MAURICIO\tFORD\t1;14.855\t0.565<\/p>\n<\/div>\n<div class=\"custom-text \" readability=\"33\">\n<p>9\t95\tLANDA, MARCOS\tTORINO\t1;14.855\t0.565<\/p>\n<\/div>\n<div class=\"custom-text \" readability=\"33\">\n<p>10\t4\tGINI, ESTEBAN\tTORINO\t1;14.903\t0.613<\/p>\n<\/div>\n<div class=\"custom-text \" readability=\"33\">\n<p>11\t85\tRISATTI, RICARDO\tCHEVROLET\t1;14.998\t0.708<\/p>\n<\/div>\n<div class=\"custom-text \" readability=\"33\">\n<p>12\t137\tFRITZLER, OTTO\tFORD\t1;15.009\t0.719<\/p>\n<\/div>\n<div class=\"custom-text \" readability=\"33\">\n<p>13\t87\tTRUCCO, JUAN MART\u00cdN\tDODGE\t1;15.012\t0.722<\/p>\n<\/div>\n<div class=\"custom-text \" readability=\"33\">\n<p>14\t21\tLEDESMA, CHRISTIAN\tCHEVROLET\t1;15.018\t0.728<\/p>\n<\/div>\n<div class=\"custom-text \" readability=\"33\">\n<p>15\t96\tBENVENUTI, JUAN CRUZ\tTORINO\t1;15.037\t0.747<\/p>\n<\/div>\n<div class=\"custom-text \" readability=\"33\">\n<p>16\t5\tMANGONI, SANTIAGO\tCHEVROLET\t1;15.052\t0.762<\/p>\n<\/div>\n<div class=\"custom-text \" readability=\"33\">\n<p>17\t133\tAGUIRRE, VALENT\u00cdN\tDODGE\t1;15.085\t0.795<\/p>\n<\/div>\n<div class=\"custom-text \" readability=\"33\">\n<p>18\t88\tTROSSET, NICOL\u00c1S\tFORD\t1;15.115\t0.825<\/p>\n<\/div>\n<div class=\"custom-text \" readability=\"33\">\n<p>19\t53\tCATAL\u00c1N MAGNI, JUAN TOM\u00c1S\tFORD\t1;15.123\t0.833<\/p>\n<\/div>\n<div class=\"custom-text \" readability=\"33\">\n<p>20\t101\tUGALDE, LIONEL\tTORINO\t1;15.207\t0.917<\/p>\n<\/div>\n<div class=\"custom-text \" readability=\"33\">\n<p>21\t56\tTODINO, GERM\u00c1N\tDODGE\t1;15.223\t0.933<\/p>\n<\/div>\n<div class=\"custom-text \" readability=\"33\">\n<p>22\t6\tPERN\u00cdA, LEONEL\tFORD\t1;15.284\t0.994<\/p>\n<\/div>\n<div class=\"custom-text \" readability=\"33\">\n<p>23\t172\t\u00c1LVAREZ, SANTIAGO\tDODGE\t1;15.310\t1.020<\/p>\n<\/div>\n<div class=\"custom-text \" readability=\"33\">\n<p>24\t14\tDE BENEDICTIS J., JUAN B.\tFORD\t1;15.331\t1.041<\/p>\n<\/div>\n<div class=\"custom-text \" readability=\"33\">\n<p>25\t127\tAGRELO, MARCELO\tDODGE\t1;15.352\t1.062<\/p>\n<\/div>\n<div class=\"custom-text \" readability=\"33\">\n<p>26\t83\tARDUSSO, FACUNDO\tTORINO\t1;15.361\t1.071<\/p>\n<\/div>\n<div class=\"custom-text \" readability=\"33\">\n<p>27\t54\tCOTIGNOLA, NICOL\u00c1S\tTORINO\t1;15.369\t1.079<\/p>\n<\/div>\n<div class=\"custom-text \" readability=\"33\">\n<p>28\t197\tQUIJADA, MARCOS\tDODGE\t1;15.371\t1.081<\/p>\n<\/div>\n<div class=\"custom-text \" readability=\"33\">\n<p>29\t44\tDELLA MOTTA, FACUNDO\tDODGE\t1;15.405\t1.115<\/p>\n<\/div>\n<div class=\"custom-text \" readability=\"33\">\n<p>30\t30\tPONCE DE LE\u00d3N, GABRIEL\tFORD\t1;15.410\t1.120<\/p>\n<\/div>\n<div class=\"custom-text \" readability=\"33\">\n<p>31\t116\tRUGGIERO, ALAN\tFORD\t1;15.416\t1.126<\/p>\n<\/div>\n<div class=\"custom-text \" readability=\"33\">\n<p>32\t37\tSPATARO, EMILIANO\tFORD\t1;15.421\t1.131<\/p>\n<\/div>\n<div class=\"custom-text \" readability=\"33\">\n<p>33\t93\tRODR\u00cdGUEZ, MAT\u00cdAS\tTORINO\t1;15.452\t1.162<\/p>\n<\/div>\n<div class=\"custom-text \" readability=\"33\">\n<p>34\t121\tCRAPARO, ELIO\tDODGE\t1;15.454\t1.164<\/p>\n<\/div>\n<div class=\"custom-text \" readability=\"33\">\n<p>35\t1\tURCERA, JOS\u00c9 MANUEL\tTORINO\t1;15.458\t1.168<\/p>\n<\/div>\n<div class=\"custom-text \" readability=\"33\">\n<p>36\t77\tCARINELLI, AUGUSTO\tDODGE\t1;15.472\t1.182<\/p>\n<\/div>\n<div class=\"custom-text \" readability=\"33\">\n<p>37\t75\tALAUX, SERGIO\tCHEVROLET\t1;15.494\t1.204<\/p>\n<\/div>\n<div class=\"custom-text \" readability=\"33\">\n<p>38\t72\tSERRANO, MART\u00cdN\tCHEVROLET\t1;15.521\t1.231<\/p>\n<\/div>\n<div class=\"custom-text \" readability=\"33\">\n<p>39\t103\tRAMOS, CHRISTIAN IV\u00c1N\tTORINO\t1;15.570\t1.280<\/p>\n<\/div>\n<div class=\"custom-text \" readability=\"33\">\n<p>40\t122\tJAKOS, ANDR\u00c9S\tTOYOTA\t1;15.596\t1.306<\/p>\n<\/div>\n<div class=\"custom-text \" readability=\"33\">\n<p>41\t208\tFERRANTE, GAST\u00d3N\tTORINO\t1;15.616\t1.326<\/p>\n<\/div>\n<div class=\"custom-text \" readability=\"33\">\n<p>42\t177\tLONDERO, AYRTON\tTORINO\t1;15.706\t1.416<\/p>\n<\/div>\n<div class=\"custom-text \" readability=\"33\">\n<p>43\t20\tEBARL\u00cdN, JUAN JOS\u00c9\tCHEVROLET\t1;15.715\t1.425<\/p>\n<\/div>\n<div class=\"custom-text \" readability=\"33\">\n<p>44\t32\tFONTANA, NORBERTO\tTORINO\t1;15.755\t1.465<\/p>\n<\/div>\n<div class=\"custom-text \" readability=\"33\">\n<p>45\t155\tIRIBARNE, FEDERICO\tDODGE\t1;15.764\t1.474<\/p>\n<\/div>\n<div class=\"custom-text \" readability=\"33\">\n<p>46\t119\tKRUJOSKI, HUMBERTO\tDODGE\t1;15.849\t1.559<\/p>\n<\/div>\n<div class=\"custom-text \" readability=\"33\">\n<p>47\t82\tOKULOVICH, CARLOS\tTORINO\t1;15.972\t1.682<\/p>\n<\/div>\n<div class=\"custom-text \" readability=\"33\">\n<p>48\t161\tCANDELA, KEVIN\tTORINO\t1;16.018\t1.728<\/p>\n<\/div>\n<div class=\"custom-text \" readability=\"33\">\n<p>49\t115\tDE CARLO, DIEGO\tCHEVROLET\t1;16.158\t1.868<\/p>\n<\/div>\n<div class=\"custom-text \" readability=\"33\">\n<p>50\t232\tMICHELOUD, GUSTAVO\tDODGE\t1;16.295\t2.005<\/p>\n<\/div>\n<div class=\"custom-text \" readability=\"33\">\n<p>51\t134\tJALAF, MAT\u00cdAS\tFORD\t1;16.443\t2.153<\/p>\n<\/div>\n<div class=\"custom-text \" readability=\"33\">\n<p>52\t57\tDOSE, CHRISTIAN\tCHEVROLET\t1;16.983\t2.693<\/p>\n<\/div>\n<div class=\"custom-text \" readability=\"33\">\n<p>53\t64\tDI SCALA, CRISTIAN\tDODGE\t1;17.199\t2.909<\/p>\n<\/div>\n<div class=\"custom-text \" readability=\"33\">\n<p>54\t111\tGARBELINO, JUAN\tDODGE\t1;17.666\t3.376<\/p>\n<\/div>\n<div class=\"custom-text \" readability=\"33\">\n<p>55\t99\tSOTRO, LEONEL\tFORD\t1;18.146\t3.856<\/p>\n<\/div>\n<div class=\"custom-text \" readability=\"33\">\n<p>56\t123\tV\u00c1ZQUEZ, MART\u00cdN\tDODGE\t(se le retir\u00f3 el tiempo en la T\u00e9cnica)<\/p>\n<\/div>\n<\/div>\n","protected":false},"excerpt":{"rendered":"<p>26\/03\/2023 11:42hs. Cuando se anunci\u00f3 en el 2021 que al a\u00f1o siguiente el parque tece\u00edsta sumar\u00eda una quinta marca, las especulaciones apuntaron a las cuentas sobre cu\u00e1ndo Toyota, la protagonista del notici\u00f3n, debutar\u00eda en los puestos de privilegio. Las mu\u00f1ecas de Mat\u00edas Rossi generaban que mas temprano que tarde estuviera la respuesta. Sin embargo, pas\u00f3 [&hellip;]<\/p>\n","protected":false},"author":1,"featured_media":107497,"comment_status":"closed","ping_status":"closed","sticky":false,"template":"","format":"standard","meta":[],"categories":[21],"tags":[],"_links":{"self":[{"href":"http:\/\/cordobadirecto.com\/index.php\/wp-json\/wp\/v2\/posts\/107496"}],"collection":[{"href":"http:\/\/cordobadirecto.com\/index.php\/wp-json\/wp\/v2\/posts"}],"about":[{"href":"http:\/\/cordobadirecto.com\/index.php\/wp-json\/wp\/v2\/types\/post"}],"author":[{"embeddable":true,"href":"http:\/\/cordobadirecto.com\/index.php\/wp-json\/wp\/v2\/users\/1"}],"replies":[{"embeddable":true,"href":"http:\/\/cordobadirecto.com\/index.php\/wp-json\/wp\/v2\/comments?post=107496"}],"version-history":[{"count":0,"href":"http:\/\/cordobadirecto.com\/index.php\/wp-json\/wp\/v2\/posts\/107496\/revisions"}],"wp:featuredmedia":[{"embeddable":true,"href":"http:\/\/cordobadirecto.com\/index.php\/wp-json\/wp\/v2\/media\/107497"}],"wp:attachment":[{"href":"http:\/\/cordobadirecto.com\/index.php\/wp-json\/wp\/v2\/media?parent=107496"}],"wp:term":[{"taxonomy":"category","embeddable":true,"href":"http:\/\/cordobadirecto.com\/index.php\/wp-json\/wp\/v2\/categories?post=107496"},{"taxonomy":"post_tag","embeddable":true,"href":"http:\/\/cordobadirecto.com\/index.php\/wp-json\/wp\/v2\/tags?post=107496"}],"curies":[{"name":"wp","href":"https:\/\/api.w.org\/{rel}","templated":true}]}}