{"id":10764,"date":"2021-07-16T18:39:09","date_gmt":"2021-07-16T18:39:09","guid":{"rendered":"http:\/\/cordobadirecto.com\/index.php\/2021\/07\/16\/el-cine-para-las-infancias-presente-en-estas-vacaciones-de-invierno\/"},"modified":"2021-07-16T18:39:09","modified_gmt":"2021-07-16T18:39:09","slug":"el-cine-para-las-infancias-presente-en-estas-vacaciones-de-invierno","status":"publish","type":"post","link":"http:\/\/cordobadirecto.com\/index.php\/2021\/07\/16\/el-cine-para-las-infancias-presente-en-estas-vacaciones-de-invierno\/","title":{"rendered":"El cine para las infancias, presente en estas vacaciones de invierno"},"content":{"rendered":"<div class=\"image\" id=\"image\" readability=\"7\"> <img src=\"http:\/\/cordobadirecto.com\/wp-content\/uploads\/2021\/07\/el-cine-para-las-infancias-presente-en-estas-vacaciones-de-invierno.jpg\" alt=\"M\u00faltiples propuestas para los chicos en estas vacaciones de invierno.\" title=\"M\u00faltiples propuestas para los chicos en estas vacaciones de invierno.\"><\/p>\n<p>M\u00faltiples propuestas para los chicos en estas vacaciones de invierno.<\/p>\n<\/div>\n<p>CC25 de Mayo<\/p>\n<p>&nbsp;(Avenida Triunvirato 4.444)<\/p>\n<p><strong>&#8220;El patalarga&#8221;<\/strong>, pel\u00edcula animada de Mercedes Moreira y Eduardo Pinto, se podr\u00e1 ver los lunes 19 y 26 a las 16.<\/p>\n<p>La trama transcurre en un pueblo del interior, donde conviven tres amigos de un colegio que no desean dormir la siesta, algo que molesta a sus padres y para lograr el objetivo utilizan a la temible figura del Patalarga y a partir de esta situaci\u00f3n los chicos buscan indagar sobre la historia de ese personaje.<\/p>\n<p><strong>&#8220;El universo de Clarita&#8221;<\/strong>, un documental de Tom\u00e1s Lipgot, se proyectar\u00e1 los jueves 22 y 29 a las 16.<\/p>\n<p>&#8220;El universo de Clarita&#8221; es un documental que propone a partir de la curiosidad de una ni\u00f1a por la astronom\u00eda compartir con el espectador un viaje de aprendizaje por diversos sitios de Argentina.<\/p>\n<p>A trav\u00e9s de distintos escenarios naturales del pa\u00eds y de la participaci\u00f3n de cient\u00edficos y especialistas, la cinta acompa\u00f1a a Clarita, una ni\u00f1a rosarina de 12 a\u00f1os, en un viaje de aprendizaje sobre esta ciencia que se transform\u00f3 en su pasi\u00f3n.<\/p>\n<p> <iframe width=\"560\" height=\"315\" src=\"https:\/\/www.youtube.com\/embed\/5j-RGWnRB5E?wmode=transparent&amp;showinfo=0&amp;autohide=1&amp;rel=0\" frameborder=\"0\" allowfullscreen>[embedded content]<\/iframe> <\/p>\n<p>El universo de Clarita<\/p>\n<p>Comunidad Cin\u00e9fila<\/p>\n<p>La plataforma presenta su propuesta para estas vacaciones con cine para las infancias y talleres. Toda la informaci\u00f3n se encuentra en el sitio web&nbsp;<a href=\"http:\/\/comunidadcinefila.org\" target=\"_blank\" rel=\"noopener\">comunidadcinefila.org<\/a>. Habr\u00e1 una secci\u00f3n especial de cortos locales y algunos internacionales.<\/p>\n<div class=\"title-big clearfix\"><span>(de 0 a 3 a\u00f1os)<\/span><\/div>\n<p><strong>&#8220;Serie Jard\u00edn M\u00f3vil<\/strong>&#8220;, de Paula Daveloza, conformado por cortos argentinos de animaci\u00f3n.<\/p>\n<div class=\"title-big clearfix\"><span>(de 4 a 7 a\u00f1os)<\/span><\/div>\n<p><strong>&#8220;\u00bfMe ves?&#8221;<\/strong>, de Luz Rapoport, corto argentino de ficci\u00f3n &#8220;Entre &#8220;Baldosas&#8221;, de Nicol\u00e1s Conte, corto argentino de animaci\u00f3n<\/p>\n<p><strong>&#8220;Ant\u00f3n la serie&#8221;<\/strong>, de Rosario Carlino, una serie animada en Stop Motion de la Argentina.<\/p>\n<p><strong>&#8220;Aill\u00edn en la luna&#8221; y &#8220;El ni\u00f1o y la noche&#8221;<\/strong>, ambas de Claudia Ruiz, g\u00e9nero de animaci\u00f3n, Argentina<\/p>\n<div class=\"title-big clearfix\"><span>(de 8 a 12 a\u00f1os)<\/span><\/div>\n<p>Adem\u00e1s se ver\u00e1n los cortos <strong>&#8220;De C\u00f3mo Hip\u00f3lito V\u00e1zquez Encontr\u00f3 Magia Donde No Buscaba&#8221;<\/strong>, de Mat\u00edas Rugio; <strong>&#8220;El club&#8221;<\/strong>, de Emiliano Mart\u00ednez; &#8220;El ni\u00f1o que dej\u00f3 de respirar&#8221;, de Daniele Lince; &#8220;Moster Sitter&#8221;, de Elena Beatrice y Daniele Lince.<\/p>\n<p>Adem\u00e1s, habr\u00e1 talleres para experimentar con distintos materiales y crear pel\u00edculas de la mano de la artista Natalia Gregorio, de la Compa\u00f1\u00eda Sombras de Arena, destinados a chicos de 8 a 12 a\u00f1os.<\/p>\n<p>Cine Gaumont<\/p>\n<p>(Avenida Rivadavia 1.635)<\/p>\n<p>En la sala Leonardo Favio se podr\u00e1 ver gratis a las 13, a las 16 y a las 19,<strong> &#8220;Hijitus&#8221;<\/strong>, los cap\u00edtulos 1, 2 y 3: &#8220;El drag\u00f3n cantor&#8221;, &#8220;Peligro en el volc\u00e1n&#8221; y &#8220;La mara\u00f1aza&#8221;, de Manuel Garc\u00eda Ferr\u00e9; y en algunos horarios los cortometrajes animados &#8220;Pasteurizado&#8221; y &#8220;Luminaris&#8221;.<\/p>\n<p> <iframe width=\"560\" height=\"315\" src=\"https:\/\/www.youtube.com\/embed\/Cx_pQ1F5-Lk?wmode=transparent&amp;showinfo=0&amp;autohide=1&amp;rel=0\" frameborder=\"0\" allowfullscreen>[embedded content]<\/iframe> <\/p>\n<p>Hijitus<\/p>\n<p>En la sala Mar\u00eda Luisa Bemberg se proyectar\u00e1 a las 14 <strong>&#8220;Cara sucia, con la magia de la naturaleza&#8221;<\/strong>, de Gast\u00f3n Gularte. A las 17 &#8220;El patalarga&#8221;, de Eduardo Pinto y Mercedes Moreira. Y en algunos horarios los cortometrajes animados <strong>&#8220;Quma&#8221;<\/strong> y<strong> &#8220;Las bestias y la casa de colores&#8221;.<\/strong><\/p>\n<p>En la sala Fernando Birri se ver\u00e1 a las 15<strong> &#8220;Yanka, y el esp\u00edritu del volc\u00e1n&#8221;<\/strong>, de Iv\u00e1n Abello; y a las 18 &#8220;Terrible&#8221;, de Alejandro Malowicki. Y en algunos horarios los cortometrajes animados &#8220;Inercia&#8221; y &#8220;El ni\u00f1o y la noche&#8221;.<\/p>\n<div class=\"image\" id=\"image\" readability=\"7\"> <img src=\"http:\/\/cordobadirecto.com\/wp-content\/uploads\/2021\/07\/el-cine-para-las-infancias-presente-en-estas-vacaciones-de-invierno-1.jpg\" alt=\"Yanka y el esp\u00edritu del volc\u00e1n\" title=\"Yanka y el esp\u00edritu del volc\u00e1n\"><\/p>\n<p>Yanka y el esp\u00edritu del volc\u00e1n<\/p>\n<\/div>\n","protected":false},"excerpt":{"rendered":"<p>M\u00faltiples propuestas para los chicos en estas vacaciones de invierno. CC25 de Mayo &nbsp;(Avenida Triunvirato 4.444) &#8220;El patalarga&#8221;, pel\u00edcula animada de Mercedes Moreira y Eduardo Pinto, se podr\u00e1 ver los lunes 19 y 26 a las 16. La trama transcurre en un pueblo del interior, donde conviven tres amigos de un colegio que no desean [&hellip;]<\/p>\n","protected":false},"author":1,"featured_media":10765,"comment_status":"closed","ping_status":"closed","sticky":false,"template":"","format":"standard","meta":[],"categories":[20],"tags":[],"_links":{"self":[{"href":"http:\/\/cordobadirecto.com\/index.php\/wp-json\/wp\/v2\/posts\/10764"}],"collection":[{"href":"http:\/\/cordobadirecto.com\/index.php\/wp-json\/wp\/v2\/posts"}],"about":[{"href":"http:\/\/cordobadirecto.com\/index.php\/wp-json\/wp\/v2\/types\/post"}],"author":[{"embeddable":true,"href":"http:\/\/cordobadirecto.com\/index.php\/wp-json\/wp\/v2\/users\/1"}],"replies":[{"embeddable":true,"href":"http:\/\/cordobadirecto.com\/index.php\/wp-json\/wp\/v2\/comments?post=10764"}],"version-history":[{"count":0,"href":"http:\/\/cordobadirecto.com\/index.php\/wp-json\/wp\/v2\/posts\/10764\/revisions"}],"wp:featuredmedia":[{"embeddable":true,"href":"http:\/\/cordobadirecto.com\/index.php\/wp-json\/wp\/v2\/media\/10765"}],"wp:attachment":[{"href":"http:\/\/cordobadirecto.com\/index.php\/wp-json\/wp\/v2\/media?parent=10764"}],"wp:term":[{"taxonomy":"category","embeddable":true,"href":"http:\/\/cordobadirecto.com\/index.php\/wp-json\/wp\/v2\/categories?post=10764"},{"taxonomy":"post_tag","embeddable":true,"href":"http:\/\/cordobadirecto.com\/index.php\/wp-json\/wp\/v2\/tags?post=10764"}],"curies":[{"name":"wp","href":"https:\/\/api.w.org\/{rel}","templated":true}]}}