{"id":107738,"date":"2023-03-27T15:01:23","date_gmt":"2023-03-27T15:01:23","guid":{"rendered":"https:\/\/www.ole.com.ar\/autos\/marc-marquez-baja-de-peso-moto-gp-argentina_0_PUwt16aJqJ.html"},"modified":"2023-03-27T15:01:23","modified_gmt":"2023-03-27T15:01:23","slug":"marc-marquez-una-baja-de-peso-para-el-moto-gp-de-argentina","status":"publish","type":"post","link":"http:\/\/cordobadirecto.com\/index.php\/2023\/03\/27\/marc-marquez-una-baja-de-peso-para-el-moto-gp-de-argentina\/","title":{"rendered":"Marc M\u00e1rquez, una baja de peso para el Moto GP de Argentina"},"content":{"rendered":"<p><time class=\"createDate\" datetime=\"2023-03-27T12:01:23-03:00\">27\/03\/2023 12:01hs.<\/time><time class=\"modificatedDate\" datetime=\"2023\/03\/27T12:01:23-03:00\"><\/time><\/p>\n<div id=\"storyBody\">\n<div class=\"custom-text \" readability=\"31.72027972028\">\n<p>El piloto de Honda <a href=\"https:\/\/www.ole.com.ar\/tema\/marc-marquez.html\" title=\"Marc M\u00e1rquez\" alt=\"Marc M\u00e1rquez\" class=\"slug\">Marc M\u00e1rquez<\/a> sufri\u00f3 una lesi\u00f3n en Portugal tras una mala maniobra y no estar\u00e1 presente en el <a href=\"https:\/\/www.ole.com.ar\/tema\/motogp.html\" title=\"MotoGP\" alt=\"MotoGP\" class=\"slug\">Moto GP de Argentina.<\/a> <strong>El espa\u00f1ol era una de las principales figuras del circuito<\/strong> que se llevar\u00e1 a cabo en Termas de R\u00edo Hondo, Santiago del Estero, este fin de semana.<\/p>\n<\/div>\n<div class=\"sc-e6588e40-0 jdjGfi\">\n<div class=\"sc-e6588e40-1 hsKqox videoText\" id=\"contentTitleundefinedvPb2EKjd\"><svg fill=\"#ffffff\"><symbol id=\"play\" viewBox=\"0 0 512 512\"><path d=\"M512 256C512 397.4 397.4 512 256 512C114.6 512 0 397.4 0 256C0 114.6 114.6 0 256 0C397.4 0 512 114.6 512 256zM176 168V344C176 352.7 180.7 360.7 188.3 364.9C195.8 369.2 205.1 369 212.5 364.5L356.5 276.5C363.6 272.1 368 264.4 368 256C368 247.6 363.6 239.9 356.5 235.5L212.5 147.5C205.1 142.1 195.8 142.8 188.3 147.1C180.7 151.3 176 159.3 176 168V168z\" \/><\/symbol><use xlink:href=\"#play\" \/><\/svg><\/p>\n<div class=\"right\">\n<p>MotoGP<!-- --> &#8211;<!-- --> <span>28-3-2023<\/span><\/p>\n<h2 class=\"title-vid\">El duro accidente entre M\u00e1rquez y Oliveira en el Moto GP de Portugal<\/h2>\n<\/div>\n<\/div>\n<p><span class=\"back\" id=\"spanBackundefinedvPb2EKjd\"><\/span><\/div>\n<div class=\"custom-text \" readability=\"35.28173374613\">\n<p>Este domingo, M\u00e1rquez protagoniz\u00f3 una desafortunada acci\u00f3n al intentar superar al local <a href=\"https:\/\/www.ole.com.ar\/tema\/miguel-oliveira.html\" title=\"Miguel Oliveira\" alt=\"Miguel Oliveira\" class=\"slug\">Miguel Oliveira<\/a> en la tercera vuelta del Gran Premio de Portugal. <strong>El multicampe\u00f3n espa\u00f1ol toc\u00f3 la moto de su rival y gener\u00f3 que los dos cayeran por los suelos<\/strong>, lo que les causo duras heridas y el impedimento de seguir corriendo.<\/p>\n<\/div>\n<div class=\"sc-489cef11-0 eZyHVk\" readability=\"6\">\n<section readability=\"2\"><picture><img alt=\"Carrera hist\u00f3rica en el TC: del triunfo de Ciantini al llanto descontrolado de Landa\" src=\"http:\/\/cordobadirecto.com\/wp-content\/uploads\/2023\/03\/marc-marquez-una-baja-de-peso-para-el-moto-gp-de-argentina.jpg\" width=\"29\" height=\"29\" decoding=\"async\" data-nimg=\"future\" loading=\"lazy\"><\/picture>\n<p><span>Mir\u00e1 tambi\u00e9n<\/span><\/p>\n<hr>\n<h3>Carrera hist\u00f3rica en el TC: del triunfo de Ciantini al llanto descontrolado de Landa<\/h3>\n<\/p>\n<\/section>\n<\/div>\n<div class=\"custom-text \" readability=\"38\">\n<p>Luego de esta acci\u00f3n, el piloto fue el centro de las cr\u00edticas por los medios lusos que tacharon su maniobra de mal intencionada. El espa\u00f1ol se defendi\u00f3 en sus redes sociales con un pedido de disculpas a su colega. <strong>&#8220;Primero quiero decir que estoy muy arrepentido de lo que pas\u00f3 con Oliveira, su equipo y los fan\u00e1ticos portugueses&#8221;, <\/strong>arranc\u00f3 el tuit del desafortunado piloto.<\/p>\n<\/div>\n<div class=\"sc-489cef11-0 eZyHVk\" readability=\"6\">\n<section readability=\"2\"><picture><img alt=\"\u00bfC\u00f3mo repercute el anuncio de Macri en la pol\u00edtica de Boca?\" src=\"http:\/\/cordobadirecto.com\/wp-content\/uploads\/2023\/03\/marc-marquez-una-baja-de-peso-para-el-moto-gp-de-argentina-1.jpg\" width=\"29\" height=\"29\" decoding=\"async\" data-nimg=\"future\" loading=\"lazy\"><\/picture>\n<p><span>Mir\u00e1 tambi\u00e9n<\/span><\/p>\n<hr>\n<h3>\u00bfC\u00f3mo repercute el anuncio de Macri en la pol\u00edtica de Boca?<\/h3>\n<\/p>\n<\/section>\n<\/div>\n<div class=\"custom-text \" readability=\"38\">\n<p><strong>&#8220;Comet\u00ed un error muy grande hoy, que por supuesto no era mi intenci\u00f3n. Todav\u00eda ni siquiera estaba buscando pasar a Oliveira&#8221;<\/strong>, coment\u00f3 M\u00e1rquez quien recibi\u00f3 una sanci\u00f3n de doble long lap. Esta consiste en que el corredor pase por un carril especial, situaci\u00f3n que le provoca perder varios segundos con respecto a sus rivales.<\/p>\n<\/div>\n<div class=\"custom-embedhtml\" readability=\"8.6012658227848\">\n<blockquote class=\"twitter-tweet\" readability=\"10.512658227848\">\n<p lang=\"en\" dir=\"ltr\">First of all I want to say that I am very sorry to Oliveira, his team and the Portuguese fans because it was his race. I did a really big mistake today, of course it was not my intention to have this happen, my intention was not even to overtake Martin at that point,<\/p>\n<p>\u2014 Marc M\u00e1rquez (@marcmarquez93) <a href=\"https:\/\/twitter.com\/marcmarquez93\/status\/1640046263298150403?ref_src=twsrc%5Etfw\">March 26, 2023<\/a><\/p><\/blockquote><\/div>\n<div class=\"custom-text \" readability=\"35\">\n<p>Sin embargo, M\u00e1rquez no deber\u00e1 cumplir con una sanci\u00f3n dado que <strong>se confirm\u00f3 que ser\u00e1 baja para el Moto GP de Argentina por una lesi\u00f3n<\/strong> sufrida en ese choque con Oliveira. El piloto fue operado este lunes temprano por la fractura del pulgar de su mano derecha.<\/p>\n<\/div>\n<div class=\"sc-489cef11-0 eZyHVk\" readability=\"6.5\">\n<section readability=\"3\"><picture><img alt=\"Demichelis, en modo Copa: la raz\u00f3n por la que viaj\u00f3 al sorteo de la Libertadores\" src=\"http:\/\/cordobadirecto.com\/wp-content\/uploads\/2023\/03\/marc-marquez-una-baja-de-peso-para-el-moto-gp-de-argentina-2.jpg\" width=\"29\" height=\"29\" decoding=\"async\" data-nimg=\"future\" loading=\"lazy\"><\/picture>\n<p><span>Mir\u00e1 tambi\u00e9n<\/span><\/p>\n<hr>\n<h3>Demichelis, en modo Copa: la raz\u00f3n por la que viaj\u00f3 al sorteo de la Libertadores<\/h3>\n<\/p>\n<\/section>\n<\/div>\n<p><h2><strong>\u00bfQui\u00e9n es Marc M\u00e1rquez?<\/strong><\/h2>\n<\/p>\n<div class=\"custom-text \" readability=\"39\">\n<p><strong>M\u00e1rquez se coron\u00f3 campe\u00f3n del Campeonato del Mundo de Motociclismo ocho veces<\/strong> y en tres categor\u00edas distintas: <strong>125cc<\/strong> (2010), <strong>Moto 2<\/strong> (2012) y <strong>Moto GP<\/strong> (2013, 2014, 2016, 2017, 2018 y 2019). Desde 2013 pertenece al equipo de Honda con quienes lleva 100 podios en 153 carreras disputadas.<\/p>\n<\/div>\n<div class=\"sc-489cef11-0 eZyHVk\" readability=\"6\">\n<section readability=\"2\"><picture><img alt=\"Retegui: de sensaci\u00f3n en Italia a la vuelta al f\u00fatbol argentino\" src=\"http:\/\/cordobadirecto.com\/wp-content\/uploads\/2023\/03\/marc-marquez-una-baja-de-peso-para-el-moto-gp-de-argentina-3.jpg\" width=\"29\" height=\"29\" decoding=\"async\" data-nimg=\"future\" loading=\"lazy\"><\/picture>\n<p><span>Mir\u00e1 tambi\u00e9n<\/span><\/p>\n<hr>\n<h3>Retegui: de sensaci\u00f3n en Italia a la vuelta al f\u00fatbol argentino<\/h3>\n<\/p>\n<\/section>\n<\/div>\n<p><h2><strong>El estado de Miguel Oliveira<\/strong><\/h2>\n<\/p>\n<div class=\"sc-996041c8-0 iUjELL\"><img alt=\"Miguel Oliveira en el piso tras el choque (AFP).\" src=\"http:\/\/cordobadirecto.com\/wp-content\/uploads\/2023\/03\/marc-marquez-una-baja-de-peso-para-el-moto-gp-de-argentina-4.jpg\" width=\"72\" height=\"10\" decoding=\"async\" data-nimg=\"future\" loading=\"lazy\"><span>Miguel Oliveira en el piso tras el choque (AFP).<\/span><\/div>\n<div class=\"custom-text \" readability=\"36\">\n<p>Si bien en principio parec\u00eda que Oliveira se hab\u00eda llevado la peor parte del choque, a tal punto que tuvo que ser retirado en camilla,<strong> el piloto luso no sufri\u00f3 ninguna lesi\u00f3n<\/strong> seg\u00fan confirm\u00f3 el doctor oficial del Moto GP de Portugal.<\/p>\n<\/div>\n<div class=\"sc-489cef11-0 eZyHVk\" readability=\"6\">\n<section readability=\"2\"><picture><img alt=\"El Inter insiste por Dybala \" src=\"http:\/\/cordobadirecto.com\/wp-content\/uploads\/2023\/03\/marc-marquez-una-baja-de-peso-para-el-moto-gp-de-argentina-5.jpg\" width=\"29\" height=\"29\" decoding=\"async\" data-nimg=\"future\" loading=\"lazy\"><\/picture>\n<p><span>Mir\u00e1 tambi\u00e9n<\/span><\/p>\n<hr>\n<h3>El Inter insiste por Dybala<br \/>\n<\/h3>\n<\/p>\n<\/section>\n<\/div>\n<\/div>\n","protected":false},"excerpt":{"rendered":"<p>27\/03\/2023 12:01hs. El piloto de Honda Marc M\u00e1rquez sufri\u00f3 una lesi\u00f3n en Portugal tras una mala maniobra y no estar\u00e1 presente en el Moto GP de Argentina. El espa\u00f1ol era una de las principales figuras del circuito que se llevar\u00e1 a cabo en Termas de R\u00edo Hondo, Santiago del Estero, este fin de semana. MotoGP [&hellip;]<\/p>\n","protected":false},"author":1,"featured_media":107739,"comment_status":"closed","ping_status":"closed","sticky":false,"template":"","format":"standard","meta":[],"categories":[21],"tags":[],"_links":{"self":[{"href":"http:\/\/cordobadirecto.com\/index.php\/wp-json\/wp\/v2\/posts\/107738"}],"collection":[{"href":"http:\/\/cordobadirecto.com\/index.php\/wp-json\/wp\/v2\/posts"}],"about":[{"href":"http:\/\/cordobadirecto.com\/index.php\/wp-json\/wp\/v2\/types\/post"}],"author":[{"embeddable":true,"href":"http:\/\/cordobadirecto.com\/index.php\/wp-json\/wp\/v2\/users\/1"}],"replies":[{"embeddable":true,"href":"http:\/\/cordobadirecto.com\/index.php\/wp-json\/wp\/v2\/comments?post=107738"}],"version-history":[{"count":0,"href":"http:\/\/cordobadirecto.com\/index.php\/wp-json\/wp\/v2\/posts\/107738\/revisions"}],"wp:featuredmedia":[{"embeddable":true,"href":"http:\/\/cordobadirecto.com\/index.php\/wp-json\/wp\/v2\/media\/107739"}],"wp:attachment":[{"href":"http:\/\/cordobadirecto.com\/index.php\/wp-json\/wp\/v2\/media?parent=107738"}],"wp:term":[{"taxonomy":"category","embeddable":true,"href":"http:\/\/cordobadirecto.com\/index.php\/wp-json\/wp\/v2\/categories?post=107738"},{"taxonomy":"post_tag","embeddable":true,"href":"http:\/\/cordobadirecto.com\/index.php\/wp-json\/wp\/v2\/tags?post=107738"}],"curies":[{"name":"wp","href":"https:\/\/api.w.org\/{rel}","templated":true}]}}