{"id":10789,"date":"2021-07-16T20:36:00","date_gmt":"2021-07-16T20:36:00","guid":{"rendered":"http:\/\/cordobadirecto.com\/index.php\/2021\/07\/16\/vuelve-el-toque-de-queda-a-barcelona-y-a-otros-lugares-turisticos-para-contener-brotes-de-coronavirus\/"},"modified":"2021-07-16T20:36:00","modified_gmt":"2021-07-16T20:36:00","slug":"vuelve-el-toque-de-queda-a-barcelona-y-a-otros-lugares-turisticos-para-contener-brotes-de-coronavirus","status":"publish","type":"post","link":"http:\/\/cordobadirecto.com\/index.php\/2021\/07\/16\/vuelve-el-toque-de-queda-a-barcelona-y-a-otros-lugares-turisticos-para-contener-brotes-de-coronavirus\/","title":{"rendered":"Vuelve el toque de queda a Barcelona y a otros lugares tur\u00edsticos para contener brotes de coronavirus"},"content":{"rendered":"<div class=\"image\" id=\"image\" readability=\"8\"> <img src=\"http:\/\/cordobadirecto.com\/wp-content\/uploads\/2021\/07\/vuelve-el-toque-de-queda-a-barcelona-y-a-otros-lugares-turisticos-para-contener-brotes-de-coronavirus.jpg\" alt=\"El tribunal se decant\u00f3 por aprobar la medida &quot;a pesar de su tan acentuado alcance territorial y personal&quot; y &quot;a fin y efecto de salvaguardar y preservar los derechos a la vida&quot;.\" title=\"El tribunal se decant\u00f3 por aprobar la medida &quot;a pesar de su tan acentuado alcance territorial y personal&quot; y &quot;a fin y efecto de salvaguardar y preservar los derechos a la vida&quot;.\"><\/p>\n<p>El tribunal se decant\u00f3 por aprobar la medida &#8220;a pesar de su tan acentuado alcance territorial y personal&#8221; y &#8220;a fin y efecto de salvaguardar y preservar los derechos a la vida&#8221;.<\/p>\n<\/div>\n<p>La Justicia espa\u00f1ola autoriz\u00f3&nbsp; <strong>el toque de queda nocturno solicitado por el Gobierno regional catal\u00e1n en Barcelona y varias localidades tur\u00edsticas,<\/strong> para contener la disparada de casos de coronavirus de los \u00faltimos d\u00edas.<\/p>\n<p>El Tribunal Superior de Justicia de Catalu\u00f1a autoriz\u00f3 aplicar el toque de queda entre la 1 y las 6 de hasta el s\u00e1bado 23 en Barcelona y en municipios de m\u00e1s de 5.000 habitantes con una incidencia superior a los 400 casos por cada 10.000 habitantes en los \u00faltimos siete d\u00edas.<\/p>\n<p><strong>&#8220;Se autoriza la resoluci\u00f3n del 15 de julio por la cual se establecen medidas de restricci\u00f3n de la movilidad nocturna para contener el brote epid\u00e9mico de la pandemia de Covid-19 en el territorio de Catalu\u00f1a&#8221;<\/strong>, comunic\u00f3 el tribunal catal\u00e1n.<\/p>\n<p>Desde la noche de este viernes, los ciudadanos de las poblaciones afectadas no podr\u00e1n permanecer en las calles sin justificaci\u00f3n entre la 1 y las 6.<\/p>\n<p><strong>&#8220;Es una medida dif\u00edcil, pero necesaria para frenar los contagios, para proteger vidas y el sistema sanitario&#8221;<\/strong>, afirm\u00f3 en un tuit tras conocerse el aval judicial el presidente catal\u00e1n, Pere Aragones.<\/p>\n<div class=\"js-code\" readability=\"7.5192307692308\">\n<blockquote class=\"twitter-tweet\" readability=\"8.8461538461538\">\n<p lang=\"ca\" dir=\"ltr\">El confinament nocturn ha estat avalat. \u00c9s una mesura dif\u00edcil, per\u00f2 necess\u00e0ria per frenar els contagis, per protegir vides i el sistema sanitari. Entrar\u00e0 en vigor aquesta nit. Entre tots, tombarem la corba de la COVID-19. <a href=\"https:\/\/t.co\/a1gcuIbiAd\">https:\/\/t.co\/a1gcuIbiAd<\/a><\/p>\n<p>\u2014 Pere Aragon\u00e8s i Garcia \ud83c\udf97 (@perearagones) <a href=\"https:\/\/twitter.com\/perearagones\/status\/1415989230673842183?ref_src=twsrc%5Etfw\">July 16, 2021<\/a><\/p><\/blockquote><\/div>\n<p>Se trata principalmente de municipios del \u00e1rea metropolitana de Barcelona y de la provincia hom\u00f3nima, aunque tambi\u00e9n est\u00e1n incluidas muchas localidades de la costa y las ciudades de Girona, Tarragona y L\u00e9rida.<\/p>\n<p>El tribunal se decant\u00f3 por aprobar la medida &#8220;a pesar de su tan acentuado alcance territorial y personal&#8221; y &#8220;a fin y efecto de salvaguardar y preservar los derechos a la vida y a la protecci\u00f3n de la salud y la estabilidad del sistema sanitario&#8221;, inform\u00f3 la agencia de noticias Sputnik.<\/p>\n<p><strong>&#8220;Todo ello en raz\u00f3n a la tan penosa resultancia de \u00edndices epidemiol\u00f3gicos que nos dejan en tan mal lugar a todos sobre todo si se tiene en cuenta la resultancia por franjas de edad&#8221;<\/strong>, esgrimieron los jueces.<\/p>\n<blockquote readability=\"9\">\n<p>Catalu\u00f1a se convierte as\u00ed en la segunda regi\u00f3n espa\u00f1ola despu\u00e9s de Valencia en volver a implantar un toque de queda para aplacar la expansi\u00f3n del coronavirus, en tanto Cantabria, Extremadura y Navarra esperan la aprobaci\u00f3n judicial.<span class=\"comilla\">\u201d<\/span><\/p>\n<\/blockquote>\n<p>La duraci\u00f3n del confinamiento nocturno se estableci\u00f3 hasta el 23, aunque podr\u00eda extenderse en base a la evoluci\u00f3n epidemiol\u00f3gica.<\/p>\n<p>Catalu\u00f1a se convierte as\u00ed en la segunda regi\u00f3n espa\u00f1ola despu\u00e9s de Valencia en volver a implantar un toque de queda para aplacar la expansi\u00f3n del coronavirus, en tanto Cantabria, Extremadura y Navarra esperan la aprobaci\u00f3n judicial.<\/p>\n<p>La suba de casos se choca con la buena noticia de que en la semana que fue del 5 al 11 de este mes, por primera vez en todo el a\u00f1o, el pa\u00eds no registr\u00f3 muertes por Covid-19 en residencias de mayores, seg\u00fan un informe del Instituto de Mayores y Servicios Sociales (Imserso), con datos aportados por las comunidades.<\/p>\n<p>El sector ven\u00eda mostrando una baja, seguramente por la vacunaci\u00f3n a los mayores alojados en esos centros, pero hasta ac\u00e1 nunca se hab\u00eda alcanzado el dato de cero muertes.<\/p>\n<div class=\"image\" id=\"image\" readability=\"9\"> <img src=\"http:\/\/cordobadirecto.com\/wp-content\/uploads\/2021\/07\/vuelve-el-toque-de-queda-a-barcelona-y-a-otros-lugares-turisticos-para-contener-brotes-de-coronavirus-1.jpg\" alt=\"La duraci\u00f3n del confinamiento nocturno se estableci\u00f3 hasta el 23, aunque podr\u00eda extenderse en base a la evoluci\u00f3n epidemiol\u00f3gica.\" title=\"La duraci\u00f3n del confinamiento nocturno se estableci\u00f3 hasta el 23, aunque podr\u00eda extenderse en base a la evoluci\u00f3n epidemiol\u00f3gica.\"><\/p>\n<p>La duraci\u00f3n del confinamiento nocturno se estableci\u00f3 hasta el 23, aunque podr\u00eda extenderse en base a la evoluci\u00f3n epidemiol\u00f3gica.<\/p>\n<\/div>\n<p>El informe, citado por el diario El Pa\u00eds, tambi\u00e9n recoge 124 contagios en esa misma semana.<\/p>\n<p>Las residencias de mayores fueron uno de los grandes focos de la pandemia desde que el virus comenz\u00f3 a expandirse, en marzo de 2020, con un registro de 29.631 muertos de personas que viv\u00edan esos centros.<\/p>\n<p>Este a\u00f1o, fruto de la vacunaci\u00f3n, la cifra de fallecidos se desplomaron y fueron 3.837 los mayores muertos en residencias, sobre todo en enero y febrero.<\/p>\n<p>Seg\u00fan El Pa\u00eds, la mayor\u00eda de los m\u00e1s de 300.000 mayores que viven en residencias ya est\u00e1n vacunados, pero a\u00fan as\u00ed se mantienen los riesgos porque se trata de una poblaci\u00f3n muy vulnerable, por edad y por las patolog\u00edas varias que suelen sufrir. <\/p>\n","protected":false},"excerpt":{"rendered":"<p>El tribunal se decant\u00f3 por aprobar la medida &#8220;a pesar de su tan acentuado alcance territorial y personal&#8221; y &#8220;a fin y efecto de salvaguardar y preservar los derechos a la vida&#8221;. La Justicia espa\u00f1ola autoriz\u00f3&nbsp; el toque de queda nocturno solicitado por el Gobierno regional catal\u00e1n en Barcelona y varias localidades tur\u00edsticas, para contener [&hellip;]<\/p>\n","protected":false},"author":1,"featured_media":10790,"comment_status":"closed","ping_status":"closed","sticky":false,"template":"","format":"standard","meta":[],"categories":[24],"tags":[],"_links":{"self":[{"href":"http:\/\/cordobadirecto.com\/index.php\/wp-json\/wp\/v2\/posts\/10789"}],"collection":[{"href":"http:\/\/cordobadirecto.com\/index.php\/wp-json\/wp\/v2\/posts"}],"about":[{"href":"http:\/\/cordobadirecto.com\/index.php\/wp-json\/wp\/v2\/types\/post"}],"author":[{"embeddable":true,"href":"http:\/\/cordobadirecto.com\/index.php\/wp-json\/wp\/v2\/users\/1"}],"replies":[{"embeddable":true,"href":"http:\/\/cordobadirecto.com\/index.php\/wp-json\/wp\/v2\/comments?post=10789"}],"version-history":[{"count":0,"href":"http:\/\/cordobadirecto.com\/index.php\/wp-json\/wp\/v2\/posts\/10789\/revisions"}],"wp:featuredmedia":[{"embeddable":true,"href":"http:\/\/cordobadirecto.com\/index.php\/wp-json\/wp\/v2\/media\/10790"}],"wp:attachment":[{"href":"http:\/\/cordobadirecto.com\/index.php\/wp-json\/wp\/v2\/media?parent=10789"}],"wp:term":[{"taxonomy":"category","embeddable":true,"href":"http:\/\/cordobadirecto.com\/index.php\/wp-json\/wp\/v2\/categories?post=10789"},{"taxonomy":"post_tag","embeddable":true,"href":"http:\/\/cordobadirecto.com\/index.php\/wp-json\/wp\/v2\/tags?post=10789"}],"curies":[{"name":"wp","href":"https:\/\/api.w.org\/{rel}","templated":true}]}}