{"id":10791,"date":"2021-07-16T21:35:52","date_gmt":"2021-07-16T21:35:52","guid":{"rendered":"http:\/\/cordobadirecto.com\/index.php\/2021\/07\/16\/caliente-contrapunto-entre-kulfas-y-empresarios-cordobeses\/"},"modified":"2021-07-16T21:35:52","modified_gmt":"2021-07-16T21:35:52","slug":"caliente-contrapunto-entre-kulfas-y-empresarios-cordobeses","status":"publish","type":"post","link":"http:\/\/cordobadirecto.com\/index.php\/2021\/07\/16\/caliente-contrapunto-entre-kulfas-y-empresarios-cordobeses\/","title":{"rendered":"Caliente contrapunto entre Kulfas y empresarios cordobeses"},"content":{"rendered":"<p>La Bolsa de Comercio de <b>C\u00f3rdoba<\/b> es muy cr\u00edtica del kirchnerismo y de las medidas <b>econ\u00f3micas<\/b> de la administraci\u00f3n de Alberto Fern\u00e1ndez. Tambi\u00e9n&nbsp;&#8230; <\/p>\n","protected":false},"excerpt":{"rendered":"<p>La Bolsa de Comercio de C\u00f3rdoba es muy cr\u00edtica del kirchnerismo y de las medidas econ\u00f3micas de la administraci\u00f3n de Alberto Fern\u00e1ndez. Tambi\u00e9n&nbsp;&#8230;<\/p>\n","protected":false},"author":1,"featured_media":0,"comment_status":"closed","ping_status":"closed","sticky":false,"template":"","format":"standard","meta":[],"categories":[40],"tags":[],"_links":{"self":[{"href":"http:\/\/cordobadirecto.com\/index.php\/wp-json\/wp\/v2\/posts\/10791"}],"collection":[{"href":"http:\/\/cordobadirecto.com\/index.php\/wp-json\/wp\/v2\/posts"}],"about":[{"href":"http:\/\/cordobadirecto.com\/index.php\/wp-json\/wp\/v2\/types\/post"}],"author":[{"embeddable":true,"href":"http:\/\/cordobadirecto.com\/index.php\/wp-json\/wp\/v2\/users\/1"}],"replies":[{"embeddable":true,"href":"http:\/\/cordobadirecto.com\/index.php\/wp-json\/wp\/v2\/comments?post=10791"}],"version-history":[{"count":0,"href":"http:\/\/cordobadirecto.com\/index.php\/wp-json\/wp\/v2\/posts\/10791\/revisions"}],"wp:attachment":[{"href":"http:\/\/cordobadirecto.com\/index.php\/wp-json\/wp\/v2\/media?parent=10791"}],"wp:term":[{"taxonomy":"category","embeddable":true,"href":"http:\/\/cordobadirecto.com\/index.php\/wp-json\/wp\/v2\/categories?post=10791"},{"taxonomy":"post_tag","embeddable":true,"href":"http:\/\/cordobadirecto.com\/index.php\/wp-json\/wp\/v2\/tags?post=10791"}],"curies":[{"name":"wp","href":"https:\/\/api.w.org\/{rel}","templated":true}]}}