{"id":108223,"date":"2023-03-31T22:50:35","date_gmt":"2023-03-31T22:50:35","guid":{"rendered":"https:\/\/www.ole.com.ar\/autos\/agustin-canapino-indy-car-debut-ovalo-hora-tv_0_eUOb3VukBM.html"},"modified":"2023-03-31T22:50:35","modified_gmt":"2023-03-31T22:50:35","slug":"vuelve-a-correr-agustin-canapino-en-la-indy-car-hora-dia-y-donde-verlo-por-tv","status":"publish","type":"post","link":"http:\/\/cordobadirecto.com\/index.php\/2023\/03\/31\/vuelve-a-correr-agustin-canapino-en-la-indy-car-hora-dia-y-donde-verlo-por-tv\/","title":{"rendered":"Vuelve a correr Agustin Canapino en la Indy Car: hora, d\u00eda y d\u00f3nde verlo por TV"},"content":{"rendered":"<p><time class=\"createDate\" datetime=\"2023-03-31T19:50:35-03:00\">31\/03\/2023 19:50hs.<\/time><time class=\"modificatedDate\" datetime=\"2023\/03\/31T19:50:35-03:00\"><\/time><\/p>\n<div id=\"storyBody\">\n<div class=\"custom-text \" readability=\"36.059016393443\">\n<p><a href=\"https:\/\/www.ole.com.ar\/tema\/agustin-canapino.html\" title=\"Agust\u00edn Canapino\" alt=\"Agust\u00edn Canapino\" class=\"slug\">Agustin Canapino<\/a>, que estuvo de paso por la Argentina viendo el TC en Toay, ya volvi\u00f3 a los Estados Unidos para correr este fin de semana por la<a href=\"https:\/\/www.ole.com.ar\/tema\/indy-car.html\" title=\"Indy Car\" alt=\"Indy Car\" class=\"slug\"> IndyCar<\/a>, en Texas, con su equipo Hollinger Juncos Racing. <strong>El piloto de Arrecifes correr\u00e1 por primera vez en el \u00f3valo por la segunda fecha de la competici\u00f3n.<\/strong><\/p>\n<\/div>\n<p><h2>\u00bfCu\u00e1ndo y en qu\u00e9 horario corre?<\/h2>\n<\/p>\n<div class=\"sc-a7166897-0 fTvehT\" readability=\"6.5\">\n<section readability=\"3\"><picture><img alt=\"F\u00f3rmula 1: Verstappen y Alonso, los due\u00f1os de las pr\u00e1cticas\" src=\"http:\/\/cordobadirecto.com\/wp-content\/uploads\/2023\/04\/vuelve-a-correr-agustin-canapino-en-la-indy-car-hora-dia-y-donde-verlo-por-tv.jpg\" width=\"29\" height=\"29\" decoding=\"async\" data-nimg=\"future\" loading=\"lazy\"><\/picture>\n<p><span>Mir\u00e1 tambi\u00e9n<\/span><\/p>\n<hr>\n<h3>F\u00f3rmula 1: Verstappen y Alonso, los due\u00f1os de las pr\u00e1cticas<\/h3>\n<\/p>\n<\/section>\n<\/div>\n<div class=\"sc-996041c8-0 iUjELL\"><img alt=\"Canapino busca completar el ovalo.\" src=\"http:\/\/cordobadirecto.com\/wp-content\/uploads\/2023\/04\/vuelve-a-correr-agustin-canapino-en-la-indy-car-hora-dia-y-donde-verlo-por-tv-1.jpg\" width=\"72\" height=\"10\" decoding=\"async\" data-nimg=\"future\" loading=\"lazy\"><span>Canapino busca completar el ovalo.<\/span><\/div>\n<div class=\"custom-text \" readability=\"37\">\n<p>En este caso, es un fin de semana especial en la IndyCar por lo que todas las pr\u00e1cticas ser\u00e1n el mismo d\u00eda que la clasificaci\u00f3n: la primera pr\u00e1ctica para el \u00eddolo del TC ser\u00e1 a las 10 de este s\u00e1bado y despu\u00e9s tendr\u00e1 otra a las 10.10. L<strong>uego afrontar\u00e1 la parte m\u00e1s importante del d\u00eda con la clasificaci\u00f3n, que ser\u00e1 a las 13.15.<\/strong><\/p>\n<\/div>\n<div class=\"custom-text \" readability=\"37\">\n<p>Una vez finalizada la clasificaci\u00f3n habr\u00e1 m\u00e1s entrenamientos, los primeros se inician a las 14.45 y se cierran a las 15.30, todos horarios de Argentina. <strong>Por \u00faltimo, la carrera comenzar\u00e1 a las 13 y se podr\u00e1 ver a trav\u00e9s de Star +.<\/strong><\/p>\n<\/div>\n<div class=\"sc-a7166897-0 fTvehT\" readability=\"6\">\n<section readability=\"2\"><picture><img alt=\"Campazzo y Vildoza mantienen con vida al Estrella Roja en la Euroliga\" src=\"http:\/\/cordobadirecto.com\/wp-content\/uploads\/2023\/04\/vuelve-a-correr-agustin-canapino-en-la-indy-car-hora-dia-y-donde-verlo-por-tv-2.jpg\" width=\"29\" height=\"29\" decoding=\"async\" data-nimg=\"future\" loading=\"lazy\"><\/picture>\n<p><span>Mir\u00e1 tambi\u00e9n<\/span><\/p>\n<hr>\n<h3>Campazzo y Vildoza mantienen con vida al Estrella Roja en la Euroliga<\/h3>\n<\/p>\n<\/section>\n<\/div>\n<p><h2>Lo que espera Canapino<\/h2>\n<\/p>\n<div class=\"sc-996041c8-0 iUjELL\"><img alt=\"Agust\u00edn Canapino busca un buen fin de semana de cara a la 2da fecha.\" src=\"http:\/\/cordobadirecto.com\/wp-content\/uploads\/2023\/04\/vuelve-a-correr-agustin-canapino-en-la-indy-car-hora-dia-y-donde-verlo-por-tv-3.jpg\" width=\"72\" height=\"10\" decoding=\"async\" data-nimg=\"future\" loading=\"lazy\"><span>Agust\u00edn Canapino busca un buen fin de semana de cara a la 2da fecha.<\/span><\/div>\n<div class=\"custom-text \" readability=\"35\">\n<p>\u201cEstoy muy emocionado por tener mi primer fin de semana en un \u00f3valo y espero aprovechar esta oportunidad. <strong>Me prepar\u00e9 al m\u00e1ximo y esperamos tener un buen fin de semana junto a todo el equipo<\/strong>\u201d, expres\u00f3.<\/p>\n<\/div>\n<div class=\"custom-text \" readability=\"36\">\n<p>Tambi\u00e9n, habl\u00f3 de sus metas por cumplir: \u201cMi principal objetivo es terminar la carrera. No me preocupa demasiado la posici\u00f3n que consiga como resultado final. <strong>Mi gran reto es ver la bandera a cuadros y poder acumular experiencia<\/strong> y seguir aprendiendo como piloto de Indycar\u201d, cerr\u00f3.<\/p>\n<\/div>\n<div class=\"sc-a7166897-0 fTvehT\" readability=\"6\">\n<section readability=\"2\"><picture><img alt=\"Neisi Dajomes campeona en el Panamericano de Levantamiento de Pesas\" src=\"http:\/\/cordobadirecto.com\/wp-content\/uploads\/2023\/04\/vuelve-a-correr-agustin-canapino-en-la-indy-car-hora-dia-y-donde-verlo-por-tv-4.jpg\" width=\"29\" height=\"29\" decoding=\"async\" data-nimg=\"future\" loading=\"lazy\"><\/picture>\n<p><span>Mir\u00e1 tambi\u00e9n<\/span><\/p>\n<hr>\n<h3>Neisi Dajomes campeona en el Panamericano de Levantamiento de Pesas<\/h3>\n<\/p>\n<\/section>\n<\/div>\n<\/div>\n","protected":false},"excerpt":{"rendered":"<p>31\/03\/2023 19:50hs. Agustin Canapino, que estuvo de paso por la Argentina viendo el TC en Toay, ya volvi\u00f3 a los Estados Unidos para correr este fin de semana por la IndyCar, en Texas, con su equipo Hollinger Juncos Racing. El piloto de Arrecifes correr\u00e1 por primera vez en el \u00f3valo por la segunda fecha de [&hellip;]<\/p>\n","protected":false},"author":1,"featured_media":108224,"comment_status":"closed","ping_status":"closed","sticky":false,"template":"","format":"standard","meta":[],"categories":[21],"tags":[],"_links":{"self":[{"href":"http:\/\/cordobadirecto.com\/index.php\/wp-json\/wp\/v2\/posts\/108223"}],"collection":[{"href":"http:\/\/cordobadirecto.com\/index.php\/wp-json\/wp\/v2\/posts"}],"about":[{"href":"http:\/\/cordobadirecto.com\/index.php\/wp-json\/wp\/v2\/types\/post"}],"author":[{"embeddable":true,"href":"http:\/\/cordobadirecto.com\/index.php\/wp-json\/wp\/v2\/users\/1"}],"replies":[{"embeddable":true,"href":"http:\/\/cordobadirecto.com\/index.php\/wp-json\/wp\/v2\/comments?post=108223"}],"version-history":[{"count":0,"href":"http:\/\/cordobadirecto.com\/index.php\/wp-json\/wp\/v2\/posts\/108223\/revisions"}],"wp:featuredmedia":[{"embeddable":true,"href":"http:\/\/cordobadirecto.com\/index.php\/wp-json\/wp\/v2\/media\/108224"}],"wp:attachment":[{"href":"http:\/\/cordobadirecto.com\/index.php\/wp-json\/wp\/v2\/media?parent=108223"}],"wp:term":[{"taxonomy":"category","embeddable":true,"href":"http:\/\/cordobadirecto.com\/index.php\/wp-json\/wp\/v2\/categories?post=108223"},{"taxonomy":"post_tag","embeddable":true,"href":"http:\/\/cordobadirecto.com\/index.php\/wp-json\/wp\/v2\/tags?post=108223"}],"curies":[{"name":"wp","href":"https:\/\/api.w.org\/{rel}","templated":true}]}}