{"id":108231,"date":"2023-04-01T00:56:49","date_gmt":"2023-04-01T00:56:49","guid":{"rendered":"https:\/\/cordoba.gob.ar\/?p=42677"},"modified":"2023-04-01T00:56:49","modified_gmt":"2023-04-01T00:56:49","slug":"41aniversario-de-la-guerra-de-malvinas-vigilia-en-la-plaza-de-la-intendencia-heroes-de-malvinas","status":"publish","type":"post","link":"http:\/\/cordobadirecto.com\/index.php\/2023\/04\/01\/41aniversario-de-la-guerra-de-malvinas-vigilia-en-la-plaza-de-la-intendencia-heroes-de-malvinas\/","title":{"rendered":"41\u00b0Aniversario de la Guerra de Malvinas: vigilia en la Plaza de la Intendencia-H\u00e9roes de Malvinas"},"content":{"rendered":"<div><img src=\"http:\/\/cordobadirecto.com\/wp-content\/uploads\/2023\/04\/41aniversario-de-la-guerra-de-malvinas-vigilia-en-la-plaza-de-la-intendencia-heroes-de-malvinas.jpg\" class=\"ff-og-image-inserted\"><\/div>\n<ul>\n<li><strong>Ser\u00e1 el s\u00e1bado 1 de abril, a partir de las 20,30 horas.<\/strong><\/li>\n<li><strong>Veteranos de Malvinas junto a los shows de Fuerza Mayor, Facundo Toro, Sendero Folk, Nico Villa y Los Mellizos ser\u00e1n protagonistas de la vigilia por la Gesta de Malvinas.<\/strong><\/li>\n<\/ul>\n<hr>\n<p>La Municipalidad de C\u00f3rdoba invita a los vecinos de la ciudad a participar de las actividades que se llevar\u00e1n a cabo el pr\u00f3ximo s\u00e1bado 1 de abril en conmemoraci\u00f3n del 41\u00b0 aniversario de la Guerra de Malvinas.<\/p>\n<p>Desde las 20.30 horas dar\u00e1 inicio a la tradicional vigilia junto a veteranos de Malvinas en la Plaza de la Intendencia-H\u00e9roes de Malvinas.<\/p>\n<p>La programaci\u00f3n del encuentro tambi\u00e9n incluye propuestas culturales para toda la familia con el show musical de Los Mellizos, Nico Villa, Fuerza Mayor, Sendero Folk, y Facundo Toro.<\/p>\n<p>Llegada la media noche se entonar\u00e1n las estrofas del Himno Nacional Argentino y la Marcha de Malvinas interpretadas por la banda \u201d BOQUERON\u201d del Regimiento de Infanter\u00eda Paracaidistas 2 y la Banda de la Escuela de Aviaci\u00f3n Militar<\/p>\n<p>Las actividades incluyen otras propuestas emotivas, videos alusivos y se servir\u00e1 el tradicional chocolate caliente realizado por personal del ej\u00e9rcito.<\/p>\n","protected":false},"excerpt":{"rendered":"<p>Ser\u00e1 el s\u00e1bado 1 de abril, a partir de las 20,30 horas. Veteranos de Malvinas junto a los shows de Fuerza Mayor, Facundo Toro, Sendero Folk, Nico Villa y Los Mellizos ser\u00e1n protagonistas de la vigilia por la Gesta de Malvinas. La Municipalidad de C\u00f3rdoba invita a los vecinos de la ciudad a participar de [&hellip;]<\/p>\n","protected":false},"author":1,"featured_media":108232,"comment_status":"closed","ping_status":"closed","sticky":false,"template":"","format":"standard","meta":[],"categories":[44],"tags":[],"_links":{"self":[{"href":"http:\/\/cordobadirecto.com\/index.php\/wp-json\/wp\/v2\/posts\/108231"}],"collection":[{"href":"http:\/\/cordobadirecto.com\/index.php\/wp-json\/wp\/v2\/posts"}],"about":[{"href":"http:\/\/cordobadirecto.com\/index.php\/wp-json\/wp\/v2\/types\/post"}],"author":[{"embeddable":true,"href":"http:\/\/cordobadirecto.com\/index.php\/wp-json\/wp\/v2\/users\/1"}],"replies":[{"embeddable":true,"href":"http:\/\/cordobadirecto.com\/index.php\/wp-json\/wp\/v2\/comments?post=108231"}],"version-history":[{"count":0,"href":"http:\/\/cordobadirecto.com\/index.php\/wp-json\/wp\/v2\/posts\/108231\/revisions"}],"wp:featuredmedia":[{"embeddable":true,"href":"http:\/\/cordobadirecto.com\/index.php\/wp-json\/wp\/v2\/media\/108232"}],"wp:attachment":[{"href":"http:\/\/cordobadirecto.com\/index.php\/wp-json\/wp\/v2\/media?parent=108231"}],"wp:term":[{"taxonomy":"category","embeddable":true,"href":"http:\/\/cordobadirecto.com\/index.php\/wp-json\/wp\/v2\/categories?post=108231"},{"taxonomy":"post_tag","embeddable":true,"href":"http:\/\/cordobadirecto.com\/index.php\/wp-json\/wp\/v2\/tags?post=108231"}],"curies":[{"name":"wp","href":"https:\/\/api.w.org\/{rel}","templated":true}]}}