{"id":10887,"date":"2021-07-16T16:15:31","date_gmt":"2021-07-16T16:15:31","guid":{"rendered":"https:\/\/cordoba.gob.ar\/?p=11116"},"modified":"2021-07-16T16:15:31","modified_gmt":"2021-07-16T16:15:31","slug":"abrieron-las-inscripciones-al-postitulo-educacion-para-el-desarrollo-sostenible-abordajes-pedagogico-didacticos-en-la-educacion-inicial-primaria-y-modalidades","status":"publish","type":"post","link":"http:\/\/cordobadirecto.com\/index.php\/2021\/07\/16\/abrieron-las-inscripciones-al-postitulo-educacion-para-el-desarrollo-sostenible-abordajes-pedagogico-didacticos-en-la-educacion-inicial-primaria-y-modalidades\/","title":{"rendered":"Abrieron las inscripciones al post\u00edtulo \u201cEducaci\u00f3n para el Desarrollo Sostenible: abordajes pedag\u00f3gico \u2013 did\u00e1cticos en la Educaci\u00f3n Inicial, Primaria y modalidades\u201d"},"content":{"rendered":"<div><img src=\"http:\/\/cordobadirecto.com\/wp-content\/uploads\/2021\/07\/abrieron-las-inscripciones-al-postitulo-educacion-para-el-desarrollo-sostenible-abordajes-pedagogico-didacticos-en-la-educacion-inicial-primaria-y-modalidades.png\" class=\"ff-og-image-inserted\"><\/div>\n<ul>\n<li aria-level=\"1\"><strong>Est\u00e1 destinado a docentes de nivel inicial, primario, as\u00ed como la educaci\u00f3n de j\u00f3venes y adultos, hospitalaria y en la desarrollada en los parques educativos.<\/strong><\/li>\n<li aria-level=\"1\"><strong>Los docentes se pueden <a href=\"https:\/\/forms.gle\/9CpV5r8WcDHRt4zw7\">inscribir<\/a> a trav\u00e9s de formulario hasta el 5 de agosto.<\/strong><\/li>\n<\/ul>\n<hr>\n<p><span>Mediante una propuesta conjunta, la Municipalidad de C\u00f3rdoba y el Instituto Cat\u00f3lico Superior, lanzaron el post\u00edtulo \u201cEducaci\u00f3n para el Desarrollo Sostenible: abordajes pedag\u00f3gico \u2013 did\u00e1cticos en la Educaci\u00f3n Inicial, Primaria y modalidades\u201d, destinado a docentes del Sistema Educativo Municipal.<\/span><\/p>\n<p><span>La actualizaci\u00f3n acad\u00e9mica busca lograr la apropiaci\u00f3n de saberes relevantes relacionados al desarrollo sostenible, logrando as\u00ed la integraci\u00f3n de los Objetivos para el Desarrollo Sostenible (ODS) en la curr\u00edcula de las instituciones educativas y en las acciones transformadoras que se desarrollan en los barrios de la ciudad.<\/span><\/p>\n<p><span>El post\u00edtulo est\u00e1 destinado a docentes de nivel inicial, primario, as\u00ed como la educaci\u00f3n de j\u00f3venes y adultos, hospitalaria y en la desarrollada en los parques educativos. La propuesta fue aprobada por el Ministerio de Educaci\u00f3n de la Provincia d\u00e1ndole validez oficial.<\/span><\/p>\n<p><span>La iniciativa surge del trabajo conjunto entre la Secretar\u00eda de Educaci\u00f3n, la Secretar\u00eda de Gesti\u00f3n Ambiental y Sostenibilidad, la Universidad Libre del Ambiente, el ente Bio C\u00f3rdoba, el ente C\u00f3rdoba Obras y Servicios (COyS) y el Instituto Cat\u00f3lico Superior.<\/span><\/p>\n<p><span>\u201cEsta propuesta es una verdadera oportunidad para interpretar los Objetivos para el Desarrollo Sostenible como componentes centrales de pr\u00e1cticas de la ense\u00f1anza en los escenarios actuales\u201d, destac\u00f3 el Secretario de Educaci\u00f3n, Horacio Ferreyra, quien manifest\u00f3 la importancia que adquiere este trayecto formativo como parte del Plan de Metas municipal.<\/span><\/p>\n<p><span>El funcionario adem\u00e1s resalt\u00f3 el trabajo articulado y colaborativo entre las distintas \u00e1reas de la Municipalidad, no s\u00f3lo en el dise\u00f1o sino tambi\u00e9n en la gesti\u00f3n de esta propuesta \u201cpara seguir construyendo juntos una C\u00f3rdoba del conocimiento, con m\u00e1s oportunidades e inclusiva\u201d.<\/span><\/p>\n<p><span>En este mismo sentido, Victoria Flores, presidenta del COyS valor\u00f3 el rol central de la educaci\u00f3n a la hora de hablar de separaci\u00f3n y reutilizaci\u00f3n de residuos, conceptos esenciales de la econom\u00eda circular que lleva adelante la gesti\u00f3n municipal. \u201cLos procesos de formaci\u00f3n de los docentes, deben incorporar esta idea, porque cuidar el ambiente es una tarea de todos y todas, evolucionar de un proceso de econom\u00eda lineal a uno de econom\u00eda circular, nos permitir\u00e1 hacer de C\u00f3rdoba, una ciudad amiga del ambiente\u201d, explic\u00f3.<\/span><\/p>\n<p><span>\u201cNo hay pol\u00edtica p\u00fablica exitosa si no se apoya en la educaci\u00f3n. El gobierno del ambiente demanda para la consecuci\u00f3n de los ODS 2030 articular un trabajo mancomunado que re\u00fana al&nbsp; sector p\u00fablico, privado y nuestra comunidad toda en iniciativas de sinergia e intercambio, siendo la educaci\u00f3n ambiental la v\u00eda posible para la construcci\u00f3n de una C\u00f3rdoba sostenible\u201d, manifest\u00f3 por su parte Jorge Folloni, Secretario de Gesti\u00f3n de Ambiente y Sostenibilidad del municipio.<\/span><\/p>\n<p><span>Las <\/span><a href=\"https:\/\/forms.gle\/9CpV5r8WcDHRt4zw7\"><span>inscripciones<\/span><\/a><span> se pueden realizar mediante formulario hasta el 5 de agosto.&nbsp;<\/span><span>M\u00e1s informaci\u00f3n sobre el post\u00edtulo en el siguiente <\/span><a href=\"https:\/\/educacion.cordoba.gob.ar\/wp-content\/uploads\/sites\/28\/2021\/07\/convocatoria-postitulo-desarrollo-sostenible-15-07.pdf\"><span>enlace<\/span><\/a><span>.<\/span><\/p>\n","protected":false},"excerpt":{"rendered":"<p>Est\u00e1 destinado a docentes de nivel inicial, primario, as\u00ed como la educaci\u00f3n de j\u00f3venes y adultos, hospitalaria y en la desarrollada en los parques educativos. Los docentes se pueden inscribir a trav\u00e9s de formulario hasta el 5 de agosto. Mediante una propuesta conjunta, la Municipalidad de C\u00f3rdoba y el Instituto Cat\u00f3lico Superior, lanzaron el post\u00edtulo [&hellip;]<\/p>\n","protected":false},"author":1,"featured_media":10888,"comment_status":"closed","ping_status":"closed","sticky":false,"template":"","format":"standard","meta":[],"categories":[44],"tags":[],"_links":{"self":[{"href":"http:\/\/cordobadirecto.com\/index.php\/wp-json\/wp\/v2\/posts\/10887"}],"collection":[{"href":"http:\/\/cordobadirecto.com\/index.php\/wp-json\/wp\/v2\/posts"}],"about":[{"href":"http:\/\/cordobadirecto.com\/index.php\/wp-json\/wp\/v2\/types\/post"}],"author":[{"embeddable":true,"href":"http:\/\/cordobadirecto.com\/index.php\/wp-json\/wp\/v2\/users\/1"}],"replies":[{"embeddable":true,"href":"http:\/\/cordobadirecto.com\/index.php\/wp-json\/wp\/v2\/comments?post=10887"}],"version-history":[{"count":0,"href":"http:\/\/cordobadirecto.com\/index.php\/wp-json\/wp\/v2\/posts\/10887\/revisions"}],"wp:featuredmedia":[{"embeddable":true,"href":"http:\/\/cordobadirecto.com\/index.php\/wp-json\/wp\/v2\/media\/10888"}],"wp:attachment":[{"href":"http:\/\/cordobadirecto.com\/index.php\/wp-json\/wp\/v2\/media?parent=10887"}],"wp:term":[{"taxonomy":"category","embeddable":true,"href":"http:\/\/cordobadirecto.com\/index.php\/wp-json\/wp\/v2\/categories?post=10887"},{"taxonomy":"post_tag","embeddable":true,"href":"http:\/\/cordobadirecto.com\/index.php\/wp-json\/wp\/v2\/tags?post=10887"}],"curies":[{"name":"wp","href":"https:\/\/api.w.org\/{rel}","templated":true}]}}