{"id":1091,"date":"2021-02-06T14:45:38","date_gmt":"2021-02-06T14:45:38","guid":{"rendered":"http:\/\/www.bbc.com\/mundo\/noticias-america-latina-55950140"},"modified":"2021-02-06T14:45:38","modified_gmt":"2021-02-06T14:45:38","slug":"la-crisis-sin-precedentes-de-la-pequena-colchane-el-pueblecito-chileno-que-tiene-mas-migrantes-que-habitantes","status":"publish","type":"post","link":"http:\/\/cordobadirecto.com\/index.php\/2021\/02\/06\/la-crisis-sin-precedentes-de-la-pequena-colchane-el-pueblecito-chileno-que-tiene-mas-migrantes-que-habitantes\/","title":{"rendered":"La crisis &#8220;sin precedentes&#8221; de la peque\u00f1a Colchane, el pueblecito chileno que tiene m\u00e1s migrantes que habitantes"},"content":{"rendered":"<div dir=\"ltr\" class=\"e1j2237y2 css-vf19ca-GridComponent e57qer20\">\n<div class=\"css-s561j-Container e1c9i7u10\">\n<ul role=\"list\" class=\"css-g8atbx-Person e1c9i7u12\">\n<li role=\"listitem\" class=\"css-dvly96-Name e1c9i7u13\">Norberto Paredes @norbertparedes<\/li>\n<li role=\"listitem\" class=\"css-1942rtw-Title e1c9i7u14\">BBC News Mundo<\/li>\n<\/ul>\n<\/div>\n<\/div>\n<p><time datetime=\"2021-02-06\" class=\"css-1gpsqpy-StyledTimestamp e4zesg50\">6 febrero 2021<\/time><\/p>\n<div dir=\"ltr\" class=\"css-1vcyzo4-GridComponent e57qer20\">\n<figure class=\"css-m91nxa-Figure e6bmn90\">\n<div dir=\"ltr\" class=\"css-18d1333-GridComponent e57qer20\">\n<div dir=\"ltr\" class=\"css-1p8eeyy-GridComponent e57qer20\" readability=\"6.5\">\n<div class=\"css-oijotl-ImagePlaceholder e1whu0\" readability=\"8\"><img srcset=\"http:\/\/cordobadirecto.com\/wp-content\/uploads\/2021\/02\/la-crisis-sin-precedentes-de-la-pequena-colchane-el-pueblecito-chileno-que-tiene-mas-migrantes-que-habitantes-6.jpg 240w, http:\/\/cordobadirecto.com\/wp-content\/uploads\/2021\/02\/la-crisis-sin-precedentes-de-la-pequena-colchane-el-pueblecito-chileno-que-tiene-mas-migrantes-que-habitantes-7.jpg 320w, http:\/\/cordobadirecto.com\/wp-content\/uploads\/2021\/02\/la-crisis-sin-precedentes-de-la-pequena-colchane-el-pueblecito-chileno-que-tiene-mas-migrantes-que-habitantes-8.jpg 480w, http:\/\/cordobadirecto.com\/wp-content\/uploads\/2021\/02\/la-crisis-sin-precedentes-de-la-pequena-colchane-el-pueblecito-chileno-que-tiene-mas-migrantes-que-habitantes-9.jpg 624w, http:\/\/cordobadirecto.com\/wp-content\/uploads\/2021\/02\/la-crisis-sin-precedentes-de-la-pequena-colchane-el-pueblecito-chileno-que-tiene-mas-migrantes-que-habitantes-10.jpg 800w\" alt=\"Migrantes en Colchane.\" src=\"http:\/\/cordobadirecto.com\/wp-content\/uploads\/2021\/02\/la-crisis-sin-precedentes-de-la-pequena-colchane-el-pueblecito-chileno-que-tiene-mas-migrantes-que-habitantes.jpg\" width=\"976\" class=\"css-1vsigzm-StyledImg-fadeIn e1enwo3v0\"><\/p>\n<p role=\"text\" class=\"css-19db9gm-Copyright etq3yw90\"><span class=\"css-ow3j0s-VisuallyHiddenText e1yt7oin0\">Fuente de la imagen, <\/span><span lang=\"en-GB\">Getty Images<\/span><\/p>\n<\/div>\n<\/div>\n<div dir=\"ltr\" class=\"css-5z6hrn-GridComponent e57qer20\" readability=\"7.5\"><figcaption dir=\"ltr\" class=\"css-qu1vzc-Caption eede9f50\" readability=\"5\"><span class=\"css-ow3j0s-VisuallyHiddenText e1yt7oin0\">Pie de foto, <\/span><\/p>\n<p>Desde hace d\u00edas Colchane, una peque\u00f1a comuna en Chile, vive una crisis migratoria sin precedentes&#8221;.<\/p>\n<\/figcaption><\/div>\n<\/div>\n<\/figure>\n<\/div>\n<div dir=\"ltr\" class=\"css-oywjep-GridComponent e57qer20\" readability=\"11\">\n<p dir=\"ltr\" class=\"css-1ikvhrr-Paragraph e1cc2ql70\"><b>En pleno altiplano chileno, a escasos kil\u00f3metros de la frontera con Bolivia, se encuentra una peque\u00f1a comuna de unas 1.700 personas, cuya poblaci\u00f3n se ha duplicado en los \u00faltimos a\u00f1os. <\/b><\/p>\n<\/div>\n<div dir=\"ltr\" class=\"css-oywjep-GridComponent e57qer20\" readability=\"9\">\n<p dir=\"ltr\" class=\"css-1ikvhrr-Paragraph e1cc2ql70\">Pero el s\u00fabito crecimiento poblacional no se debe a una explosi\u00f3n de natalidad, sino a una crisis migratoria sin precedentes en una zona conocida como &#8220;la gran tierra de los Aymaras&#8221;. <\/p>\n<\/div>\n<div dir=\"ltr\" class=\"css-oywjep-GridComponent e57qer20\" readability=\"10\">\n<p dir=\"ltr\" class=\"css-1ikvhrr-Paragraph e1cc2ql70\">El detonante de la crisis que afecta a la localidad de <b>Colchane <\/b>fue la llegada repentina de cientos de migrantes el 1 de febrero, y la misma fue agudizada por la muerte de dos migrantes -un venezolano y una colombiana- en la madrugada del mi\u00e9rcoles. <\/p>\n<\/div>\n<div dir=\"ltr\" class=\"css-oywjep-GridComponent e57qer20\" readability=\"7\">\n<p dir=\"ltr\" class=\"css-1ikvhrr-Paragraph e1cc2ql70\">Se baraja que ambos murieron como consecuencia de las bajas temperaturas de la zona. <\/p>\n<\/div>\n<div dir=\"ltr\" class=\"css-oywjep-GridComponent e57qer20\" readability=\"10\">\n<p dir=\"ltr\" class=\"css-1ikvhrr-Paragraph e1cc2ql70\">La frontera que divide a Colchane de Pisiga, en Bolivia, es una zona que se encuentra a m\u00e1s de <b>3.600<\/b><b> de altitud<\/b> y donde no es raro que los term\u00f3metros caigan a cero en esta \u00e9poca del a\u00f1o.<\/p>\n<\/div>\n<div dir=\"ltr\" class=\"css-oywjep-GridComponent e57qer20\" readability=\"9\">\n<p dir=\"ltr\" class=\"css-1ikvhrr-Paragraph e1cc2ql70\">Pero ni las temperaturas extremas ni mucho menos la pandemia de covid-19 han detenido el flujo de migrantes, que en su mayor\u00eda <b>proviene de Venezuela<\/b>. <\/p>\n<\/div>\n<div dir=\"ltr\" class=\"css-oywjep-GridComponent e57qer20\"><img srcset=\"http:\/\/cordobadirecto.com\/wp-content\/uploads\/2021\/02\/la-crisis-sin-precedentes-de-la-pequena-colchane-el-pueblecito-chileno-que-tiene-mas-migrantes-que-habitantes-1.png 640w, http:\/\/cordobadirecto.com\/wp-content\/uploads\/2021\/02\/la-crisis-sin-precedentes-de-la-pequena-colchane-el-pueblecito-chileno-que-tiene-mas-migrantes-que-habitantes.png 816w\" src=\"http:\/\/cordobadirecto.com\/wp-content\/uploads\/2021\/02\/la-crisis-sin-precedentes-de-la-pequena-colchane-el-pueblecito-chileno-que-tiene-mas-migrantes-que-habitantes.png\" alt=\"Map\" id=\"include-1\" class=\"css-13lcmnl-StyledImg e1enwo3v0\"><\/div>\n<div dir=\"ltr\" class=\"css-oywjep-GridComponent e57qer20\" readability=\"12\">\n<p dir=\"ltr\" class=\"css-1ikvhrr-Paragraph e1cc2ql70\">&#8220;Estamos viviendo una de las peores crisis humanitarias. Nos encontramos hoy d\u00eda con <b>1.800 inmigrantes<\/b>. La mayor concentraci\u00f3n se encuentra en la localidad capital de Conchane, donde habitan 300 personas&#8221;, dice a BBC Mundo el alcalde de la comuna, Javier Garc\u00eda. <\/p>\n<\/div>\n<div dir=\"ltr\" class=\"css-oywjep-GridComponent e57qer20\" readability=\"11\">\n<p dir=\"ltr\" class=\"css-1ikvhrr-Paragraph e1cc2ql70\">&#8220;Por tanto, se ha producido un colapso sin precedentes en el poblado. Esta ola incluye 235 ni\u00f1os, que est\u00e1n ocupando todos los espacios p\u00fablicos&#8221;, prosigue. <\/p>\n<\/div>\n<div dir=\"ltr\" class=\"css-oywjep-GridComponent e57qer20\" readability=\"7\">\n<p dir=\"ltr\" class=\"css-1ikvhrr-Paragraph e1cc2ql70\">El censo de 2017 arroj\u00f3 que 1.728 personas viv\u00edan en la comuna ese a\u00f1o.<\/p>\n<\/div>\n<p><h2 id=\"Esto-ya-sobrepas\u00f3-cualquier-l\u00edmite\" tabindex=\"-1\" class=\"css-4qzrek-SubHeading e14hemmw1\">&#8220;Esto ya sobrepas\u00f3 cualquier l\u00edmite&#8221;<\/h2>\n<\/p>\n<div dir=\"ltr\" class=\"css-oywjep-GridComponent e57qer20\" readability=\"8\">\n<p dir=\"ltr\" class=\"css-1ikvhrr-Paragraph e1cc2ql70\">El alcalde se\u00f1ala que su municipalidad <b>no cuenta con la infraestructura<\/b> para acoger a tal cantidad de personas. <\/p>\n<\/div>\n<div dir=\"ltr\" class=\"css-1vcyzo4-GridComponent e57qer20\">\n<figure class=\"css-m91nxa-Figure e6bmn90\">\n<div dir=\"ltr\" class=\"css-18d1333-GridComponent e57qer20\">\n<div dir=\"ltr\" class=\"css-1p8eeyy-GridComponent e57qer20\" readability=\"6.5\">\n<div class=\"css-oijotl-ImagePlaceholder e1whu0\" readability=\"8\"><noscript><img srcset=\"http:\/\/cordobadirecto.com\/wp-content\/uploads\/2021\/02\/la-crisis-sin-precedentes-de-la-pequena-colchane-el-pueblecito-chileno-que-tiene-mas-migrantes-que-habitantes-11.jpg 240w, http:\/\/cordobadirecto.com\/wp-content\/uploads\/2021\/02\/la-crisis-sin-precedentes-de-la-pequena-colchane-el-pueblecito-chileno-que-tiene-mas-migrantes-que-habitantes-12.jpg 320w, http:\/\/cordobadirecto.com\/wp-content\/uploads\/2021\/02\/la-crisis-sin-precedentes-de-la-pequena-colchane-el-pueblecito-chileno-que-tiene-mas-migrantes-que-habitantes-13.jpg 480w, http:\/\/cordobadirecto.com\/wp-content\/uploads\/2021\/02\/la-crisis-sin-precedentes-de-la-pequena-colchane-el-pueblecito-chileno-que-tiene-mas-migrantes-que-habitantes-14.jpg 624w, http:\/\/cordobadirecto.com\/wp-content\/uploads\/2021\/02\/la-crisis-sin-precedentes-de-la-pequena-colchane-el-pueblecito-chileno-que-tiene-mas-migrantes-que-habitantes-15.jpg 800w\" alt=\"Migrantes en Colchane el 3 de febrero de 2021.\" src=\"http:\/\/cordobadirecto.com\/wp-content\/uploads\/2021\/02\/la-crisis-sin-precedentes-de-la-pequena-colchane-el-pueblecito-chileno-que-tiene-mas-migrantes-que-habitantes-1.jpg\" width=\"976\" class=\"css-1vsigzm-StyledImg-fadeIn e1enwo3v0\"><\/noscript><\/p>\n<p role=\"text\" class=\"css-19db9gm-Copyright etq3yw90\"><span class=\"css-ow3j0s-VisuallyHiddenText e1yt7oin0\">Fuente de la imagen, <\/span><span lang=\"en-GB\">Getty Images<\/span><\/p>\n<\/div>\n<\/div>\n<div dir=\"ltr\" class=\"css-5z6hrn-GridComponent e57qer20\" readability=\"7\"><figcaption dir=\"ltr\" class=\"css-qu1vzc-Caption eede9f50\" readability=\"4\"><span class=\"css-ow3j0s-VisuallyHiddenText e1yt7oin0\">Pie de foto, <\/span><\/p>\n<p>Seg\u00fan el Servicio Jesuita a Migrantes, la mayor\u00eda de los ingresados por pasos no habilitados son venezolanos (72%).<\/p>\n<\/figcaption><\/div>\n<\/div>\n<\/figure>\n<\/div>\n<div dir=\"ltr\" class=\"css-oywjep-GridComponent e57qer20\" readability=\"11\">\n<p dir=\"ltr\" class=\"css-1ikvhrr-Paragraph e1cc2ql70\">&#8220;La comuna no tiene electrificaci\u00f3n las 24 horas del d\u00eda. No contamos con supermercados ni con red de alcantarillado. Contamos con un consultorio que diariamente atiende a 30 personas y solamente ayer atendi\u00f3 a 260 pacientes, lo cual pone en evidencia<b> la sobrepoblaci\u00f3n y la sobrecarga laboral<\/b> de los funcionarios aqu\u00ed&#8221;.<\/p>\n<\/div>\n<div dir=\"ltr\" class=\"css-oywjep-GridComponent e57qer20\" readability=\"10\">\n<p dir=\"ltr\" class=\"css-1ikvhrr-Paragraph e1cc2ql70\">Para David Vargas, un sacerdote familiarizado con el tema migratorio en el norte de Chile, la situaci\u00f3n ha cambiado &#8220;much\u00edsimo&#8221; y en los \u00faltimos d\u00edas &#8220;ha dejado de ser normal&#8221;.<\/p>\n<\/div>\n<div dir=\"ltr\" class=\"css-oywjep-GridComponent e57qer20\" readability=\"12\">\n<p dir=\"ltr\" class=\"css-1ikvhrr-Paragraph e1cc2ql70\">&#8220;Estamos ante una alerta humanitaria. Esto ya sobrepas\u00f3 cualquier l\u00edmite. La cantidad de <b>venezolanos, bolivianos y hasta peruanos<\/b> que ingresan por pasos no habilitados es enorme&#8221;, le dice a BBC Mundo desde Calama, en la regi\u00f3n vecina de Antofagasta. <\/p>\n<\/div>\n<div dir=\"ltr\" class=\"css-oywjep-GridComponent e57qer20\" readability=\"9\">\n<p dir=\"ltr\" class=\"css-1ikvhrr-Paragraph e1cc2ql70\">&#8220;La situaci\u00f3n en sus pa\u00edses es tan compleja que prefieren pasar por m\u00e1s situaciones inhumanas para llegar a Chile y as\u00ed tratar de mejorar su calidad de vida&#8221;, prosigue. <\/p>\n<\/div>\n<p><h2 id=\"Xenofobia\" tabindex=\"-1\" class=\"css-4qzrek-SubHeading e14hemmw1\">Xenofobia<\/h2>\n<\/p>\n<div dir=\"ltr\" class=\"css-oywjep-GridComponent e57qer20\" readability=\"13\">\n<p dir=\"ltr\" class=\"css-1ikvhrr-Paragraph e1cc2ql70\">A mediados de enero, el presidente chileno, Sebasti\u00e1n Pi\u00f1era, firm\u00f3 un decreto que autoriza al ej\u00e9rcito a intervenir en el control migratorio en la frontera norte de Chile, y el mismo fue publicado en el Diario Oficial a finales de esta semana.<\/p>\n<\/div>\n<div dir=\"ltr\" class=\"css-oywjep-GridComponent e57qer20\" readability=\"14\">\n<p dir=\"ltr\" class=\"css-1ikvhrr-Paragraph e1cc2ql70\">Y el jueves, adem\u00e1s de anunciar la elaboraci\u00f3n de un plan para mitigar la situaci\u00f3n en Colchane y la inmediata duplicaci\u00f3n del personal de Carabineros y del ej\u00e9rcito en la zona, el ministro del Interior, Rodrigo Delgado, record\u00f3 que el decreto tambi\u00e9n les da a las autoridades &#8220;herramientas en materia de <b>expulsi\u00f3n inmediata<\/b>&#8220;. <\/p>\n<\/div>\n<div dir=\"ltr\" class=\"css-oywjep-GridComponent e57qer20\" readability=\"10\">\n<p dir=\"ltr\" class=\"css-1ikvhrr-Paragraph e1cc2ql70\">&#8220;Hoy cruzar la frontera no est\u00e1 tipificado como delito, pero con la nueva ley s\u00ed est\u00e1 tipificado como delito&#8221;, explic\u00f3.<\/p>\n<\/div>\n<div dir=\"ltr\" class=\"css-oywjep-GridComponent e57qer20\" readability=\"10\">\n<p dir=\"ltr\" class=\"css-1ikvhrr-Paragraph e1cc2ql70\">Delgado viajar\u00e1 a Colchane la pr\u00f3xima semana con el ministro de Defensa, Baldo Prokurica, para estudiar la situaci\u00f3n y anunciar nuevas medidas.<\/p>\n<\/div>\n<div dir=\"ltr\" class=\"css-oywjep-GridComponent e57qer20\" readability=\"11\">\n<p dir=\"ltr\" class=\"css-1ikvhrr-Paragraph e1cc2ql70\">Vargas, sin embargo, critica las decisiones anunciadas y asegura que es injusto que en &#8220;una <b>crisis humanitaria<\/b> de tal magnitud&#8221; las autoridades quieran condenar y perseguir a personas que vienen huyendo de la miseria en lugar de &#8220;verlo por el lado humanitario&#8221;.<\/p>\n<\/div>\n<div dir=\"ltr\" class=\"css-1vcyzo4-GridComponent e57qer20\">\n<figure class=\"css-m91nxa-Figure e6bmn90\">\n<div dir=\"ltr\" class=\"css-18d1333-GridComponent e57qer20\">\n<div dir=\"ltr\" class=\"css-1p8eeyy-GridComponent e57qer20\" readability=\"6.5\">\n<div class=\"css-oijotl-ImagePlaceholder e1whu0\" readability=\"8\"><noscript><img srcset=\"http:\/\/cordobadirecto.com\/wp-content\/uploads\/2021\/02\/la-crisis-sin-precedentes-de-la-pequena-colchane-el-pueblecito-chileno-que-tiene-mas-migrantes-que-habitantes-16.jpg 240w, http:\/\/cordobadirecto.com\/wp-content\/uploads\/2021\/02\/la-crisis-sin-precedentes-de-la-pequena-colchane-el-pueblecito-chileno-que-tiene-mas-migrantes-que-habitantes-17.jpg 320w, http:\/\/cordobadirecto.com\/wp-content\/uploads\/2021\/02\/la-crisis-sin-precedentes-de-la-pequena-colchane-el-pueblecito-chileno-que-tiene-mas-migrantes-que-habitantes-18.jpg 480w, http:\/\/cordobadirecto.com\/wp-content\/uploads\/2021\/02\/la-crisis-sin-precedentes-de-la-pequena-colchane-el-pueblecito-chileno-que-tiene-mas-migrantes-que-habitantes-19.jpg 624w, http:\/\/cordobadirecto.com\/wp-content\/uploads\/2021\/02\/la-crisis-sin-precedentes-de-la-pequena-colchane-el-pueblecito-chileno-que-tiene-mas-migrantes-que-habitantes-20.jpg 800w\" alt=\"Ni\u00f1a migrante durmiendo.\" src=\"http:\/\/cordobadirecto.com\/wp-content\/uploads\/2021\/02\/la-crisis-sin-precedentes-de-la-pequena-colchane-el-pueblecito-chileno-que-tiene-mas-migrantes-que-habitantes-2.jpg\" width=\"976\" class=\"css-1vsigzm-StyledImg-fadeIn e1enwo3v0\"><\/noscript><\/p>\n<p role=\"text\" class=\"css-19db9gm-Copyright etq3yw90\"><span class=\"css-ow3j0s-VisuallyHiddenText e1yt7oin0\">Fuente de la imagen, <\/span><span lang=\"en-GB\">Getty Images<\/span><\/p>\n<\/div>\n<\/div>\n<div dir=\"ltr\" class=\"css-5z6hrn-GridComponent e57qer20\" readability=\"6.5\"><figcaption dir=\"ltr\" class=\"css-qu1vzc-Caption eede9f50\" readability=\"3\"><span class=\"css-ow3j0s-VisuallyHiddenText e1yt7oin0\">Pie de foto, <\/span><\/p>\n<p>El sacerdote David Vargas considera que las acciones guvernamentales han generado maltratos y xenofobia.<\/p>\n<\/figcaption><\/div>\n<\/div>\n<\/figure>\n<\/div>\n<div dir=\"ltr\" class=\"css-oywjep-GridComponent e57qer20\" readability=\"8\">\n<p dir=\"ltr\" class=\"css-1ikvhrr-Paragraph e1cc2ql70\">El sacerdote tambi\u00e9n denuncia que la decisi\u00f3n ha contribuido a que se generen maltratos y <b>actos de xenofobia<\/b>. <\/p>\n<\/div>\n<div dir=\"ltr\" class=\"css-oywjep-GridComponent e57qer20\" readability=\"11\">\n<p dir=\"ltr\" class=\"css-1ikvhrr-Paragraph e1cc2ql70\">&#8220;Ahorita estoy viendo mucha xenofobia en contra de los migrantes que est\u00e1n llegando. El ataque hacia los migrantes es alarmante. Yo mismo he tratado de ayudar a los venezolanos y me han agredido, pero al final ya estoy acostumbrado a esto&#8221;, dice. <\/p>\n<\/div>\n<div dir=\"ltr\" class=\"css-oywjep-GridComponent e57qer20\" readability=\"7\">\n<p dir=\"ltr\" class=\"css-1ikvhrr-Paragraph e1cc2ql70\">&#8220;Esta gente ahora <b>necesita la solidaridad <\/b>de todos nosotros&#8221;.<\/p>\n<\/div>\n<p><h2 id=\"Buscando-un-mejor-nivel-de-vida-y-seguridad\" tabindex=\"-1\" class=\"css-4qzrek-SubHeading e14hemmw1\">Buscando un mejor nivel de vida y seguridad<\/h2>\n<\/p>\n<div dir=\"ltr\" class=\"css-oywjep-GridComponent e57qer20\" readability=\"10\">\n<p dir=\"ltr\" class=\"css-1ikvhrr-Paragraph e1cc2ql70\">Seg\u00fan Waleska Ureta, Directora Nacional del Servicio Jesuita a Migrantes, lo vivido las \u00faltimas semanas en Colchane y otros puntos del norte de Chile no es nuevo. <\/p>\n<\/div>\n<div dir=\"ltr\" class=\"css-oywjep-GridComponent e57qer20\" readability=\"11\">\n<p dir=\"ltr\" class=\"css-1ikvhrr-Paragraph e1cc2ql70\">&#8220;Ahora se ha agravado el fen\u00f3meno del ingreso por paso no habilitado, pero esto viene d\u00e1ndose<b> desde 2018<\/b>. Coincide con la agudizaci\u00f3n de problemas sociopol\u00edticos en los pa\u00edses vecinos y hoy con la crisis sanitaria producto del covid-19&#8243;, explica en entrevista con BBC Mundo. <\/p>\n<\/div>\n<div dir=\"ltr\" class=\"css-oywjep-GridComponent e57qer20\" readability=\"8\">\n<p dir=\"ltr\" class=\"css-1ikvhrr-Paragraph e1cc2ql70\">Ureta destaca que los migrantes que han llegado en los \u00faltimos a\u00f1os poseen <b>perfiles bastante diversos<\/b> en cuanto a formaci\u00f3n y origen socioecon\u00f3mico. <\/p>\n<\/div>\n<div dir=\"ltr\" class=\"css-oywjep-GridComponent e57qer20\" readability=\"8\">\n<p dir=\"ltr\" class=\"css-1ikvhrr-Paragraph e1cc2ql70\">&#8220;Lo que los unifica es la urgencia de encontrar un mejor nivel de vida y seguridad&#8221;, a\u00f1ade. <\/p>\n<\/div>\n<div dir=\"ltr\" class=\"css-1vcyzo4-GridComponent e57qer20\">\n<figure class=\"css-m91nxa-Figure e6bmn90\">\n<div dir=\"ltr\" class=\"css-18d1333-GridComponent e57qer20\">\n<div dir=\"ltr\" class=\"css-1p8eeyy-GridComponent e57qer20\" readability=\"6.5\">\n<div class=\"css-oijotl-ImagePlaceholder e1whu0\" readability=\"8\"><noscript><img srcset=\"http:\/\/cordobadirecto.com\/wp-content\/uploads\/2021\/02\/la-crisis-sin-precedentes-de-la-pequena-colchane-el-pueblecito-chileno-que-tiene-mas-migrantes-que-habitantes-21.jpg 240w, http:\/\/cordobadirecto.com\/wp-content\/uploads\/2021\/02\/la-crisis-sin-precedentes-de-la-pequena-colchane-el-pueblecito-chileno-que-tiene-mas-migrantes-que-habitantes-22.jpg 320w, http:\/\/cordobadirecto.com\/wp-content\/uploads\/2021\/02\/la-crisis-sin-precedentes-de-la-pequena-colchane-el-pueblecito-chileno-que-tiene-mas-migrantes-que-habitantes-23.jpg 480w, http:\/\/cordobadirecto.com\/wp-content\/uploads\/2021\/02\/la-crisis-sin-precedentes-de-la-pequena-colchane-el-pueblecito-chileno-que-tiene-mas-migrantes-que-habitantes-24.jpg 624w, http:\/\/cordobadirecto.com\/wp-content\/uploads\/2021\/02\/la-crisis-sin-precedentes-de-la-pequena-colchane-el-pueblecito-chileno-que-tiene-mas-migrantes-que-habitantes-25.jpg 800w\" alt=\"Migrantes atravesando la frontera.\" src=\"http:\/\/cordobadirecto.com\/wp-content\/uploads\/2021\/02\/la-crisis-sin-precedentes-de-la-pequena-colchane-el-pueblecito-chileno-que-tiene-mas-migrantes-que-habitantes-3.jpg\" width=\"976\" class=\"css-1vsigzm-StyledImg-fadeIn e1enwo3v0\"><\/noscript><\/p>\n<p role=\"text\" class=\"css-19db9gm-Copyright etq3yw90\"><span class=\"css-ow3j0s-VisuallyHiddenText e1yt7oin0\">Fuente de la imagen, <\/span><span lang=\"en-GB\">Getty Images<\/span><\/p>\n<\/div>\n<\/div>\n<div dir=\"ltr\" class=\"css-5z6hrn-GridComponent e57qer20\" readability=\"7\"><figcaption dir=\"ltr\" class=\"css-qu1vzc-Caption eede9f50\" readability=\"4\"><span class=\"css-ow3j0s-VisuallyHiddenText e1yt7oin0\">Pie de foto, <\/span><\/p>\n<p>Ni las temperaturas extremas ni la pandemia de covid-19 han detenido el flujo de migrantes, que en su mayor\u00eda proviene de Venezuela.<\/p>\n<\/figcaption><\/div>\n<\/div>\n<\/figure>\n<\/div>\n<div dir=\"ltr\" class=\"css-oywjep-GridComponent e57qer20\" readability=\"18\">\n<p dir=\"ltr\" class=\"css-1ikvhrr-Paragraph e1cc2ql70\">De acuerdo al Instituto Nacional de Estad\u00edsticas de Chile y el Departamento de Extranjer\u00eda y Migraci\u00f3n (DEM), en el 2019 los principales colectivos de extranjeros residentes en Chile proven\u00edan de Venezuela (30,5%), Per\u00fa (15,8%), Hait\u00ed (12,5%), Colombia (10,8%) y Bolivia (8,0%).<\/p>\n<\/div>\n<p><h2 id=\"Coronavirus\" tabindex=\"-1\" class=\"css-4qzrek-SubHeading e14hemmw1\">Coronavirus<\/h2>\n<\/p>\n<div dir=\"ltr\" class=\"css-oywjep-GridComponent e57qer20\" readability=\"10\">\n<p dir=\"ltr\" class=\"css-1ikvhrr-Paragraph e1cc2ql70\">Por otra parte, registros del Servicio Jesuita a Migrantes apuntan que la mayor\u00eda de los ingresados por pasos no habilitados tras el cierre de la frontera entre Bolivia y Chile debido a la pandemia son venezolanos (72%). <\/p>\n<\/div>\n<div dir=\"ltr\" class=\"css-oywjep-GridComponent e57qer20\" readability=\"8\">\n<p dir=\"ltr\" class=\"css-1ikvhrr-Paragraph e1cc2ql70\">La mayor\u00eda de los reci\u00e9n llegados acampa en plazas o vive a la intemperie y el alcalde Javier Garc\u00eda indica que una de sus grandes preocupaciones es precisamente <b>el avance del coronavirus<\/b>. <\/p>\n<\/div>\n<div dir=\"ltr\" class=\"css-oywjep-GridComponent e57qer20\" readability=\"14\">\n<p dir=\"ltr\" class=\"css-1ikvhrr-Paragraph e1cc2ql70\">&#8220;Estamos frente a un posible y eventual foco de infecciones, ya que los inmigrantes est\u00e1n aglomerados en masa, sin las condiciones m\u00ednimas. Tambi\u00e9n con las bajas temperaturas es m\u00e1s posible que se propaguen enfermedades respiratorias, lo cual pone en peligro la salud de los pobladores&#8221;, precisa. <\/p>\n<\/div>\n<div dir=\"ltr\" class=\"css-oywjep-GridComponent e57qer20\" readability=\"10\">\n<p dir=\"ltr\" class=\"css-1ikvhrr-Paragraph e1cc2ql70\">El secretario general de la Coordinadora Nacional de Inmigrantes, Rodolfo Noriega, asegura que el coronavirus es precisamente &#8220;<b>la excusa que utiliza el gobierno<\/b>&#8221; para no dejar pasar a los migrantes. <\/p>\n<\/div>\n<div dir=\"ltr\" class=\"css-1vcyzo4-GridComponent e57qer20\">\n<figure class=\"css-m91nxa-Figure e6bmn90\">\n<div dir=\"ltr\" class=\"css-18d1333-GridComponent e57qer20\">\n<div dir=\"ltr\" class=\"css-1p8eeyy-GridComponent e57qer20\" readability=\"6.5\">\n<div class=\"css-oijotl-ImagePlaceholder e1whu0\" readability=\"8\"><noscript><img srcset=\"http:\/\/cordobadirecto.com\/wp-content\/uploads\/2021\/02\/la-crisis-sin-precedentes-de-la-pequena-colchane-el-pueblecito-chileno-que-tiene-mas-migrantes-que-habitantes-26.jpg 240w, http:\/\/cordobadirecto.com\/wp-content\/uploads\/2021\/02\/la-crisis-sin-precedentes-de-la-pequena-colchane-el-pueblecito-chileno-que-tiene-mas-migrantes-que-habitantes-27.jpg 320w, http:\/\/cordobadirecto.com\/wp-content\/uploads\/2021\/02\/la-crisis-sin-precedentes-de-la-pequena-colchane-el-pueblecito-chileno-que-tiene-mas-migrantes-que-habitantes-28.jpg 480w, http:\/\/cordobadirecto.com\/wp-content\/uploads\/2021\/02\/la-crisis-sin-precedentes-de-la-pequena-colchane-el-pueblecito-chileno-que-tiene-mas-migrantes-que-habitantes-29.jpg 624w, http:\/\/cordobadirecto.com\/wp-content\/uploads\/2021\/02\/la-crisis-sin-precedentes-de-la-pequena-colchane-el-pueblecito-chileno-que-tiene-mas-migrantes-que-habitantes-30.jpg 800w\" alt=\"Migrantes agrupados en Colchane.\" src=\"http:\/\/cordobadirecto.com\/wp-content\/uploads\/2021\/02\/la-crisis-sin-precedentes-de-la-pequena-colchane-el-pueblecito-chileno-que-tiene-mas-migrantes-que-habitantes-4.jpg\" width=\"976\" class=\"css-1vsigzm-StyledImg-fadeIn e1enwo3v0\"><\/noscript><\/p>\n<p role=\"text\" class=\"css-19db9gm-Copyright etq3yw90\"><span class=\"css-ow3j0s-VisuallyHiddenText e1yt7oin0\">Fuente de la imagen, <\/span><span lang=\"en-GB\">Getty Images<\/span><\/p>\n<\/div>\n<\/div>\n<div dir=\"ltr\" class=\"css-5z6hrn-GridComponent e57qer20\" readability=\"6.5\"><figcaption dir=\"ltr\" class=\"css-qu1vzc-Caption eede9f50\" readability=\"3\"><span class=\"css-ow3j0s-VisuallyHiddenText e1yt7oin0\">Pie de foto, <\/span><\/p>\n<p>Al alcalde de la localidad le preocupa que las aglomeraciones de migrantes se conviertan en focos de coronavirus.<\/p>\n<\/figcaption><\/div>\n<\/div>\n<\/figure>\n<\/div>\n<div dir=\"ltr\" class=\"css-oywjep-GridComponent e57qer20\" readability=\"11\">\n<p dir=\"ltr\" class=\"css-1ikvhrr-Paragraph e1cc2ql70\">&#8220;Ellos quisieran avanzar hacia el centro o hacia el sur de Chile pero est\u00e1n contenidos ah\u00ed por las autoridades chilenas con el pretexto del covid y luego con la excusa de que no los pueden llevar a otros lugares. Eso por supuesto ha generado conflictos en la zona con los locales&#8221;, dice en conversaci\u00f3n telef\u00f3nica con BBC Mundo. <\/p>\n<\/div>\n<p><h2 id=\"Los-venezolanos-son-las-verdaderas-v\u00edctimas\" tabindex=\"-1\" class=\"css-4qzrek-SubHeading e14hemmw1\">&#8220;Los venezolanos son las verdaderas v\u00edctimas&#8221;<\/h2>\n<\/p>\n<div dir=\"ltr\" class=\"css-oywjep-GridComponent e57qer20\" readability=\"8\">\n<p dir=\"ltr\" class=\"css-1ikvhrr-Paragraph e1cc2ql70\">Noriega alega que si bien todos los Estados son soberanos y est\u00e1n en su derecho de establecer restricciones este tema deber\u00eda ser manejado de manera diferente. <\/p>\n<\/div>\n<div dir=\"ltr\" class=\"css-oywjep-GridComponent e57qer20\" readability=\"11\">\n<p dir=\"ltr\" class=\"css-1ikvhrr-Paragraph e1cc2ql70\">&#8220;Estamos hablando de ni\u00f1os que quieren reunirse con sus familias, de mujeres desamparadas. El Estado tiene que desmilitarizar la frontera. Ellos mismos se dan cuenta de que han retenido probablemente con medios b\u00e9licos a grupos de migrantes y que la situaci\u00f3n <b>no es acorde con el derecho interno chileno<\/b>&#8220;. <\/p>\n<\/div>\n<div dir=\"ltr\" class=\"css-oywjep-GridComponent e57qer20\" readability=\"11\">\n<p dir=\"ltr\" class=\"css-1ikvhrr-Paragraph e1cc2ql70\">El alcalde de Colchane le pide a las autoridades centrales que trasladen de manera urgente a los 1.800 migrantes que se encuentran varados a ciudades con mejores condiciones y que inicien &#8220;de inmediato&#8221; un di\u00e1logo a trav\u00e9s de las canciller\u00edas con pa\u00edses vecinos como Bolivia, Per\u00fa y Ecuador para controlar el fen\u00f3meno migratorio.<\/p>\n<\/div>\n<div dir=\"ltr\" class=\"css-oywjep-GridComponent e57qer20\" readability=\"15\">\n<p dir=\"ltr\" class=\"css-1ikvhrr-Paragraph e1cc2ql70\">Por su parte, Waleska Ureta, del Servicio Jesuita a Migrantes, explica que el tr\u00e1fico de personas migrantes debe enfrentarse no solo a trav\u00e9s de medidas migratorias, sino que la respuesta, ante todo, <b>debe ser humanitaria.<\/b><\/p>\n<\/div>\n<div dir=\"ltr\" class=\"css-oywjep-GridComponent e57qer20\" readability=\"13\">\n<p dir=\"ltr\" class=\"css-1ikvhrr-Paragraph e1cc2ql70\">&#8220;Chile y Am\u00e9rica Latina hoy enfrentan una verdadera crisis humanitaria derivada de la migraci\u00f3n forzada de miles de personas, sobre todo venezolanos, que son las <b>v\u00edctimas de verdaderas bandas dedicadas al tr\u00e1fico<\/b>, en un drama que debe enfrentarse a nivel continental&#8221;, afirma. <\/p>\n<\/div>\n<div dir=\"ltr\" class=\"css-oywjep-GridComponent e57qer20\" readability=\"11\">\n<p dir=\"ltr\" class=\"css-1ikvhrr-Paragraph e1cc2ql70\">&#8220;Igualmente es fundamental privilegiar la reunificaci\u00f3n familiar de las personas migrantes; aumentar multas y castigos a las bandas de &#8216;coyotes&#8217; que coordinan redes de tr\u00e1fico y sensibilizar e informar a la ciudadan\u00eda respecto a la situaci\u00f3n que las personas migrantes est\u00e1n viviendo&#8221;, concluye. <\/p>\n<\/div>\n<div dir=\"ltr\" class=\"css-1vcyzo4-GridComponent e57qer20\">\n<figure class=\"css-m91nxa-Figure e6bmn90\">\n<div dir=\"ltr\" class=\"css-18d1333-GridComponent e57qer20\">\n<div dir=\"ltr\" class=\"css-1p8eeyy-GridComponent e57qer20\">\n<div class=\"css-3p1z99-ImagePlaceholder e1whu0\"><noscript><img srcset=\"http:\/\/cordobadirecto.com\/wp-content\/uploads\/2021\/02\/la-crisis-sin-precedentes-de-la-pequena-colchane-el-pueblecito-chileno-que-tiene-mas-migrantes-que-habitantes-31.jpg 240w, http:\/\/cordobadirecto.com\/wp-content\/uploads\/2021\/02\/la-crisis-sin-precedentes-de-la-pequena-colchane-el-pueblecito-chileno-que-tiene-mas-migrantes-que-habitantes-32.jpg 320w, http:\/\/cordobadirecto.com\/wp-content\/uploads\/2021\/02\/la-crisis-sin-precedentes-de-la-pequena-colchane-el-pueblecito-chileno-que-tiene-mas-migrantes-que-habitantes-33.jpg 464w\" alt=\"Presentational grey line\" src=\"http:\/\/cordobadirecto.com\/wp-content\/uploads\/2021\/02\/la-crisis-sin-precedentes-de-la-pequena-colchane-el-pueblecito-chileno-que-tiene-mas-migrantes-que-habitantes-5.jpg\" width=\"464\" class=\"css-1vsigzm-StyledImg-fadeIn e1enwo3v0\"><\/noscript><\/div>\n<\/div>\n<\/div>\n<\/figure>\n<\/div>\n<div dir=\"ltr\" class=\"css-oywjep-GridComponent e57qer20\" readability=\"8\">\n<p dir=\"ltr\" class=\"css-1ikvhrr-Paragraph e1cc2ql70\"><i class=\"css-h1y5j7 ewc4zcb0\">Ahora puedes recibir notificaciones de BBC Mundo. Descarga la nueva versi\u00f3n de nuestra app y act\u00edvalas para no perderte nuestro mejor contenido.<\/i><\/p>\n<\/div>\n","protected":false},"excerpt":{"rendered":"<p>Norberto Paredes @norbertparedes BBC News Mundo 6 febrero 2021 Fuente de la imagen, Getty Images Pie de foto, Desde hace d\u00edas Colchane, una peque\u00f1a comuna en Chile, vive una crisis migratoria sin precedentes&#8221;. En pleno altiplano chileno, a escasos kil\u00f3metros de la frontera con Bolivia, se encuentra una peque\u00f1a comuna de unas 1.700 personas, cuya [&hellip;]<\/p>\n","protected":false},"author":1,"featured_media":1092,"comment_status":"closed","ping_status":"closed","sticky":false,"template":"","format":"standard","meta":[],"categories":[24],"tags":[],"_links":{"self":[{"href":"http:\/\/cordobadirecto.com\/index.php\/wp-json\/wp\/v2\/posts\/1091"}],"collection":[{"href":"http:\/\/cordobadirecto.com\/index.php\/wp-json\/wp\/v2\/posts"}],"about":[{"href":"http:\/\/cordobadirecto.com\/index.php\/wp-json\/wp\/v2\/types\/post"}],"author":[{"embeddable":true,"href":"http:\/\/cordobadirecto.com\/index.php\/wp-json\/wp\/v2\/users\/1"}],"replies":[{"embeddable":true,"href":"http:\/\/cordobadirecto.com\/index.php\/wp-json\/wp\/v2\/comments?post=1091"}],"version-history":[{"count":0,"href":"http:\/\/cordobadirecto.com\/index.php\/wp-json\/wp\/v2\/posts\/1091\/revisions"}],"wp:featuredmedia":[{"embeddable":true,"href":"http:\/\/cordobadirecto.com\/index.php\/wp-json\/wp\/v2\/media\/1092"}],"wp:attachment":[{"href":"http:\/\/cordobadirecto.com\/index.php\/wp-json\/wp\/v2\/media?parent=1091"}],"wp:term":[{"taxonomy":"category","embeddable":true,"href":"http:\/\/cordobadirecto.com\/index.php\/wp-json\/wp\/v2\/categories?post=1091"},{"taxonomy":"post_tag","embeddable":true,"href":"http:\/\/cordobadirecto.com\/index.php\/wp-json\/wp\/v2\/tags?post=1091"}],"curies":[{"name":"wp","href":"https:\/\/api.w.org\/{rel}","templated":true}]}}