{"id":10959,"date":"2021-07-16T12:28:48","date_gmt":"2021-07-16T12:28:48","guid":{"rendered":"https:\/\/es.digitaltrends.com\/?p=837986"},"modified":"2021-07-16T12:28:48","modified_gmt":"2021-07-16T12:28:48","slug":"twitter-anade-subtitulos-a-los-tuits-de-audio","status":"publish","type":"post","link":"http:\/\/cordobadirecto.com\/index.php\/2021\/07\/16\/twitter-anade-subtitulos-a-los-tuits-de-audio\/","title":{"rendered":"Twitter a\u00f1ade subt\u00edtulos a los tuits de audio"},"content":{"rendered":"<p>Twitter da un gran paso en aras de la accesibilidad.<\/p>\n<p>La red social de <em>microblogging&nbsp;<\/em>anunci\u00f3 dentro de su plataforma que los tuits de voz ya cuentan con subt\u00edtulos. La medida permitir\u00e1 que las personas con discapacidad auditiva puedan disfrutar de este tipo de contenido.<\/p>\n<blockquote class=\"h-lazy-embed\" data-width=\"500\" data-dnt=\"true\" data-initial-classes=\"twitter-tweet\" data-embed-name=\"twitter\" data-sdk-src=\"\/\/platform.twitter.com\/widgets.js\">\n<p lang=\"en\" dir=\"ltr\">We took your feedback and we\u2019re doing the work. To improve accessibility features, captions for voice Tweets are rolling out today. <\/p>\n<p>Now when you record a voice Tweet, captions will automatically generate and appear. To view the captions on web, click the \u201cCC\u201d button. <a href=\"https:\/\/t.co\/hrdI19Itu6\">https:\/\/t.co\/hrdI19Itu6<\/a> <a href=\"https:\/\/t.co\/pDlpOUgV6l\">pic.twitter.com\/pDlpOUgV6l<\/a><\/p>\n<p>&amp;mdash; Twitter Support (@TwitterSupport) <a href=\"https:\/\/twitter.com\/TwitterSupport\/status\/1415806764113670145?ref_src=twsrc%5Etfw\">July 15, 2021<\/a><\/p>\n<\/blockquote>\n<p>Twitter lanz\u00f3 por primera vez <a href=\"https:\/\/es.digitaltrends.com\/sociales\/voz-twitter-funcion\/\">los tuits de audio en junio de 2020,<\/a> consciente de las carencias de esta herramienta en t\u00e9rminos de accesibilidad. Para solventar el fallo, la compa\u00f1\u00eda prometi\u00f3 en septiembre de ese mismo a\u00f1o que resolver\u00eda la situaci\u00f3n, algo que le llev\u00f3 un buen tiempo.<\/p>\n<p>Aunque tarde, la funci\u00f3n ya est\u00e1 despleg\u00e1ndose y permite que cuando un usuario cree un nuevo tuit de voz los subt\u00edtulos se generen de manera autom\u00e1tica. La herramienta por ahora ofrece subt\u00edtulos en ingl\u00e9s, japon\u00e9s, espa\u00f1ol, portugu\u00e9s, turco, \u00e1rabe, hindi, franc\u00e9s, indonesio, coreano e italiano. Se desconoce si Twitter planea lanzar m\u00e1s idiomas compatibles con la funci\u00f3n en un futuro.<\/p>\n<figure class=\"aligncenter\"><img src=\"http:\/\/cordobadirecto.com\/wp-content\/uploads\/2021\/07\/twitter-anade-subtitulos-a-los-tuits-de-audio.gif\" data-dt-lazy-src=\"https:\/\/icdn.dtcn.com\/image\/digitaltrends_es\/subititulos-720x720.jpg\" onerror=\"dti_load_error(this)\" class=\" wp-image-837991 size-large dt-lazy-load dt-lazy-pending\" alt><\/figure>\n<p>Hay que recordar que los tuits de audio solamente est\u00e1n disponibles en la <em>app<\/em> de iOS y que la red social no ha confirmado cu\u00e1ndo llegar\u00e1n a Android. Para ver los subt\u00edtulos de un tuit solo tienes que pulsar en el bot\u00f3n CC que aparecer\u00e1 en la zona superior del mismo, tanto en la <em>app<\/em> como en la web de Twitter.<\/p>\n<p>La red social despliega la nueva funci\u00f3n para todos, por lo que poco a poco la veremos disponible. Al redactar esta nota, <em>Digital Trends en Espa\u00f1ol<\/em> pudo comprobar que los subt\u00edtulos han sido activados en Espa\u00f1a, tanto en la <em>app<\/em> para iPhone como en la versi\u00f3n de escritorio.<\/p>\n<h4 class=\"h-editors-recs-title\"> Recomendaciones del editor\t<\/h4>\n<p> <span id=\"publisher-md\" itemprop=\"publisher\" itemscope itemtype=\"https:\/\/schema.org\/Organization\"> <span itemprop=\"url\" itemtype=\"https:\/\/schema.org\/Url\" content=\"https:\/\/es.digitaltrends.com\"> <span itemprop=\"logo\" itemscope itemtype=\"https:\/\/schema.org\/ImageObject\"> <meta itemprop=\"url\" content=\"https:\/\/cdn.dtcn.com\/dt\/dt-logo-small.png\"> <meta itemprop=\"width\" content=\"0\"> <meta itemprop=\"height\" content=\"0\"> <\/span> <meta itemprop=\"name\" content=\"Digital Trends Espa\u00f1ol\"> <\/span> <span itemprop=\"image\" itemscope itemtype=\"https:\/\/schema.org\/ImageObject\"> <meta itemprop=\"url\" content=\"https:\/\/icdn.dtcn.com\/image\/digitaltrends_es\/twitter-voz-2.jpg\"> <\/span> <\/span><\/p>\n","protected":false},"excerpt":{"rendered":"<p>Twitter da un gran paso en aras de la accesibilidad. La red social de microblogging&nbsp;anunci\u00f3 dentro de su plataforma que los tuits de voz ya cuentan con subt\u00edtulos. La medida permitir\u00e1 que las personas con discapacidad auditiva puedan disfrutar de este tipo de contenido. We took your feedback and we\u2019re doing the work. To improve [&hellip;]<\/p>\n","protected":false},"author":1,"featured_media":10960,"comment_status":"closed","ping_status":"closed","sticky":false,"template":"","format":"standard","meta":[],"categories":[26],"tags":[],"_links":{"self":[{"href":"http:\/\/cordobadirecto.com\/index.php\/wp-json\/wp\/v2\/posts\/10959"}],"collection":[{"href":"http:\/\/cordobadirecto.com\/index.php\/wp-json\/wp\/v2\/posts"}],"about":[{"href":"http:\/\/cordobadirecto.com\/index.php\/wp-json\/wp\/v2\/types\/post"}],"author":[{"embeddable":true,"href":"http:\/\/cordobadirecto.com\/index.php\/wp-json\/wp\/v2\/users\/1"}],"replies":[{"embeddable":true,"href":"http:\/\/cordobadirecto.com\/index.php\/wp-json\/wp\/v2\/comments?post=10959"}],"version-history":[{"count":0,"href":"http:\/\/cordobadirecto.com\/index.php\/wp-json\/wp\/v2\/posts\/10959\/revisions"}],"wp:featuredmedia":[{"embeddable":true,"href":"http:\/\/cordobadirecto.com\/index.php\/wp-json\/wp\/v2\/media\/10960"}],"wp:attachment":[{"href":"http:\/\/cordobadirecto.com\/index.php\/wp-json\/wp\/v2\/media?parent=10959"}],"wp:term":[{"taxonomy":"category","embeddable":true,"href":"http:\/\/cordobadirecto.com\/index.php\/wp-json\/wp\/v2\/categories?post=10959"},{"taxonomy":"post_tag","embeddable":true,"href":"http:\/\/cordobadirecto.com\/index.php\/wp-json\/wp\/v2\/tags?post=10959"}],"curies":[{"name":"wp","href":"https:\/\/api.w.org\/{rel}","templated":true}]}}