{"id":11182,"date":"2021-07-21T05:14:30","date_gmt":"2021-07-21T05:14:30","guid":{"rendered":"https:\/\/www.bbc.com\/mundo\/noticias-57888582"},"modified":"2021-07-21T05:14:30","modified_gmt":"2021-07-21T05:14:30","slug":"la-covid-19-quizas-no-se-vaya-nunca-como-aprendemos-a-convivir-con-ella","status":"publish","type":"post","link":"http:\/\/cordobadirecto.com\/index.php\/2021\/07\/21\/la-covid-19-quizas-no-se-vaya-nunca-como-aprendemos-a-convivir-con-ella\/","title":{"rendered":"La covid-19 quiz\u00e1s no se vaya nunca: \u00bfc\u00f3mo aprendemos a convivir con ella?"},"content":{"rendered":"<div dir=\"ltr\" class=\"e1j2237y5 bbc-q4ibpr e57qer20\">\n<div class=\"bbc-1atl7vu e1c9i7u14\">\n<ul role=\"list\" class=\"bbc-cdrraw e1c9i7u12\">\n<li role=\"listitem\" class=\"bbc-1a3w4ok e1c9i7u11\">Fernando Duarte<\/li>\n<li role=\"listitem\" class=\"bbc-1p92jtu e1c9i7u10\">BBC World Service<\/li>\n<\/ul>\n<\/div>\n<\/div>\n<p><time datetime=\"2021-07-21\" class=\"bbc-14xtggo e4zesg50\">9 horas<\/time><\/p>\n<div dir=\"ltr\" class=\"bbc-1ka88fa e57qer20\">\n<figure class=\"bbc-1qdcvv9 e6bmn90\">\n<div dir=\"ltr\" class=\"bbc-172p16q e57qer20\">\n<div dir=\"ltr\" class=\"bbc-189y18v e57qer20\" readability=\"6.5\">\n<div data-e2e=\"image-placeholder\" class=\"bbc-1k5hvrj e1whu0\" readability=\"8\"><img srcset=\"http:\/\/cordobadirecto.com\/wp-content\/uploads\/2021\/07\/la-covid-19-quizas-no-se-vaya-nunca-como-aprendemos-a-convivir-con-ella-9.jpg 240w, http:\/\/cordobadirecto.com\/wp-content\/uploads\/2021\/07\/la-covid-19-quizas-no-se-vaya-nunca-como-aprendemos-a-convivir-con-ella-10.jpg 320w, http:\/\/cordobadirecto.com\/wp-content\/uploads\/2021\/07\/la-covid-19-quizas-no-se-vaya-nunca-como-aprendemos-a-convivir-con-ella-11.jpg 480w, http:\/\/cordobadirecto.com\/wp-content\/uploads\/2021\/07\/la-covid-19-quizas-no-se-vaya-nunca-como-aprendemos-a-convivir-con-ella-12.jpg 624w, http:\/\/cordobadirecto.com\/wp-content\/uploads\/2021\/07\/la-covid-19-quizas-no-se-vaya-nunca-como-aprendemos-a-convivir-con-ella-13.jpg 800w\" alt=\"Una mujer joven vistiendo equipo de protecci\u00f3n personal y mascarilla.\" src=\"http:\/\/cordobadirecto.com\/wp-content\/uploads\/2021\/07\/la-covid-19-quizas-no-se-vaya-nunca-como-aprendemos-a-convivir-con-ella.jpg\" width=\"976\" class=\"bbc-fat2bc e1enwo3v0\"><\/p>\n<p role=\"text\" class=\"bbc-1s1cxbv etq3yw90\"><span class=\"bbc-1gnhmg2 e1yt7oin0\">Fuente de la imagen, <\/span><span lang=\"en-GB\">Getty Images<\/span><\/p>\n<\/div>\n<\/div>\n<div dir=\"ltr\" class=\"bbc-3edg7g e57qer20\" readability=\"6\"><figcaption dir=\"ltr\" class=\"bbc-1t9zlwf eede9f50\" readability=\"2\"><span class=\"bbc-1gnhmg2 e1yt7oin0\">Pie de foto, <\/span><\/p>\n<p>\u00bfLleg\u00f3 la covid-19 para quedarse? Un gran n\u00famero de cient\u00edficos cree que es muy probable.<\/p>\n<\/figcaption><\/div>\n<\/div>\n<\/figure>\n<\/div>\n<div dir=\"ltr\" class=\"bbc-19j92fr e57qer20\" readability=\"9\">\n<p dir=\"ltr\" class=\"bbc-bm53ic e1cc2ql70\"><b>La covid-19 ha infectado a m\u00e1s de 185 millones de personas y ha causado cuatro millones de muertes en todo el mundo desde que fue clasificada como una pandemia por la Organizaci\u00f3n Mundial de la Salud (OMS).<\/b><\/p>\n<\/div>\n<div dir=\"ltr\" class=\"bbc-19j92fr e57qer20\" readability=\"9\">\n<p dir=\"ltr\" class=\"bbc-bm53ic e1cc2ql70\">Hay grandes esperanzas de que la vacunaci\u00f3n pueda llevar al mundo de regreso a alg\u00fan tipo de normalidad, aliviando las restricciones que han moldeado nuestras vidas durante los \u00faltimos 16 meses.<\/p>\n<\/div>\n<div dir=\"ltr\" class=\"bbc-19j92fr e57qer20\" readability=\"9\">\n<p dir=\"ltr\" class=\"bbc-bm53ic e1cc2ql70\">Sin embargo, <b>los cient\u00edficos est\u00e1n cada vez m\u00e1s convencidos de que el coronavirus lleg\u00f3 para quedarse<\/b>.<\/p>\n<\/div>\n<div dir=\"ltr\" class=\"bbc-19j92fr e57qer20\" readability=\"10\">\n<p dir=\"ltr\" class=\"bbc-bm53ic e1cc2ql70\">En enero, la revista cient\u00edfica <i class=\"bbc-h1y5j7 ewc4zcb0\">Nature <\/i>pregunt\u00f3 a m\u00e1s de 100 inmun\u00f3logos, vir\u00f3logos y expertos en salud de todo el mundo si se pod\u00eda erradicar el Sars-Cov-2. <\/p>\n<\/div>\n<div dir=\"ltr\" class=\"bbc-19j92fr e57qer20\" readability=\"10\">\n<p dir=\"ltr\" class=\"bbc-bm53ic e1cc2ql70\">Casi el 90% de los encuestados dijo &#8220;no&#8221;: hay evidencia, dijeron, y que es probable que el coronavirus se convierta en end\u00e9mico y contin\u00fae circulando en el mundo.<\/p>\n<\/div>\n<div dir=\"ltr\" class=\"bbc-19j92fr e57qer20\" readability=\"9\">\n<p dir=\"ltr\" class=\"bbc-bm53ic e1cc2ql70\">Esto no es desconocido en la batalla de la humanidad contra las enfermedades, pero este virus presenta algunos desaf\u00edos espec\u00edficos. <\/p>\n<\/div>\n<div dir=\"ltr\" class=\"bbc-19j92fr e57qer20\" readability=\"7\">\n<p dir=\"ltr\" class=\"bbc-bm53ic e1cc2ql70\">Entonces \u00bfc\u00f3mo predice la ciencia que tendremos que vivir con la covid-19 en los pr\u00f3ximos a\u00f1os?<\/p>\n<\/div>\n<p><h2 id=\"Por-qu\u00e9-no-podemos-deshacernos-de-la-covid19-en-primer-lugar\" tabindex=\"-1\" class=\"bbc-l3e97o e14hemmw0\">\u00bfPor qu\u00e9 no podemos deshacernos de la covid-19, en primer lugar?<\/h2>\n<\/p>\n<div dir=\"ltr\" class=\"bbc-1ka88fa e57qer20\">\n<figure class=\"bbc-1qdcvv9 e6bmn90\">\n<div dir=\"ltr\" class=\"bbc-172p16q e57qer20\">\n<div dir=\"ltr\" class=\"bbc-189y18v e57qer20\" readability=\"6.5\">\n<div data-e2e=\"image-placeholder\" class=\"bbc-1k5hvrj e1whu0\" readability=\"8\"><noscript><img srcset=\"http:\/\/cordobadirecto.com\/wp-content\/uploads\/2021\/07\/la-covid-19-quizas-no-se-vaya-nunca-como-aprendemos-a-convivir-con-ella-14.jpg 240w, http:\/\/cordobadirecto.com\/wp-content\/uploads\/2021\/07\/la-covid-19-quizas-no-se-vaya-nunca-como-aprendemos-a-convivir-con-ella-15.jpg 320w, http:\/\/cordobadirecto.com\/wp-content\/uploads\/2021\/07\/la-covid-19-quizas-no-se-vaya-nunca-como-aprendemos-a-convivir-con-ella-16.jpg 480w, http:\/\/cordobadirecto.com\/wp-content\/uploads\/2021\/07\/la-covid-19-quizas-no-se-vaya-nunca-como-aprendemos-a-convivir-con-ella-17.jpg 624w, http:\/\/cordobadirecto.com\/wp-content\/uploads\/2021\/07\/la-covid-19-quizas-no-se-vaya-nunca-como-aprendemos-a-convivir-con-ella-18.jpg 800w\" alt=\"Foto hist\u00f3rica de un ni\u00f1o con viruela\" src=\"http:\/\/cordobadirecto.com\/wp-content\/uploads\/2021\/07\/la-covid-19-quizas-no-se-vaya-nunca-como-aprendemos-a-convivir-con-ella-1.jpg\" width=\"976\" class=\"bbc-fat2bc e1enwo3v0\"><\/noscript><\/p>\n<p role=\"text\" class=\"bbc-1s1cxbv etq3yw90\"><span class=\"bbc-1gnhmg2 e1yt7oin0\">Fuente de la imagen, <\/span><span lang=\"en-GB\">Getty Images<\/span><\/p>\n<\/div>\n<\/div>\n<div dir=\"ltr\" class=\"bbc-3edg7g e57qer20\" readability=\"7\"><figcaption dir=\"ltr\" class=\"bbc-1t9zlwf eede9f50\" readability=\"4\"><span class=\"bbc-1gnhmg2 e1yt7oin0\">Pie de foto, <\/span><\/p>\n<p>La viruela es un caso raro de una enfermedad viral que logr\u00f3 erradicarse, aunque en a\u00f1os recientes han ocurrido algunos brotes.<\/p>\n<\/figcaption><\/div>\n<\/div>\n<\/figure>\n<\/div>\n<div dir=\"ltr\" class=\"bbc-19j92fr e57qer20\" readability=\"7\">\n<p dir=\"ltr\" class=\"bbc-bm53ic e1cc2ql70\">Erradicar las enfermedades infecciosas no es algo que ocurra todos los d\u00edas. En absoluto. <\/p>\n<\/div>\n<div dir=\"ltr\" class=\"bbc-19j92fr e57qer20\" readability=\"11\">\n<p dir=\"ltr\" class=\"bbc-bm53ic e1cc2ql70\">De hecho, hasta la fecha, <b>la OMS ha declarado solo dos enfermedades virales oficialmente erradicadas, la viruela y la peste bovina<\/b>.<\/p>\n<\/div>\n<div dir=\"ltr\" class=\"bbc-19j92fr e57qer20\" readability=\"11\">\n<p dir=\"ltr\" class=\"bbc-bm53ic e1cc2ql70\">Y solo la viruela, una afecci\u00f3n antigua que cre\u00f3 epidemias a lo largo de la historia de la humanidad y caus\u00f3 hasta 500 millones de muertes en el siglo XX hasta su erradicaci\u00f3n en la d\u00e9cada de 1980, es comparable a la covid-19 en t\u00e9rminos de distribuci\u00f3n geogr\u00e1fica y alcance.<\/p>\n<\/div>\n<div dir=\"ltr\" class=\"bbc-19j92fr e57qer20\" readability=\"9\">\n<p dir=\"ltr\" class=\"bbc-bm53ic e1cc2ql70\">Un conjunto \u00fanico de circunstancias ayud\u00f3 a erradicar la viruela, principalmente mediante el desarrollo de una vacuna que cort\u00f3 la transmisi\u00f3n del virus.<\/p>\n<\/div>\n<div dir=\"ltr\" class=\"bbc-19j92fr e57qer20\" readability=\"9\">\n<p dir=\"ltr\" class=\"bbc-bm53ic e1cc2ql70\">Desafortunadamente, las vacunas contra la covid-19 desarrolladas hasta ahora no han logrado el mismo efecto.<\/p>\n<\/div>\n<div dir=\"ltr\" class=\"bbc-19j92fr e57qer20\" readability=\"12\">\n<p dir=\"ltr\" class=\"bbc-bm53ic e1cc2ql70\">&#8220;Las vacunas que tenemos hoy en d\u00eda en algunos casos no previenen la infecci\u00f3n. Simplemente modifican la infecci\u00f3n y hacen que la enfermedad sea menos grave. Las personas vacunadas a\u00fan pueden transmitir el virus a otras&#8221;, dice David Heymann, profesor de epidemiolog\u00eda de enfermedades infecciosas en la Escuela de Salud y Medicina Tropical de Londres.<\/p>\n<\/div>\n<div dir=\"ltr\" class=\"bbc-19j92fr e57qer20\" readability=\"10\">\n<p dir=\"ltr\" class=\"bbc-bm53ic e1cc2ql70\">Paul Hunter, profesor de medicina de la Universidad de East Anglia (Reino Unido), va m\u00e1s all\u00e1. \u00c9l cree que las vacunas no evitar\u00e1n que contraigamos la covid-19 en el futuro.<\/p>\n<\/div>\n<div dir=\"ltr\" class=\"bbc-19j92fr e57qer20\" readability=\"10\">\n<p dir=\"ltr\" class=\"bbc-bm53ic e1cc2ql70\">&#8220;La covid nunca desaparecer\u00e1&#8221;, anticipa. &#8220;Es inevitable que nos contagiemos repetidamente por el resto de nuestras vidas, ya sea que nos hayamos vacunado o no&#8221;.<\/p>\n<\/div>\n<p><h2 id=\"Entonces-qu\u00e9-pasar\u00e1-con-el-nuevo-coronavirus\" tabindex=\"-1\" class=\"bbc-l3e97o e14hemmw0\">Entonces \u00bfqu\u00e9 pasar\u00e1 con el nuevo coronavirus?<\/h2>\n<\/p>\n<div dir=\"ltr\" class=\"bbc-1ka88fa e57qer20\">\n<figure class=\"bbc-1qdcvv9 e6bmn90\">\n<div dir=\"ltr\" class=\"bbc-172p16q e57qer20\">\n<div dir=\"ltr\" class=\"bbc-189y18v e57qer20\" readability=\"6.5\">\n<div data-e2e=\"image-placeholder\" class=\"bbc-1k5hvrj e1whu0\" readability=\"8\"><noscript><img srcset=\"http:\/\/cordobadirecto.com\/wp-content\/uploads\/2021\/07\/la-covid-19-quizas-no-se-vaya-nunca-como-aprendemos-a-convivir-con-ella-19.jpg 240w, http:\/\/cordobadirecto.com\/wp-content\/uploads\/2021\/07\/la-covid-19-quizas-no-se-vaya-nunca-como-aprendemos-a-convivir-con-ella-20.jpg 320w, http:\/\/cordobadirecto.com\/wp-content\/uploads\/2021\/07\/la-covid-19-quizas-no-se-vaya-nunca-como-aprendemos-a-convivir-con-ella-21.jpg 480w, http:\/\/cordobadirecto.com\/wp-content\/uploads\/2021\/07\/la-covid-19-quizas-no-se-vaya-nunca-como-aprendemos-a-convivir-con-ella-22.jpg 624w, http:\/\/cordobadirecto.com\/wp-content\/uploads\/2021\/07\/la-covid-19-quizas-no-se-vaya-nunca-como-aprendemos-a-convivir-con-ella-23.jpg 800w\" alt=\"Ilustraci\u00f3n de una mol\u00e9cula del virus Sars-CoV-2.\" src=\"http:\/\/cordobadirecto.com\/wp-content\/uploads\/2021\/07\/la-covid-19-quizas-no-se-vaya-nunca-como-aprendemos-a-convivir-con-ella-2.jpg\" width=\"976\" class=\"bbc-fat2bc e1enwo3v0\"><\/noscript><\/p>\n<p role=\"text\" class=\"bbc-1s1cxbv etq3yw90\"><span class=\"bbc-1gnhmg2 e1yt7oin0\">Fuente de la imagen, <\/span><span lang=\"en-GB\">Getty Images<\/span><\/p>\n<\/div>\n<\/div>\n<div dir=\"ltr\" class=\"bbc-3edg7g e57qer20\" readability=\"6\"><figcaption dir=\"ltr\" class=\"bbc-1t9zlwf eede9f50\" readability=\"2\"><span class=\"bbc-1gnhmg2 e1yt7oin0\">Pie de foto, <\/span><\/p>\n<p>La covid-19 puede convertirse en una enfermedad end\u00e9mica como la gripe.<\/p>\n<\/figcaption><\/div>\n<\/div>\n<\/figure>\n<\/div>\n<div dir=\"ltr\" class=\"bbc-19j92fr e57qer20\" readability=\"10\">\n<p dir=\"ltr\" class=\"bbc-bm53ic e1cc2ql70\">El profesor Heymann es uno de los muchos expertos que creen que la covid-19 se convertir\u00e1 en una enfermedad end\u00e9mica, lo que significa que seguir\u00e1 circulando en grupos de la poblaci\u00f3n mundial durante los pr\u00f3ximos a\u00f1os.<\/p>\n<\/div>\n<div dir=\"ltr\" class=\"bbc-19j92fr e57qer20\" readability=\"10\">\n<p dir=\"ltr\" class=\"bbc-bm53ic e1cc2ql70\">Esto no es algo nuevo: los virus de la gripe y los cuatro coronavirus que causan los resfriados comunes, por ejemplo, son end\u00e9micos. <\/p>\n<\/div>\n<div dir=\"ltr\" class=\"bbc-19j92fr e57qer20\" readability=\"8\">\n<p dir=\"ltr\" class=\"bbc-bm53ic e1cc2ql70\"><b>La OMS <\/b><b>calcula <\/b><b>que entre 290.000 y 650.000 personas en todo el mundo mueren cada a\u00f1o por causas relacionadas con la gripe.<\/b><\/p>\n<\/div>\n<div dir=\"ltr\" class=\"bbc-19j92fr e57qer20\" readability=\"8\">\n<p dir=\"ltr\" class=\"bbc-bm53ic e1cc2ql70\">Pero estas enfermedades se han vuelto manejables, con un n\u00famero de muertos que puede estimarse.<\/p>\n<\/div>\n<div dir=\"ltr\" class=\"bbc-19j92fr e57qer20\" readability=\"13\">\n<p dir=\"ltr\" class=\"bbc-bm53ic e1cc2ql70\">Los cient\u00edficos, y los pol\u00edticos, esperan que este sea el caso con la covid-19: en este escenario, el virus se mantiene, pero las personas desarrollan cierta inmunidad a trav\u00e9s de la vacunaci\u00f3n y las infecciones naturales. <\/p>\n<\/div>\n<div dir=\"ltr\" class=\"bbc-19j92fr e57qer20\" readability=\"9\">\n<p dir=\"ltr\" class=\"bbc-bm53ic e1cc2ql70\">Por lo tanto, hay menos casos graves de la enfermedad y las hospitalizaciones y muertes no son de la escala que hemos visto hasta ahora.<\/p>\n<\/div>\n<div dir=\"ltr\" class=\"bbc-19j92fr e57qer20\" readability=\"7\">\n<p dir=\"ltr\" class=\"bbc-bm53ic e1cc2ql70\"><b>El problema aqu\u00ed es que todav\u00eda no sabemos si este virus realmente se comportar\u00e1 de esa manera<\/b>. <\/p>\n<\/div>\n<div dir=\"ltr\" class=\"bbc-19j92fr e57qer20\" readability=\"7\">\n<p dir=\"ltr\" class=\"bbc-bm53ic e1cc2ql70\">El profesor Heymann lo llama &#8220;muy inestable&#8221;.<\/p>\n<\/div>\n<div dir=\"ltr\" class=\"bbc-19j92fr e57qer20\" readability=\"9\">\n<p dir=\"ltr\" class=\"bbc-bm53ic e1cc2ql70\">&#8220;Cuando este virus se replica en c\u00e9lulas humanas, muta de vez en cuando. Y algunas de esas mutaciones son motivo de preocupaci\u00f3n&#8221;.<\/p>\n<\/div>\n<div dir=\"ltr\" class=\"bbc-19j92fr e57qer20\" readability=\"8\">\n<p dir=\"ltr\" class=\"bbc-bm53ic e1cc2ql70\">Pero el experto tambi\u00e9n dice que la covid-19 puede convertirse en una preocupaci\u00f3n menor de lo que es hoy por otros medios.<\/p>\n<\/div>\n<div dir=\"ltr\" class=\"bbc-19j92fr e57qer20\" readability=\"9\">\n<p dir=\"ltr\" class=\"bbc-bm53ic e1cc2ql70\">&#8220;Los virus tambi\u00e9n pueden disminuir en virulencia (gravedad), ya sea por mutaci\u00f3n o porque la mayor\u00eda de la poblaci\u00f3n est\u00e1 vacunada&#8221;.<\/p>\n<\/div>\n<p><h2 id=\"Significa-que-tendremos-que-vacunarnos-una-y-otra-vez-como-hacemos-con-la-gripe\" tabindex=\"-1\" class=\"bbc-l3e97o e14hemmw0\">\u00bfSignifica que tendremos que vacunarnos una y otra vez, como hacemos con la gripe?<\/h2>\n<\/p>\n<div dir=\"ltr\" class=\"bbc-1ka88fa e57qer20\">\n<figure class=\"bbc-1qdcvv9 e6bmn90\">\n<div dir=\"ltr\" class=\"bbc-172p16q e57qer20\">\n<div dir=\"ltr\" class=\"bbc-189y18v e57qer20\" readability=\"6.5\">\n<div data-e2e=\"image-placeholder\" class=\"bbc-1k5hvrj e1whu0\" readability=\"8\"><noscript><img srcset=\"http:\/\/cordobadirecto.com\/wp-content\/uploads\/2021\/07\/la-covid-19-quizas-no-se-vaya-nunca-como-aprendemos-a-convivir-con-ella-24.jpg 240w, http:\/\/cordobadirecto.com\/wp-content\/uploads\/2021\/07\/la-covid-19-quizas-no-se-vaya-nunca-como-aprendemos-a-convivir-con-ella-25.jpg 320w, http:\/\/cordobadirecto.com\/wp-content\/uploads\/2021\/07\/la-covid-19-quizas-no-se-vaya-nunca-como-aprendemos-a-convivir-con-ella-26.jpg 480w, http:\/\/cordobadirecto.com\/wp-content\/uploads\/2021\/07\/la-covid-19-quizas-no-se-vaya-nunca-como-aprendemos-a-convivir-con-ella-27.jpg 624w, http:\/\/cordobadirecto.com\/wp-content\/uploads\/2021\/07\/la-covid-19-quizas-no-se-vaya-nunca-como-aprendemos-a-convivir-con-ella-28.jpg 800w\" alt=\"Dosis de vacunas de covid-19\" src=\"http:\/\/cordobadirecto.com\/wp-content\/uploads\/2021\/07\/la-covid-19-quizas-no-se-vaya-nunca-como-aprendemos-a-convivir-con-ella-3.jpg\" width=\"976\" class=\"bbc-fat2bc e1enwo3v0\"><\/noscript><\/p>\n<p role=\"text\" class=\"bbc-1s1cxbv etq3yw90\"><span class=\"bbc-1gnhmg2 e1yt7oin0\">Fuente de la imagen, <\/span><span lang=\"en-GB\">Getty Images<\/span><\/p>\n<\/div>\n<\/div>\n<div dir=\"ltr\" class=\"bbc-3edg7g e57qer20\" readability=\"6\"><figcaption dir=\"ltr\" class=\"bbc-1t9zlwf eede9f50\" readability=\"2\"><span class=\"bbc-1gnhmg2 e1yt7oin0\">Pie de foto, <\/span><\/p>\n<p>Todav\u00eda no est\u00e1 claro cu\u00e1nto dura la inmunidad contra el covid-19 provista por las vacunas.<\/p>\n<\/figcaption><\/div>\n<\/div>\n<\/figure>\n<\/div>\n<div dir=\"ltr\" class=\"bbc-19j92fr e57qer20\" readability=\"9\">\n<p dir=\"ltr\" class=\"bbc-bm53ic e1cc2ql70\">Un virus tiene una &#8220;misi\u00f3n&#8221;: propagarse a la mayor cantidad de personas posible, raz\u00f3n por la cual las mutaciones son comunes.<\/p>\n<\/div>\n<div dir=\"ltr\" class=\"bbc-19j92fr e57qer20\" readability=\"12\">\n<p dir=\"ltr\" class=\"bbc-bm53ic e1cc2ql70\">&#8220;Desde un punto de vista evolutivo, el virus necesita mutar para que pueda infectar m\u00e1s personas. Un virus exitoso es el que se propaga m\u00e1s f\u00e1cilmente&#8221;, explica Trudy Lang, profesora de Salud Global en la Universidad de Oxford.<\/p>\n<\/div>\n<div dir=\"ltr\" class=\"bbc-19j92fr e57qer20\" readability=\"8\">\n<p dir=\"ltr\" class=\"bbc-bm53ic e1cc2ql70\">Los cambios en los virus de la influenza son tan comunes que una red de agencias de salud revisa la composici\u00f3n de las vacunas contra la influenza todos los a\u00f1os. <\/p>\n<\/div>\n<div dir=\"ltr\" class=\"bbc-19j92fr e57qer20\" readability=\"10\">\n<p dir=\"ltr\" class=\"bbc-bm53ic e1cc2ql70\">Hay otras enfermedades, como el t\u00e9tanos, que requieren inyecciones de refuerzo a lo largo de nuestra vida.<\/p>\n<\/div>\n<div dir=\"ltr\" class=\"bbc-19j92fr e57qer20\" readability=\"14\">\n<p dir=\"ltr\" class=\"bbc-bm53ic e1cc2ql70\">Como sabemos, <b>el coronavirus ha desarrollado al menos cuatro variantes principales<\/b>, incluida la delta, altamente contagiosa, identificada por primera vez en India y actualmente detr\u00e1s de los picos en casos en Europa, Asia y EE.UU.<\/p>\n<\/div>\n<div dir=\"ltr\" class=\"bbc-19j92fr e57qer20\" readability=\"11\">\n<p dir=\"ltr\" class=\"bbc-bm53ic e1cc2ql70\">Las estad\u00edsticas sugieren que la vacunaci\u00f3n est\u00e1 funcionando bien contra la delta; por ejemplo, las \u00faltimas cifras del organismo de Salud P\u00fablica de Inglaterra muestran que el 82% de todas las infecciones con esta variante entre febrero y junio que terminaron en el hospital no eran personas vacunadas o solo hab\u00edan recibido una dosis.<\/p>\n<\/div>\n<div dir=\"ltr\" class=\"bbc-19j92fr e57qer20\" readability=\"10\">\n<p dir=\"ltr\" class=\"bbc-bm53ic e1cc2ql70\">Sin embargo, el Sistema Nacional de Salud de Reino Unido (NHS) ha comenzado a planificar una tercera vacuna o &#8220;refuerzo&#8221; antes del invierno, que se administrar\u00e1 a m\u00e1s de 30 millones de personas.<\/p>\n<\/div>\n<div dir=\"ltr\" class=\"bbc-19j92fr e57qer20\" readability=\"10\">\n<p dir=\"ltr\" class=\"bbc-bm53ic e1cc2ql70\">En EE.UU., los Institutos Nacionales de Salud han comenzado un ensayo cl\u00ednico con personas completamente vacunadas para estudiar si una vacuna de refuerzo aumentar\u00e1 los anticuerpos y prolongar\u00e1 la protecci\u00f3n.<\/p>\n<\/div>\n<div dir=\"ltr\" class=\"bbc-19j92fr e57qer20\" readability=\"8\">\n<p dir=\"ltr\" class=\"bbc-bm53ic e1cc2ql70\">La realidad es que <b>los cient\u00edficos a\u00fan no saben cu\u00e1nto tiempo durar\u00e1 la inmunidad de las vacunas de covid-19<\/b>. <\/p>\n<\/div>\n<div dir=\"ltr\" class=\"bbc-19j92fr e57qer20\" readability=\"8\">\n<p dir=\"ltr\" class=\"bbc-bm53ic e1cc2ql70\">Esto se debe a que estas vacunas son bastante nuevas y los investigadores a\u00fan est\u00e1n analizando la respuesta inmune a los diferentes tipos de inyecciones disponibles.<\/p>\n<\/div>\n<div dir=\"ltr\" class=\"bbc-19j92fr e57qer20\" readability=\"8\">\n<p dir=\"ltr\" class=\"bbc-bm53ic e1cc2ql70\">&#8220;Nadie sabe todav\u00eda si necesitaremos m\u00e1s vacunas&#8221;, dice el profesor Heymann.<\/p>\n<\/div>\n<div dir=\"ltr\" class=\"bbc-19j92fr e57qer20\" readability=\"8\">\n<p dir=\"ltr\" class=\"bbc-bm53ic e1cc2ql70\">&#8220;Es un virus diferente al de la gripe y est\u00e1 mal incluso poner eso en la mente de las personas en la actualidad&#8221;.<\/p>\n<\/div>\n<p><h2 id=\"Pueden-los-encierros-convertirse-en-algo-habitual\" tabindex=\"-1\" class=\"bbc-l3e97o e14hemmw0\">\u00bfPueden los encierros convertirse en algo habitual?<\/h2>\n<\/p>\n<div dir=\"ltr\" class=\"bbc-1ka88fa e57qer20\">\n<figure class=\"bbc-1qdcvv9 e6bmn90\">\n<div dir=\"ltr\" class=\"bbc-172p16q e57qer20\">\n<div dir=\"ltr\" class=\"bbc-189y18v e57qer20\" readability=\"6.5\">\n<div data-e2e=\"image-placeholder\" class=\"bbc-1k5hvrj e1whu0\" readability=\"8\"><noscript><img srcset=\"http:\/\/cordobadirecto.com\/wp-content\/uploads\/2021\/07\/la-covid-19-quizas-no-se-vaya-nunca-como-aprendemos-a-convivir-con-ella-29.jpg 240w, http:\/\/cordobadirecto.com\/wp-content\/uploads\/2021\/07\/la-covid-19-quizas-no-se-vaya-nunca-como-aprendemos-a-convivir-con-ella-30.jpg 320w, http:\/\/cordobadirecto.com\/wp-content\/uploads\/2021\/07\/la-covid-19-quizas-no-se-vaya-nunca-como-aprendemos-a-convivir-con-ella-31.jpg 480w, http:\/\/cordobadirecto.com\/wp-content\/uploads\/2021\/07\/la-covid-19-quizas-no-se-vaya-nunca-como-aprendemos-a-convivir-con-ella-32.jpg 624w, http:\/\/cordobadirecto.com\/wp-content\/uploads\/2021\/07\/la-covid-19-quizas-no-se-vaya-nunca-como-aprendemos-a-convivir-con-ella-33.jpg 800w\" alt=\"Dos ni\u00f1os de Bangladesh durante un confinamiento en su pa\u00eds.\" src=\"http:\/\/cordobadirecto.com\/wp-content\/uploads\/2021\/07\/la-covid-19-quizas-no-se-vaya-nunca-como-aprendemos-a-convivir-con-ella-4.jpg\" width=\"976\" class=\"bbc-fat2bc e1enwo3v0\"><\/noscript><\/p>\n<p role=\"text\" class=\"bbc-1s1cxbv etq3yw90\"><span class=\"bbc-1gnhmg2 e1yt7oin0\">Fuente de la imagen, <\/span><span lang=\"en-GB\">Getty Images<\/span><\/p>\n<\/div>\n<\/div>\n<div dir=\"ltr\" class=\"bbc-3edg7g e57qer20\" readability=\"6.5\"><figcaption dir=\"ltr\" class=\"bbc-1t9zlwf eede9f50\" readability=\"3\"><span class=\"bbc-1gnhmg2 e1yt7oin0\">Pie de foto, <\/span><\/p>\n<p>Muchos pa\u00edses se vieron forzados a ordenar confinamientos locales o nacionales durante la pandemia.<\/p>\n<\/figcaption><\/div>\n<\/div>\n<\/figure>\n<\/div>\n<div dir=\"ltr\" class=\"bbc-19j92fr e57qer20\" readability=\"8\">\n<p dir=\"ltr\" class=\"bbc-bm53ic e1cc2ql70\">Varios pa\u00edses y regiones han tenido que volver a introducir restricciones de viaje y circulaci\u00f3n a medida que aumentaban las tasas de infecciones y hospitalizaciones.<\/p>\n<\/div>\n<div dir=\"ltr\" class=\"bbc-19j92fr e57qer20\" readability=\"10\">\n<p dir=\"ltr\" class=\"bbc-bm53ic e1cc2ql70\">Si bien estas medidas ayudaron a frenar la propagaci\u00f3n de la enfermedad y aliviaron la presi\u00f3n sobre los sistemas de salud, tambi\u00e9n causaron da\u00f1os econ\u00f3micos, incluido el aumento del desempleo.<\/p>\n<\/div>\n<div dir=\"ltr\" class=\"bbc-19j92fr e57qer20\" readability=\"7\">\n<p dir=\"ltr\" class=\"bbc-bm53ic e1cc2ql70\">\u00bfPodr\u00edan los encierros seguir siendo parte de un escenario end\u00e9mico? <\/p>\n<\/div>\n<div dir=\"ltr\" class=\"bbc-19j92fr e57qer20\" readability=\"9\">\n<p dir=\"ltr\" class=\"bbc-bm53ic e1cc2ql70\">Eso depender\u00e1 del \u00e9xito de los programas de vacunaci\u00f3n en la reducci\u00f3n de las admisiones hospitalarias en cada pa\u00eds, dicen los expertos.<\/p>\n<\/div>\n<div dir=\"ltr\" class=\"bbc-19j92fr e57qer20\" readability=\"10\">\n<p dir=\"ltr\" class=\"bbc-bm53ic e1cc2ql70\">En los \u00faltimos meses hemos visto intervenciones tanto localizadas como nacionales en todo el mundo: mientras que Australia ten\u00eda siete ciudades bloqueadas, Bangladesh opt\u00f3 por un conjunto de restricciones para todo el pa\u00eds.<\/p>\n<\/div>\n<div dir=\"ltr\" class=\"bbc-19j92fr e57qer20\" readability=\"12\">\n<p dir=\"ltr\" class=\"bbc-bm53ic e1cc2ql70\">&#8220;En la medida de lo posible, los bloqueos se convertir\u00e1n en parte del conjunto de herramientas esenciales que los gobiernos utilizar\u00e1n al abordar los brotes&#8221;, le dijo Nicholas Thomas, profesor asociado de seguridad sanitaria en la City University de Hong Kong a la agencia de noticias <i class=\"bbc-h1y5j7 ewc4zcb0\">Bloomberg<\/i>.<\/p>\n<\/div>\n<p><h2 id=\"A\u00fan-tendr\u00e9-que-usar-mascarilla\" tabindex=\"-1\" class=\"bbc-l3e97o e14hemmw0\">\u00bfA\u00fan tendr\u00e9 que usar mascarilla?<\/h2>\n<\/p>\n<div dir=\"ltr\" class=\"bbc-1ka88fa e57qer20\">\n<figure class=\"bbc-1qdcvv9 e6bmn90\">\n<div dir=\"ltr\" class=\"bbc-172p16q e57qer20\">\n<div dir=\"ltr\" class=\"bbc-189y18v e57qer20\" readability=\"6.5\">\n<div data-e2e=\"image-placeholder\" class=\"bbc-1k5hvrj e1whu0\" readability=\"8\"><noscript><img srcset=\"http:\/\/cordobadirecto.com\/wp-content\/uploads\/2021\/07\/la-covid-19-quizas-no-se-vaya-nunca-como-aprendemos-a-convivir-con-ella-34.jpg 240w, http:\/\/cordobadirecto.com\/wp-content\/uploads\/2021\/07\/la-covid-19-quizas-no-se-vaya-nunca-como-aprendemos-a-convivir-con-ella-35.jpg 320w, http:\/\/cordobadirecto.com\/wp-content\/uploads\/2021\/07\/la-covid-19-quizas-no-se-vaya-nunca-como-aprendemos-a-convivir-con-ella-36.jpg 480w, http:\/\/cordobadirecto.com\/wp-content\/uploads\/2021\/07\/la-covid-19-quizas-no-se-vaya-nunca-como-aprendemos-a-convivir-con-ella-37.jpg 624w, http:\/\/cordobadirecto.com\/wp-content\/uploads\/2021\/07\/la-covid-19-quizas-no-se-vaya-nunca-como-aprendemos-a-convivir-con-ella-38.jpg 800w\" alt=\"Una mujer y un ni\u00f1o paseando en Long Beach, California, mientras se ve una mascarilla en el piso.\" src=\"http:\/\/cordobadirecto.com\/wp-content\/uploads\/2021\/07\/la-covid-19-quizas-no-se-vaya-nunca-como-aprendemos-a-convivir-con-ella-5.jpg\" width=\"976\" class=\"bbc-fat2bc e1enwo3v0\"><\/noscript><\/p>\n<p role=\"text\" class=\"bbc-1s1cxbv etq3yw90\"><span class=\"bbc-1gnhmg2 e1yt7oin0\">Fuente de la imagen, <\/span><span lang=\"en-GB\">Getty Images<\/span><\/p>\n<\/div>\n<\/div>\n<div dir=\"ltr\" class=\"bbc-3edg7g e57qer20\" readability=\"6.5\"><figcaption dir=\"ltr\" class=\"bbc-1t9zlwf eede9f50\" readability=\"3\"><span class=\"bbc-1gnhmg2 e1yt7oin0\">Pie de foto, <\/span><\/p>\n<p>Pocas medidas han sido m\u00e1s controversiales que el uso obligatorio de mascarillas en algunas partes del mundo.<\/p>\n<\/figcaption><\/div>\n<\/div>\n<\/figure>\n<\/div>\n<div dir=\"ltr\" class=\"bbc-19j92fr e57qer20\" readability=\"9\">\n<p dir=\"ltr\" class=\"bbc-bm53ic e1cc2ql70\">Pocas medidas han sido m\u00e1s controvertidas durante la pandemia que el uso obligatorio de cubrirse la boca. Incluso se convirti\u00f3 en parte de la provocaci\u00f3n pol\u00edtica en las elecciones presidenciales de Estados Unidos de 2020.<\/p>\n<\/div>\n<div dir=\"ltr\" class=\"bbc-19j92fr e57qer20\" readability=\"8\">\n<p dir=\"ltr\" class=\"bbc-bm53ic e1cc2ql70\">Pero los cient\u00edficos apoyan abrumadoramente su uso como una forma de contener la propagaci\u00f3n de covid-19 incluso en \u00e1reas donde las tasas de vacunaci\u00f3n son altas.<\/p>\n<\/div>\n<div dir=\"ltr\" class=\"bbc-19j92fr e57qer20\" readability=\"10\">\n<p dir=\"ltr\" class=\"bbc-bm53ic e1cc2ql70\">&#8220;Est\u00e1 claro que no podemos seguir teniendo bloqueos cada vez que hay un brote&#8221;, dice la cient\u00edfica del comportamiento Christina Gravert, de la Universidad de Copenhague.<\/p>\n<\/div>\n<div dir=\"ltr\" class=\"bbc-19j92fr e57qer20\" readability=\"11\">\n<p dir=\"ltr\" class=\"bbc-bm53ic e1cc2ql70\">&#8220;Pero parece razonable seguir recomendando que las personas que se sientan enfermas se mantengan alejadas del transporte p\u00fablico y trabajen desde casa, o al menos usen una mascarilla cuando est\u00e9n cerca de otras personas&#8221;, agrega.<\/p>\n<\/div>\n<div dir=\"ltr\" class=\"bbc-19j92fr e57qer20\" readability=\"9\">\n<p dir=\"ltr\" class=\"bbc-bm53ic e1cc2ql70\"><b>El uso de mascarillas est\u00e1 muy extendido en algunos pa\u00edses asi\u00e1ticos, pero no en otras partes del mundo<\/b>. <\/p>\n<\/div>\n<div dir=\"ltr\" class=\"bbc-19j92fr e57qer20\" readability=\"13\">\n<p dir=\"ltr\" class=\"bbc-bm53ic e1cc2ql70\">Las encuestas sobre las intenciones futuras no son nada alentadoras: en EE.UU. por ejemplo, el uso obligatorio de mascarillas al aire libre para quienes est\u00e1n completamente vacunados se elimin\u00f3 en abril, y la proporci\u00f3n de personas vacunadas que informaron usar una en todo momento ha disminuido desde entonces de 74% a 63%, seg\u00fan el \u00edndice de coronavirus Axios-Ipsos.<\/p>\n<\/div>\n<div dir=\"ltr\" class=\"bbc-19j92fr e57qer20\" readability=\"8\">\n<p dir=\"ltr\" class=\"bbc-bm53ic e1cc2ql70\">La encuesta tambi\u00e9n encontr\u00f3 que el uso de mascarillas disminuy\u00f3 entre las personas no vacunadas.<\/p>\n<\/div>\n<div dir=\"ltr\" class=\"bbc-19j92fr e57qer20\" readability=\"13\">\n<p dir=\"ltr\" class=\"bbc-bm53ic e1cc2ql70\">Mientras que algunos argumentan que los gobiernos deber\u00edan respaldar el uso de mascarillas en interiores como parte de sus campa\u00f1as de salud p\u00fablica, otros creen que depender\u00e1 del individuo, y algunas personas pueden optar por usar una como se\u00f1al de cortes\u00eda com\u00fan, particularmente en el transporte p\u00fablico o espacios abarrotados.<\/p>\n<\/div>\n<p><h2 id=\"Qu\u00e9-pasa-con-los-viajes-internacionales\" tabindex=\"-1\" class=\"bbc-l3e97o e14hemmw0\">\u00bfQu\u00e9 pasa con los viajes internacionales?<\/h2>\n<\/p>\n<div dir=\"ltr\" class=\"bbc-19j92fr e57qer20\" readability=\"9\">\n<p dir=\"ltr\" class=\"bbc-bm53ic e1cc2ql70\">Actualmente, los gobiernos se debaten entre las consecuencias econ\u00f3micas de las fronteras cerradas para viajes no esenciales y las necesidades de proteger a su poblaci\u00f3n del virus.<\/p>\n<\/div>\n<div dir=\"ltr\" class=\"bbc-19j92fr e57qer20\" readability=\"8\">\n<p dir=\"ltr\" class=\"bbc-bm53ic e1cc2ql70\">Los diferentes pa\u00edses tienen reglas diferentes y expertos como el profesor Heymann critican lo que ven como un esfuerzo global mal coordinado.<\/p>\n<\/div>\n<div dir=\"ltr\" class=\"bbc-19j92fr e57qer20\" readability=\"11\">\n<p dir=\"ltr\" class=\"bbc-bm53ic e1cc2ql70\">&#8220;Con la distribuci\u00f3n desigual de las vacunas, la OMS no recomendar\u00e1 un &#8216;pasaporte de vacunaci\u00f3n&#8217;, pero espero que algunos pa\u00edses los utilicen&#8221;, dice.<\/p>\n<\/div>\n<div dir=\"ltr\" class=\"bbc-19j92fr e57qer20\" readability=\"8\">\n<p dir=\"ltr\" class=\"bbc-bm53ic e1cc2ql70\">&#8220;Ciertamente no es \u00e9tico tener un certificado de vacunaci\u00f3n si las personas no pueden viajar porque no pudieron conseguir la vacuna o tienen una raz\u00f3n para no vacunarse&#8221;.<\/p>\n<\/div>\n<div dir=\"ltr\" class=\"bbc-19j92fr e57qer20\" readability=\"13\">\n<p dir=\"ltr\" class=\"bbc-bm53ic e1cc2ql70\">No obstante, la Uni\u00f3n Europea ya ha desplegado su <b>Certificado Covid Digital<\/b>, que permite a los ciudadanos y residentes moverse dentro del bloque continental sin estar sujetos a restricciones si han sido vacunados, tienen una prueba negativa v\u00e1lida o se han recuperado recientemente de la enfermedad.<\/p>\n<\/div>\n<div dir=\"ltr\" class=\"bbc-19j92fr e57qer20\" readability=\"10\">\n<p dir=\"ltr\" class=\"bbc-bm53ic e1cc2ql70\">El pasaporte de la vacuna est\u00e1 reconocido por los 27 miembros de la UE, as\u00ed como por Islandia, Noruega y Suiza.<\/p>\n<\/div>\n<div dir=\"ltr\" class=\"bbc-19j92fr e57qer20\" readability=\"8\">\n<p dir=\"ltr\" class=\"bbc-bm53ic e1cc2ql70\">Pero <b>queda por ver c\u00f3mo el resto del mundo manejar\u00e1 el movimiento de personas de otros pa\u00edses a trav\u00e9s de sus fronteras<\/b>.<\/p>\n<\/div>\n<div dir=\"ltr\" class=\"bbc-19j92fr e57qer20\" readability=\"13\">\n<p dir=\"ltr\" class=\"bbc-bm53ic e1cc2ql70\">Los viajes internacionales se han desplomado desde marzo de 2020 y la Conferencia de Naciones Unidas sobre Comercio y Desarrollo (Unctad), estim\u00f3 que la pandemia costar\u00e1 hasta US$1,4 billones de d\u00f3lares en ingresos por turismo perdidos durante 2021, y los pa\u00edses de bajos ingresos ser\u00e1n los m\u00e1s afectados.<\/p>\n<\/div>\n<p><h2 id=\"Tendremos-alguna-vez-una-democracia-de-las-vacunas-y-eso-influye\" tabindex=\"-1\" class=\"bbc-l3e97o e14hemmw0\">\u00bfTendremos alguna vez una &#8220;democracia de las vacunas&#8221;, y eso influye?<\/h2>\n<\/p>\n<div dir=\"ltr\" class=\"bbc-1ka88fa e57qer20\">\n<figure class=\"bbc-1qdcvv9 e6bmn90\">\n<div dir=\"ltr\" class=\"bbc-172p16q e57qer20\">\n<div dir=\"ltr\" class=\"bbc-189y18v e57qer20\" readability=\"6.5\">\n<div data-e2e=\"image-placeholder\" class=\"bbc-1k5hvrj e1whu0\" readability=\"8\"><noscript><img srcset=\"http:\/\/cordobadirecto.com\/wp-content\/uploads\/2021\/07\/la-covid-19-quizas-no-se-vaya-nunca-como-aprendemos-a-convivir-con-ella-39.jpg 240w, http:\/\/cordobadirecto.com\/wp-content\/uploads\/2021\/07\/la-covid-19-quizas-no-se-vaya-nunca-como-aprendemos-a-convivir-con-ella-40.jpg 320w, http:\/\/cordobadirecto.com\/wp-content\/uploads\/2021\/07\/la-covid-19-quizas-no-se-vaya-nunca-como-aprendemos-a-convivir-con-ella-41.jpg 480w, http:\/\/cordobadirecto.com\/wp-content\/uploads\/2021\/07\/la-covid-19-quizas-no-se-vaya-nunca-como-aprendemos-a-convivir-con-ella-42.jpg 624w, http:\/\/cordobadirecto.com\/wp-content\/uploads\/2021\/07\/la-covid-19-quizas-no-se-vaya-nunca-como-aprendemos-a-convivir-con-ella-43.jpg 800w\" alt=\"Una mujer siendo vacunada en un \u00e1rea rural de Kenia.\" src=\"http:\/\/cordobadirecto.com\/wp-content\/uploads\/2021\/07\/la-covid-19-quizas-no-se-vaya-nunca-como-aprendemos-a-convivir-con-ella-6.jpg\" width=\"976\" class=\"bbc-fat2bc e1enwo3v0\"><\/noscript><\/p>\n<p role=\"text\" class=\"bbc-1s1cxbv etq3yw90\"><span class=\"bbc-1gnhmg2 e1yt7oin0\">Fuente de la imagen, <\/span><span lang=\"en-GB\">Getty Images<\/span><\/p>\n<\/div>\n<\/div>\n<div dir=\"ltr\" class=\"bbc-3edg7g e57qer20\" readability=\"7\"><figcaption dir=\"ltr\" class=\"bbc-1t9zlwf eede9f50\" readability=\"4\"><span class=\"bbc-1gnhmg2 e1yt7oin0\">Pie de foto, <\/span><\/p>\n<p>Vacunar a los pa\u00edses m\u00e1s pobres no es solo una cuesti\u00f3n humanitaria, sino que tambi\u00e9n puede potencialmente limitar las probabilidades de que emerjan nuevas variantes del virus.<\/p>\n<\/figcaption><\/div>\n<\/div>\n<\/figure>\n<\/div>\n<div dir=\"ltr\" class=\"bbc-19j92fr e57qer20\" readability=\"10\">\n<p dir=\"ltr\" class=\"bbc-bm53ic e1cc2ql70\">Hasta el 5 de julio, un poco m\u00e1s de 1.000 millones de personas han quedado completamente vacunadas contra la covid-19 en todo el mundo, menos del 15% de la poblaci\u00f3n mundial.<\/p>\n<\/div>\n<div dir=\"ltr\" class=\"bbc-19j92fr e57qer20\" readability=\"12\">\n<p dir=\"ltr\" class=\"bbc-bm53ic e1cc2ql70\">&#8220;Nuestro mundo est\u00e1 fallando, como comunidad global estamos fallando&#8221;, dijo recientemente el director general de la OMS, Tedros Adhanom Ghebreyesus, en una conferencia.<\/p>\n<\/div>\n<div dir=\"ltr\" class=\"bbc-19j92fr e57qer20\" readability=\"9\">\n<p dir=\"ltr\" class=\"bbc-bm53ic e1cc2ql70\"><b>Aparte del tema humanitario, la &#8220;democracia de las vacunas&#8221; tambi\u00e9n es importante para mantener a raya las variantes de <\/b><b>c<\/b><b>ovid-19<\/b>. <\/p>\n<\/div>\n<div dir=\"ltr\" class=\"bbc-19j92fr e57qer20\" readability=\"12\">\n<p dir=\"ltr\" class=\"bbc-bm53ic e1cc2ql70\">En una carta abierta reciente, los jefes de la OMS, el Fondo Monetario Internacional (FMI), el Banco Mundial y la Organizaci\u00f3n Mundial del Comercio (OMC) advirtieron que la escasez de vacunas en los pa\u00edses m\u00e1s pobres crea las condiciones para la aparici\u00f3n de nuevas variantes.<\/p>\n<\/div>\n<div dir=\"ltr\" class=\"bbc-19j92fr e57qer20\" readability=\"12\">\n<p dir=\"ltr\" class=\"bbc-bm53ic e1cc2ql70\">&#8220;Cada vez m\u00e1s, se est\u00e1 desarrollando una pandemia de dos v\u00edas. La distribuci\u00f3n desigual de vacunas no solo deja a millones de personas vulnerables al virus, sino que tambi\u00e9n permite que surjan variantes mortales y reboten en todo el mundo&#8221;, escribieron.<\/p>\n<\/div>\n<div dir=\"ltr\" class=\"bbc-19j92fr e57qer20\" readability=\"8\">\n<p dir=\"ltr\" class=\"bbc-bm53ic e1cc2ql70\">&#8220;Incluso los pa\u00edses con programas de vacunaci\u00f3n avanzados se han visto obligados a volver a introducir medidas de salud p\u00fablica m\u00e1s estrictas. No tiene por qu\u00e9 ser as\u00ed&#8221;.<\/p>\n<\/div>\n<div dir=\"ltr\" class=\"bbc-19j92fr e57qer20\" readability=\"15\">\n<p dir=\"ltr\" class=\"bbc-bm53ic e1cc2ql70\">Durante la cumbre m\u00e1s reciente del G7, los l\u00edderes de las siete econom\u00edas avanzadas m\u00e1s grandes del mundo (Canad\u00e1, Francia, Alemania, Italia, Jap\u00f3n, Reino Unido y Estados Unidos) se comprometieron a enviar 1.000 millones de dosis de vacunas a los pa\u00edses pobres.<\/p>\n<\/div>\n<div dir=\"ltr\" class=\"bbc-19j92fr e57qer20\" readability=\"9\">\n<p dir=\"ltr\" class=\"bbc-bm53ic e1cc2ql70\"><b>Esto est\u00e1 muy por debajo de l<\/b><b>a<\/b><b>s 11<\/b><b>.000<\/b><b> millones de dosis que <\/b><b>seg\u00fan <\/b><b>las estimaciones de la OMS son necesarias para cubrir a la poblaci\u00f3n m\u00e1s pobre del mundo. <\/b>Y llegar a todos ser\u00e1 clave para expandir la inmunidad si el virus estar\u00e1 en circulaci\u00f3n en el futuro cercano.<\/p>\n<\/div>\n<div dir=\"ltr\" class=\"bbc-19j92fr e57qer20\" readability=\"9\">\n<p dir=\"ltr\" class=\"bbc-bm53ic e1cc2ql70\">&#8220;Existe una responsabilidad humanitaria y de salud p\u00fablica para asegurarnos de que obtengamos una distribuci\u00f3n equitativa de las vacunas en todo el mundo&#8221;, dice el profesor Heymann.<\/p>\n<\/div>\n<p><h2 id=\"Los-animales-todav\u00eda-presentan-un-riesgo\" tabindex=\"-1\" class=\"bbc-l3e97o e14hemmw0\">\u00bfLos animales todav\u00eda presentan un riesgo?<\/h2>\n<\/p>\n<div dir=\"ltr\" class=\"bbc-1ka88fa e57qer20\">\n<figure class=\"bbc-1qdcvv9 e6bmn90\">\n<div dir=\"ltr\" class=\"bbc-172p16q e57qer20\">\n<div dir=\"ltr\" class=\"bbc-189y18v e57qer20\" readability=\"6.5\">\n<div data-e2e=\"image-placeholder\" class=\"bbc-1k5hvrj e1whu0\" readability=\"8\"><noscript><img srcset=\"http:\/\/cordobadirecto.com\/wp-content\/uploads\/2021\/07\/la-covid-19-quizas-no-se-vaya-nunca-como-aprendemos-a-convivir-con-ella-44.jpg 240w, http:\/\/cordobadirecto.com\/wp-content\/uploads\/2021\/07\/la-covid-19-quizas-no-se-vaya-nunca-como-aprendemos-a-convivir-con-ella-45.jpg 320w, http:\/\/cordobadirecto.com\/wp-content\/uploads\/2021\/07\/la-covid-19-quizas-no-se-vaya-nunca-como-aprendemos-a-convivir-con-ella-46.jpg 480w, http:\/\/cordobadirecto.com\/wp-content\/uploads\/2021\/07\/la-covid-19-quizas-no-se-vaya-nunca-como-aprendemos-a-convivir-con-ella-47.jpg 624w, http:\/\/cordobadirecto.com\/wp-content\/uploads\/2021\/07\/la-covid-19-quizas-no-se-vaya-nunca-como-aprendemos-a-convivir-con-ella-48.jpg 800w\" alt=\"Vis\u00f3n en una jaula.\" src=\"http:\/\/cordobadirecto.com\/wp-content\/uploads\/2021\/07\/la-covid-19-quizas-no-se-vaya-nunca-como-aprendemos-a-convivir-con-ella-7.jpg\" width=\"976\" class=\"bbc-fat2bc e1enwo3v0\"><\/noscript><\/p>\n<p role=\"text\" class=\"bbc-1s1cxbv etq3yw90\"><span class=\"bbc-1gnhmg2 e1yt7oin0\">Fuente de la imagen, <\/span><span lang=\"en-GB\">Getty Images<\/span><\/p>\n<\/div>\n<\/div>\n<div dir=\"ltr\" class=\"bbc-3edg7g e57qer20\" readability=\"6\"><figcaption dir=\"ltr\" class=\"bbc-1t9zlwf eede9f50\" readability=\"2\"><span class=\"bbc-1gnhmg2 e1yt7oin0\">Pie de foto, <\/span><\/p>\n<p>Un estudio en Dinamarca descubri\u00f3 que los visones pod\u00edan contagiar la covid-19 a los humanos.<\/p>\n<\/figcaption><\/div>\n<\/div>\n<\/figure>\n<\/div>\n<div dir=\"ltr\" class=\"bbc-19j92fr e57qer20\" readability=\"10\">\n<p dir=\"ltr\" class=\"bbc-bm53ic e1cc2ql70\">La lucha contra el SARS-CoV-2 tambi\u00e9n depende de c\u00f3mo se comporte el virus en los animales. Hasta la fecha, los cient\u00edficos apoyan la idea de que este coronavirus se origin\u00f3 en los murci\u00e9lagos y de que puede haber saltado a los humanos a trav\u00e9s de un animal intermediario.<\/p>\n<\/div>\n<div dir=\"ltr\" class=\"bbc-19j92fr e57qer20\" readability=\"10\">\n<p dir=\"ltr\" class=\"bbc-bm53ic e1cc2ql70\">Los estudios han demostrado que <b>puede infectar a gatos, conejos y h\u00e1msteres y es particularmente infeccioso en visones<\/b>: cient\u00edficos en Dinamarca encontraron evidencia de transmisi\u00f3n de visones a humanos.<\/p>\n<\/div>\n<div dir=\"ltr\" class=\"bbc-19j92fr e57qer20\" readability=\"9\">\n<p dir=\"ltr\" class=\"bbc-bm53ic e1cc2ql70\">Los expertos dicen que mientras haya animales en la naturaleza que puedan contraer el virus, existe el riesgo de que tambi\u00e9n puedan infectar a los humanos.<\/p>\n<\/div>\n<div dir=\"ltr\" class=\"bbc-19j92fr e57qer20\" readability=\"12\">\n<p dir=\"ltr\" class=\"bbc-bm53ic e1cc2ql70\">&#8220;Las enfermedades est\u00e1n ah\u00ed fuera. Dada la oportunidad, podr\u00edan saltar&#8221;, le dijo a la BBC Dawn Zimmerman, veterinaria de vida silvestre del Programa de Salud Global del Instituto Smithsonian de Biolog\u00eda de la Conservaci\u00f3n.<\/p>\n<\/div>\n<div dir=\"ltr\" class=\"bbc-1ka88fa e57qer20\">\n<figure class=\"bbc-1qdcvv9 e6bmn90\">\n<div dir=\"ltr\" class=\"bbc-172p16q e57qer20\">\n<div dir=\"ltr\" class=\"bbc-189y18v e57qer20\">\n<div data-e2e=\"image-placeholder\" class=\"bbc-367mqz e1whu0\"><noscript><img srcset=\"http:\/\/cordobadirecto.com\/wp-content\/uploads\/2021\/07\/la-covid-19-quizas-no-se-vaya-nunca-como-aprendemos-a-convivir-con-ella-49.jpg 240w, http:\/\/cordobadirecto.com\/wp-content\/uploads\/2021\/07\/la-covid-19-quizas-no-se-vaya-nunca-como-aprendemos-a-convivir-con-ella-50.jpg 320w, http:\/\/cordobadirecto.com\/wp-content\/uploads\/2021\/07\/la-covid-19-quizas-no-se-vaya-nunca-como-aprendemos-a-convivir-con-ella-51.jpg 464w\" alt=\"L\u00ednea\" src=\"http:\/\/cordobadirecto.com\/wp-content\/uploads\/2021\/07\/la-covid-19-quizas-no-se-vaya-nunca-como-aprendemos-a-convivir-con-ella-8.jpg\" width=\"464\" class=\"bbc-fat2bc e1enwo3v0\"><\/noscript><\/div>\n<\/div>\n<\/div>\n<\/figure>\n<\/div>\n<div dir=\"ltr\" class=\"bbc-19j92fr e57qer20\" readability=\"8\">\n<p dir=\"ltr\" class=\"bbc-bm53ic e1cc2ql70\"><i class=\"bbc-h1y5j7 ewc4zcb0\">Recuerda que<\/i><i class=\"bbc-h1y5j7 ewc4zcb0\"> puedes recibir notificaciones de BBC Mundo. Descarga la nueva versi\u00f3n de nuestra app y act\u00edvalas para no perderte nuestro mejor contenido.<\/i><\/p>\n<\/div>\n","protected":false},"excerpt":{"rendered":"<p>Fernando Duarte BBC World Service 9 horas Fuente de la imagen, Getty Images Pie de foto, \u00bfLleg\u00f3 la covid-19 para quedarse? Un gran n\u00famero de cient\u00edficos cree que es muy probable. La covid-19 ha infectado a m\u00e1s de 185 millones de personas y ha causado cuatro millones de muertes en todo el mundo desde que [&hellip;]<\/p>\n","protected":false},"author":1,"featured_media":11183,"comment_status":"closed","ping_status":"closed","sticky":false,"template":"","format":"standard","meta":[],"categories":[24],"tags":[],"_links":{"self":[{"href":"http:\/\/cordobadirecto.com\/index.php\/wp-json\/wp\/v2\/posts\/11182"}],"collection":[{"href":"http:\/\/cordobadirecto.com\/index.php\/wp-json\/wp\/v2\/posts"}],"about":[{"href":"http:\/\/cordobadirecto.com\/index.php\/wp-json\/wp\/v2\/types\/post"}],"author":[{"embeddable":true,"href":"http:\/\/cordobadirecto.com\/index.php\/wp-json\/wp\/v2\/users\/1"}],"replies":[{"embeddable":true,"href":"http:\/\/cordobadirecto.com\/index.php\/wp-json\/wp\/v2\/comments?post=11182"}],"version-history":[{"count":0,"href":"http:\/\/cordobadirecto.com\/index.php\/wp-json\/wp\/v2\/posts\/11182\/revisions"}],"wp:featuredmedia":[{"embeddable":true,"href":"http:\/\/cordobadirecto.com\/index.php\/wp-json\/wp\/v2\/media\/11183"}],"wp:attachment":[{"href":"http:\/\/cordobadirecto.com\/index.php\/wp-json\/wp\/v2\/media?parent=11182"}],"wp:term":[{"taxonomy":"category","embeddable":true,"href":"http:\/\/cordobadirecto.com\/index.php\/wp-json\/wp\/v2\/categories?post=11182"},{"taxonomy":"post_tag","embeddable":true,"href":"http:\/\/cordobadirecto.com\/index.php\/wp-json\/wp\/v2\/tags?post=11182"}],"curies":[{"name":"wp","href":"https:\/\/api.w.org\/{rel}","templated":true}]}}