{"id":112192,"date":"2023-04-27T00:49:56","date_gmt":"2023-04-27T00:49:56","guid":{"rendered":"http:\/\/cordobadirecto.com\/index.php\/2023\/04\/27\/el-rey-leo-la-biografia-de-messi-que-empezo-en-rosario-y-corono-en-qatar\/"},"modified":"2023-04-27T00:49:56","modified_gmt":"2023-04-27T00:49:56","slug":"el-rey-leo-la-biografia-de-messi-que-empezo-en-rosario-y-corono-en-qatar","status":"publish","type":"post","link":"http:\/\/cordobadirecto.com\/index.php\/2023\/04\/27\/el-rey-leo-la-biografia-de-messi-que-empezo-en-rosario-y-corono-en-qatar\/","title":{"rendered":"&#8220;El Rey Leo&#8221;, la biograf\u00eda de Messi que empez\u00f3 en Rosario y coron\u00f3 en Qatar"},"content":{"rendered":"<figure class=\"mb-3\"><img loading=\"lazy\" data-src=\"http:\/\/cordobadirecto.com\/wp-content\/uploads\/2023\/04\/el-rey-leo-la-biografia-de-messi-que-empezo-en-rosario-y-corono-en-qatar.jpg\" src=\"https:\/\/www.telam.com.ar\/assets\/img\/not_image.png\" class=\" lazy \" width=\"100%\" height=\"100%\" alt=\"Portada de El Rey Leo\"><figcaption> Portada de &#8220;El Rey Leo&#8221;. <\/figcaption><\/figure>\n<p>Una biograf\u00eda de Lionel Messi sin la Copa del Mundo ganada en Qatar con la Selecci\u00f3n argentina no estar\u00eda completa, y por esa raz\u00f3n el periodista y escritor franc\u00e9s Florent Torchut actualiza un trabajo que cuenta \u00e9picas y haza\u00f1as del &#8220;10&#8221; y esos escritos son ahora parte del libro &#8220;El Rey Leo&#8221;.<\/p>\n<p>Con pr\u00f3logo del tambi\u00e9n rosarino \u00c1ngel Di Mar\u00eda, el &#8220;Fideo&#8221; compinche de Messi en diez torneos internacionales con la camiseta albiceleste, el libro es una lujosa entrega de la editorial Sudestada que lucir\u00e1 en la Feria del Libro que este jueves abrir\u00e1 sus puertas en la Rural de Palermo.<\/p>\n<p>Desde su primera vez con una pelota, a sus cinco a\u00f1os, en un partido del club Grandoli de Rosario, su paso por las divisiones infantiles de Newell&#8217;s y su explosiva carrera en el club Barcelona desde sus 13 a\u00f1os, el libro compila con agilidad y precisi\u00f3n esos trabajosos comienzos del futuro crack y la etapa del tratamiento para crecer f\u00edsicamente en la Ciudad Condal.<\/p>\n<p>Florent Torchut apela a las entrevistas que durante 15 a\u00f1os le realiz\u00f3 a Messi para distintos medios franceses como L&#8217;\u00c9quipe y France Football, y a un seguimiento que incluye viajes a la Argentina, con epicentro en Rosario para reconstruir las aventuras de aquel ni\u00f1o t\u00edmido y callado que -recuerdan sus familiares, amigos y hasta docentes de su escuela del barrio La Bajada- con una pelota en los pies se transformaba a la par que asombraba.<\/p>\n<p>Todos los t\u00edtulos ganados con el Barcelona desde su debut a los 16 a\u00f1os con los colores &#8220;blaugrana&#8221; recorren las p\u00e1ginas de &#8220;El Rey Leo&#8221;, pero tambi\u00e9n las frustraciones con la camiseta del seleccionado argentino. Hasta que el jugoso relato de la Copa Am\u00e9rica 2020, jugada en Brasil en 2021 y casi sin p\u00fablico por la pandemia del covid, cambia el tono y dibuja la sonrisa que regal\u00f3 esa conquista en la final contra Brasil.<\/p>\n<p>No faltan voces autorizadas en una compilaci\u00f3n de frases cortas que van de Diego Maradona a Kobe Bryant, de Novak Djokovic a Fidel Castro, de Neymar a Jorge Valdano, de Lionel Scaloni a Mbapp\u00e9, de Jos\u00e9 Pekerman a Mourinho, y as\u00ed por la alfombra roja del reconocimiento al portento que regala f\u00fatbol all\u00ed en donde juegue. Y que en el Mundial de Qatar se gan\u00f3 la medalla que el mundo futbolero ansiaba colgar en su cuello.<\/p>\n<p>Escritura sobria no exenta de emociones se desprenden de un libro que, sin embargo, no cierra ninguna historia: todo amante del f\u00fatbol espera nuevas haza\u00f1as del Rey Leo, que nuevos libros contar\u00e1n. <\/p>\n","protected":false},"excerpt":{"rendered":"<p>Portada de &#8220;El Rey Leo&#8221;. Una biograf\u00eda de Lionel Messi sin la Copa del Mundo ganada en Qatar con la Selecci\u00f3n argentina no estar\u00eda completa, y por esa raz\u00f3n el periodista y escritor franc\u00e9s Florent Torchut actualiza un trabajo que cuenta \u00e9picas y haza\u00f1as del &#8220;10&#8221; y esos escritos son ahora parte del libro &#8220;El [&hellip;]<\/p>\n","protected":false},"author":1,"featured_media":112193,"comment_status":"closed","ping_status":"closed","sticky":false,"template":"","format":"standard","meta":[],"categories":[21],"tags":[],"_links":{"self":[{"href":"http:\/\/cordobadirecto.com\/index.php\/wp-json\/wp\/v2\/posts\/112192"}],"collection":[{"href":"http:\/\/cordobadirecto.com\/index.php\/wp-json\/wp\/v2\/posts"}],"about":[{"href":"http:\/\/cordobadirecto.com\/index.php\/wp-json\/wp\/v2\/types\/post"}],"author":[{"embeddable":true,"href":"http:\/\/cordobadirecto.com\/index.php\/wp-json\/wp\/v2\/users\/1"}],"replies":[{"embeddable":true,"href":"http:\/\/cordobadirecto.com\/index.php\/wp-json\/wp\/v2\/comments?post=112192"}],"version-history":[{"count":0,"href":"http:\/\/cordobadirecto.com\/index.php\/wp-json\/wp\/v2\/posts\/112192\/revisions"}],"wp:featuredmedia":[{"embeddable":true,"href":"http:\/\/cordobadirecto.com\/index.php\/wp-json\/wp\/v2\/media\/112193"}],"wp:attachment":[{"href":"http:\/\/cordobadirecto.com\/index.php\/wp-json\/wp\/v2\/media?parent=112192"}],"wp:term":[{"taxonomy":"category","embeddable":true,"href":"http:\/\/cordobadirecto.com\/index.php\/wp-json\/wp\/v2\/categories?post=112192"},{"taxonomy":"post_tag","embeddable":true,"href":"http:\/\/cordobadirecto.com\/index.php\/wp-json\/wp\/v2\/tags?post=112192"}],"curies":[{"name":"wp","href":"https:\/\/api.w.org\/{rel}","templated":true}]}}