{"id":11236,"date":"2021-07-21T19:21:04","date_gmt":"2021-07-21T19:21:04","guid":{"rendered":"http:\/\/cordobadirecto.com\/index.php\/2021\/07\/21\/canal-encuentro-presentara-un-especial-sobre-eva-peron-en-el-aniversario-de-su-muerte\/"},"modified":"2021-07-21T19:21:04","modified_gmt":"2021-07-21T19:21:04","slug":"canal-encuentro-presentara-un-especial-sobre-eva-peron-en-el-aniversario-de-su-muerte","status":"publish","type":"post","link":"http:\/\/cordobadirecto.com\/index.php\/2021\/07\/21\/canal-encuentro-presentara-un-especial-sobre-eva-peron-en-el-aniversario-de-su-muerte\/","title":{"rendered":"Canal Encuentro presentar\u00e1 un especial sobre Eva Per\u00f3n en el aniversario de su muerte"},"content":{"rendered":"<div class=\"image\" id=\"image\" readability=\"8\"> <img src=\"http:\/\/cordobadirecto.com\/wp-content\/uploads\/2021\/07\/canal-encuentro-presentara-un-especial-sobre-eva-peron-en-el-aniversario-de-su-muerte.jpg\" alt=\"En un nuevo aniversario de su muerte, Canal Encuentro presenta un especial sobre Eva Per\u00f3n.\" title=\"En un nuevo aniversario de su muerte, Canal Encuentro presenta un especial sobre Eva Per\u00f3n.\"><\/p>\n<p>En un nuevo aniversario de su muerte, Canal Encuentro presenta un especial sobre Eva Per\u00f3n.<\/p>\n<\/div>\n<p>En un nuevo aniversario de la muerte de <strong>Eva Per\u00f3n<\/strong>, Canal Encuentro presentar\u00e1 el pr\u00f3ximo lunes &#8220;<strong>Eva, el camino del pueblo<\/strong>&#8220;, un especial que recorrer\u00e1 distintas aristas de una de las grandes figuras de la historia argentina.<\/p>\n<p>Por su despliegue territorial, su capacidad de construcci\u00f3n de poder y su interpelaci\u00f3n discursiva, Eva Per\u00f3n, fallecida a los 33 a\u00f1os el 26 de julio de 1952, se convirti\u00f3 en <strong>una de las mujeres m\u00e1s importantes del siglo XX<\/strong>.<\/p>\n<p>El especial, que se emitir\u00e1 el <strong>lunes 26<\/strong> a las <strong>9.30<\/strong>, <strong>17<\/strong> y <strong>21.30<\/strong> por la pantalla de Encuentro contar\u00e1 con testimonios que ayudar\u00e1n a reconstruir los distintos aspectos de la vida y obra de Eva Per\u00f3n, entre ellas <strong>Julia Rosemberg<\/strong>, historiadora y autora de &#8220;Eva Per\u00f3n y las mujeres&#8221;; la artista pl\u00e1stica <strong>Nora Iniesta<\/strong>, que trabaj\u00f3 sobre su figura; la diputada nacional <strong>Cristina \u00c1lvarez Rodr\u00edguez<\/strong>, Presidenta del Instituto de Investigaci\u00f3n Eva Per\u00f3n.<\/p>\n<p>Adem\u00e1s, brindar\u00e1n testimonio <strong>Flora Ferrari<\/strong>, integrante del Comando Evita; <strong>Natalia Zaracho<\/strong>, trabajadora de la econom\u00eda popular y referente del Frente Patria Grande; y <strong>Eva Paula Arraigada<\/strong>, activista trans de la Agrupaci\u00f3n La Nelly Omar.<\/p>\n","protected":false},"excerpt":{"rendered":"<p>En un nuevo aniversario de su muerte, Canal Encuentro presenta un especial sobre Eva Per\u00f3n. En un nuevo aniversario de la muerte de Eva Per\u00f3n, Canal Encuentro presentar\u00e1 el pr\u00f3ximo lunes &#8220;Eva, el camino del pueblo&#8220;, un especial que recorrer\u00e1 distintas aristas de una de las grandes figuras de la historia argentina. Por su despliegue [&hellip;]<\/p>\n","protected":false},"author":1,"featured_media":11237,"comment_status":"closed","ping_status":"closed","sticky":false,"template":"","format":"standard","meta":[],"categories":[20],"tags":[],"_links":{"self":[{"href":"http:\/\/cordobadirecto.com\/index.php\/wp-json\/wp\/v2\/posts\/11236"}],"collection":[{"href":"http:\/\/cordobadirecto.com\/index.php\/wp-json\/wp\/v2\/posts"}],"about":[{"href":"http:\/\/cordobadirecto.com\/index.php\/wp-json\/wp\/v2\/types\/post"}],"author":[{"embeddable":true,"href":"http:\/\/cordobadirecto.com\/index.php\/wp-json\/wp\/v2\/users\/1"}],"replies":[{"embeddable":true,"href":"http:\/\/cordobadirecto.com\/index.php\/wp-json\/wp\/v2\/comments?post=11236"}],"version-history":[{"count":0,"href":"http:\/\/cordobadirecto.com\/index.php\/wp-json\/wp\/v2\/posts\/11236\/revisions"}],"wp:featuredmedia":[{"embeddable":true,"href":"http:\/\/cordobadirecto.com\/index.php\/wp-json\/wp\/v2\/media\/11237"}],"wp:attachment":[{"href":"http:\/\/cordobadirecto.com\/index.php\/wp-json\/wp\/v2\/media?parent=11236"}],"wp:term":[{"taxonomy":"category","embeddable":true,"href":"http:\/\/cordobadirecto.com\/index.php\/wp-json\/wp\/v2\/categories?post=11236"},{"taxonomy":"post_tag","embeddable":true,"href":"http:\/\/cordobadirecto.com\/index.php\/wp-json\/wp\/v2\/tags?post=11236"}],"curies":[{"name":"wp","href":"https:\/\/api.w.org\/{rel}","templated":true}]}}