{"id":112435,"date":"2023-04-28T19:22:00","date_gmt":"2023-04-28T19:22:00","guid":{"rendered":"http:\/\/cordobadirecto.com\/index.php\/2023\/04\/28\/francisco-pidio-a-hungria-mas-apertura-a-los-migrantes\/"},"modified":"2023-04-28T19:22:00","modified_gmt":"2023-04-28T19:22:00","slug":"francisco-pidio-a-hungria-mas-apertura-a-los-migrantes","status":"publish","type":"post","link":"http:\/\/cordobadirecto.com\/index.php\/2023\/04\/28\/francisco-pidio-a-hungria-mas-apertura-a-los-migrantes\/","title":{"rendered":"Francisco pidi\u00f3 a Hungr\u00eda m\u00e1s apertura a los migrantes"},"content":{"rendered":"<div class=\"video_repositive\"> <a class=\"video_sticky\" href=\"javascript:void();\" onclick=\"removeStuckVideo(true);\"><i class=\"far fa-window-close\"><\/i><\/a> <\/p>\n<div id=\"2tldzf-qyCA\" class=\"video_telam\" readability=\"6.5\">\n<div class=\"feature_article_inner\" readability=\"33\">\n<p><h2 class=\"text-center\">Francisco pidi\u00f3 a Hungr\u00eda m\u00e1s apertura a migrantes y rechaz\u00f3 los &#8220;populismos autorreferenciales&#8221;<\/h2>\n<\/p><\/div>\n<p>VER VIDEO <i class=\"fas fa-play\"><\/i><\/p>\n<\/p><\/div><\/div>\n<p>El papa Francisco pidi\u00f3 este viernes en Budapest al premier h\u00fangaro Viktor Orban<strong> que asuma una pol\u00edtica de acogida a los migrantes &#8220;sin excusas ni dilaciones&#8221;<\/strong>, en medio del aumento de personas que llegan a Europa, al tiempo que apoy\u00f3 al pol\u00edtico conservador en sus posturas de rechazo a la &#8220;cultura de la ideolog\u00eda de g\u00e9nero&#8221; y el &#8220;insensato derecho al aborto&#8221;.<\/p>\n<p>Al iniciar una visita de tres d\u00edas a lo que denomin\u00f3 el &#8220;coraz\u00f3n de Europa&#8221;, el pont\u00edfice aprovech\u00f3 su discurso frente a las autoridades h\u00fangaras -el primero de los siete previstos-, para hacer un llamado al Viejo Continente y al mundo para adoptar &#8220;pol\u00edticas capaces de mirar al conjunto&#8221; como v\u00eda para la paz, en especial en el marco de la guerra en la &#8220;martirizada Ucrania&#8221;, que comparte una frontera de cerca de 150 kil\u00f3metros con Hungr\u00eda.<\/p>\n<p><strong>El primer d\u00eda del Papa en Budapest incluy\u00f3 as\u00ed mensajes de rechazo a los &#8220;populismos autorreferenciales&#8221; y a las &#8220;colonizaciones ideol\u00f3gicas&#8221; que asoman en Europa<\/strong>, aunque sin identificar nombres, as\u00ed como un llamado a que los pa\u00edses del continente asuman de forma comunitaria la emergencia migratoria.<\/p>\n<p>Por otro lado, en su tradicional reuni\u00f3n con el clero de cada uno de los pa\u00edses que visita, el Papa advirti\u00f3 a religiosos h\u00fangaros por la &#8220;tentaci\u00f3n de volverse r\u00edgidos, encerrarse y adoptar una actitud de combatientes&#8221; frente a los cambios en la sociedad, al tiempo que les pidi\u00f3 cuidarse del &#8220;derrotismo catastrofista y el conformismo mundano&#8221;.<\/p>\n<blockquote class><p>La acogida de migrantes &#8220;es un tema que debemos afrontar juntos, comunitariamente, porque en el contexto en que vivimos, las consecuencias, tarde o temprano, repercutir\u00e1n sobre todos&#8221;<\/p><\/blockquote>\n<p>En su primer discurso, al hablar en el antiguo Monasterio de las Carmelitas de la capital h\u00fangara frente a autoridades del pa\u00eds europeo, el Papa reclam\u00f3 que con &#8220;Cristo presente en tantos hermanos y hermanas desesperados que huyen de los conflictos, la pobreza y los cambios clim\u00e1ticos, necesitamos afrontar el problema sin excusas ni dilaciones&#8221;.<\/p>\n<p>La acogida de migrantes &#8220;es un tema que debemos afrontar juntos, comunitariamente, porque en el contexto en que vivimos, las consecuencias, tarde o temprano, repercutir\u00e1n sobre todos&#8221;, se\u00f1al\u00f3 el Papa.<\/p>\n<p><strong>El mensaje del Papa pareci\u00f3 una respuesta a las pol\u00edticas de Orban<\/strong>, con quien se reuni\u00f3 al llegar, y considerado un dirigente conservador, <strong>con posturas antimigrantes, antisemitas y contrarias a las parejas homosexuales<\/strong>.<\/p>\n<p>&#8220;Por eso es urgente, como Europa, trabajar por v\u00edas seguras y legales, con mecanismos compartidos frente a un desaf\u00edo de \u00e9poca que no se podr\u00e1 detener rechaz\u00e1ndolo, sino que debe acogerse para preparar un futuro que, si no lo hacemos juntos, no llegar\u00e1&#8221;, pidi\u00f3.<\/p>\n<figure class=\"mb-3\"><img loading=\"lazy\" data-src=\"http:\/\/cordobadirecto.com\/wp-content\/uploads\/2023\/04\/francisco-pidio-a-hungria-mas-apertura-a-los-migrantes.jpg\" src=\"https:\/\/www.telam.com.ar\/assets\/img\/not_image.png\" class=\" lazy \" width=\"100%\" height=\"100%\" alt=\"Francisco lleg a Hungra para una delicada visita Foto AFP\"><figcaption> Francisco lleg\u00f3 a Hungr\u00eda para una delicada visita. Foto: AFP. <\/figcaption><\/figure>\n<p>En ese marco, el Papa fue expl\u00edcito al reclamar un cambio de actitud frente a los migrantes y refugiados al destacar que <strong>de los valores cristianos que defiende Orban &#8220;no s\u00f3lo se desprende la riqueza de una identidad s\u00f3lida, sino la necesidad de apertura a los dem\u00e1s, como reconoce la Constituci\u00f3n&#8221;<\/strong>, antes de citar p\u00e1rrafos de la Carta Magna h\u00fangara que reconocen el respeto a culturas diversas y minor\u00edas nacionales.<\/p>\n<p>&#8220;Esta perspectiva es verdaderamente evang\u00e9lica, tanto que contrasta una cierta tendencia a veces justificada en nombre de las propias tradiciones e incluso de la fe a replegarse sobre s\u00ed&#8221;, agreg\u00f3 luego Francisco.<\/p>\n<p>La que inici\u00f3 este viernes es <strong>la segunda visita del Papa a Hungr\u00eda<\/strong>, tras un viaje de pocas horas que hizo en 2021 para la misa de cierre del congreso eucar\u00edstico internacional, a un pa\u00eds en el que, con casi 10 millones de habitantes, cerca del 61% de la poblaci\u00f3n se reconoce cat\u00f3lica, aunque en descenso frente a otros a\u00f1os.<\/p>\n<p>As\u00ed como en el tema migratorio el Papa pareci\u00f3 alejarse del premier h\u00fangaro, luego mostr\u00f3 posturas m\u00e1s cercanas a Orban al referirse a debates actuales de Europa y al rechazar <strong>&#8220;el camino nefasto de las colonizaciones ideol\u00f3gicas, que eliminan las diferencias, como en el caso de la denominada cultura de la ideolog\u00eda de g\u00e9nero<\/strong>, o anteponen a la realidad de la vida conceptos reductivos de libertad, por ejemplo, presumiendo como conquista un insensato derecho al aborto, que es siempre una tr\u00e1gica derrota&#8221;.<\/p>\n<figure class=\"mb-3\"><img loading=\"lazy\" data-src=\"http:\/\/cordobadirecto.com\/wp-content\/uploads\/2023\/04\/francisco-pidio-a-hungria-mas-apertura-a-los-migrantes-1.jpg\" src=\"https:\/\/www.telam.com.ar\/assets\/img\/not_image.png\" class=\" lazy \" width=\"100%\" height=\"100%\" alt=\"Foto AFP\"><figcaption> Foto: AFP. <\/figcaption><\/figure>\n<p>El Papa, de 86 a\u00f1os y en su segundo viaje del a\u00f1o, aprovech\u00f3 la llegada a lo que denomin\u00f3 como el &#8220;coraz\u00f3n de Europa&#8221; para hablar a la dirigencia pol\u00edtica continental.<\/p>\n<p>&#8220;En este momento hist\u00f3rico Europa es fundamental. Porque ella, gracias a su historia, representa la memoria de la humanidad y, por tanto, est\u00e1 llamada a desempe\u00f1ar el rol que le corresponde: el de unir a los alejados, acoger a los pueblos en su seno y no dejar que nadie permanezca para siempre como enemigo&#8221;, plante\u00f3.<\/p>\n<p>En ese marco, <strong>Francisco llam\u00f3 al continente &#8220;a encontrar el alma europea: el entusiasmo y el sue\u00f1o de los padres fundadores, estadistas que supieron mirar m\u00e1s all\u00e1 del propio tiempo, de las fronteras nacionales y las necesidades inmediatas, generando diplomacias capaces de recomponer la unidad, en vez de agrandar las divisiones&#8221;<\/strong>.<\/p>\n<p>&#8220;Pienso, por tanto, en una Europa que no sea reh\u00e9n de las partes, volvi\u00e9ndose presa de populismos autorreferenciales, pero que tampoco se transforme en una realidad fluida, o gaseosa, en una especie de supranacionalismo abstracto, que no tiene en cuenta la vida de los pueblos&#8221;, ejemplific\u00f3 luego.<\/p>\n<p>En otro pasaje de su discurso, en un contexto de guerra en la &#8220;martirizada Ucrania&#8221;, el Papa sostuvo sin embargo que &#8220;en el mundo en que vivimos, la pasi\u00f3n por la pol\u00edtica comunitaria y por la multilateralidad parece un bonito recuerdo del pasado; parece que asisti\u00e9ramos al triste ocaso del sue\u00f1o coral de paz, mientras los solistas de la guerra se imponen&#8221;.<\/p>\n<figure class=\"mb-3\"><img loading=\"lazy\" data-src=\"http:\/\/cordobadirecto.com\/wp-content\/uploads\/2023\/04\/francisco-pidio-a-hungria-mas-apertura-a-los-migrantes-2.jpg\" src=\"https:\/\/www.telam.com.ar\/assets\/img\/not_image.png\" class=\" lazy \" width=\"100%\" height=\"100%\" alt=\"Foto AFP\"><figcaption> Foto: AFP. <\/figcaption><\/figure>\n<p><strong>&#8220;En general, parece que se hubiera disuelto en los \u00e1nimos el entusiasmo de edificar una comunidad de naciones pac\u00edfica y estable, delimitando las zonas, acentuando las diferencias, volviendo a rugir los nacionalismos y exasper\u00e1ndose los juicios y los tonos hacia los dem\u00e1s&#8221;<\/strong>, lament\u00f3.<\/p>\n<p>&#8220;La paz nunca vendr\u00e1 de la persecuci\u00f3n de los propios intereses estrat\u00e9gicos, sino m\u00e1s bien de pol\u00edticas capaces de mirar al conjunto, al desarrollo de todos; atentas a las personas, a los pobres y al ma\u00f1ana; no s\u00f3lo al poder, a las ganancias y a las oportunidades del presente&#8221;, convoc\u00f3.<\/p>\n<p>Otro de los ejes de su primer discurso en Budapest fue el recuerdo de la &#8220;violencia y opresi\u00f3n provocadas por las dictaduras nazi y comunista&#8221; y su rechazo a &#8220;la deportaci\u00f3n de cientos de miles de habitantes, con el resto de la poblaci\u00f3n de origen jud\u00edo encerrada en el gueto y sometida a numerosas atrocidades&#8221;.<\/p>\n<blockquote class><p>&#8220;La paz nunca vendr\u00e1 de la persecuci\u00f3n de los propios intereses estrat\u00e9gicos, sino m\u00e1s bien de pol\u00edticas capaces de mirar al conjunto&#8221;<\/p><\/blockquote>\n<p>Tras el discurso a las autoridades pol\u00edticas, el Papa se reuni\u00f3 luego con el clero local y pidi\u00f3 a sacerdotes, obispos y religiosos en general que no se paren como &#8220;combatientes&#8221; frente a los nuevos modelos de vida y asegur\u00f3 que el &#8220;derrotismo catastrofista y el conformismo mundano&#8221; son las dos &#8220;tentaciones&#8221; de las que la Iglesia debe prevenirse.<\/p>\n<p>El pont\u00edfice continuar\u00e1 su agenda este s\u00e1bado, centrada en la capital durante las 60 horas de su estad\u00eda para evitar desplazamientos largos, con un encuentro con pobres y refugiados, incluidas personas de Ucrania, Afganist\u00e1n y otros pa\u00edses en guerra.<\/p>\n","protected":false},"excerpt":{"rendered":"<p>Francisco pidi\u00f3 a Hungr\u00eda m\u00e1s apertura a migrantes y rechaz\u00f3 los &#8220;populismos autorreferenciales&#8221; VER VIDEO El papa Francisco pidi\u00f3 este viernes en Budapest al premier h\u00fangaro Viktor Orban que asuma una pol\u00edtica de acogida a los migrantes &#8220;sin excusas ni dilaciones&#8221;, en medio del aumento de personas que llegan a Europa, al tiempo que apoy\u00f3 [&hellip;]<\/p>\n","protected":false},"author":1,"featured_media":112436,"comment_status":"closed","ping_status":"closed","sticky":false,"template":"","format":"standard","meta":[],"categories":[24],"tags":[],"_links":{"self":[{"href":"http:\/\/cordobadirecto.com\/index.php\/wp-json\/wp\/v2\/posts\/112435"}],"collection":[{"href":"http:\/\/cordobadirecto.com\/index.php\/wp-json\/wp\/v2\/posts"}],"about":[{"href":"http:\/\/cordobadirecto.com\/index.php\/wp-json\/wp\/v2\/types\/post"}],"author":[{"embeddable":true,"href":"http:\/\/cordobadirecto.com\/index.php\/wp-json\/wp\/v2\/users\/1"}],"replies":[{"embeddable":true,"href":"http:\/\/cordobadirecto.com\/index.php\/wp-json\/wp\/v2\/comments?post=112435"}],"version-history":[{"count":0,"href":"http:\/\/cordobadirecto.com\/index.php\/wp-json\/wp\/v2\/posts\/112435\/revisions"}],"wp:featuredmedia":[{"embeddable":true,"href":"http:\/\/cordobadirecto.com\/index.php\/wp-json\/wp\/v2\/media\/112436"}],"wp:attachment":[{"href":"http:\/\/cordobadirecto.com\/index.php\/wp-json\/wp\/v2\/media?parent=112435"}],"wp:term":[{"taxonomy":"category","embeddable":true,"href":"http:\/\/cordobadirecto.com\/index.php\/wp-json\/wp\/v2\/categories?post=112435"},{"taxonomy":"post_tag","embeddable":true,"href":"http:\/\/cordobadirecto.com\/index.php\/wp-json\/wp\/v2\/tags?post=112435"}],"curies":[{"name":"wp","href":"https:\/\/api.w.org\/{rel}","templated":true}]}}