{"id":112472,"date":"2023-04-28T16:31:02","date_gmt":"2023-04-28T16:31:02","guid":{"rendered":"https:\/\/www.bbc.com\/mundo\/noticias-america-latina-65416045"},"modified":"2023-04-28T16:31:02","modified_gmt":"2023-04-28T16:31:02","slug":"lo-que-quiero-es-irme-a-venezuela-pero-no-me-dejan-el-drama-de-los-migrantes-varados-en-la-frontera-entre-chile-y-peru","status":"publish","type":"post","link":"http:\/\/cordobadirecto.com\/index.php\/2023\/04\/28\/lo-que-quiero-es-irme-a-venezuela-pero-no-me-dejan-el-drama-de-los-migrantes-varados-en-la-frontera-entre-chile-y-peru\/","title":{"rendered":"&#8220;Lo que quiero es irme a Venezuela, pero no me dejan&#8221;: el drama de los migrantes varados en la frontera entre Chile y Per\u00fa"},"content":{"rendered":"<div dir=\"ltr\" class=\"e1j2237y6 bbc-q4ibpr ebmt73l0\">\n<div class=\"bbc-1atl7vu euvj3t14\">\n<ul role=\"list\" class=\"bbc-k0l9bd euvj3t12\">\n<li role=\"listitem\" class=\"bbc-1a3w4ok euvj3t11\">Fernanda Pa\u00fal y Alicia Hern\u00e1ndez<\/li>\n<li role=\"listitem\" class=\"bbc-1p92jtu euvj3t10\">BBC News Mundo<\/li>\n<\/ul>\n<\/div>\n<\/div>\n<p><time datetime=\"2023-04-28\" class=\"bbc-1dafq0j e1mklfmt0\">8 horas<\/time><\/p>\n<div dir=\"ltr\" class=\"bbc-1ka88fa ebmt73l0\">\n<figure class=\"bbc-1qdcvv9 e1aczekt0\">\n<div dir=\"ltr\" class=\"bbc-172p16q ebmt73l0\">\n<div dir=\"ltr\" class=\"bbc-189y18v ebmt73l0\" readability=\"6.5\">\n<div data-e2e=\"image-placeholder\" class=\"bbc-997y1y eihqrxw0\" readability=\"8\"><img loading=\"lazy\" sizes=\"(min-width: 1008px) 645px, 100vw\" srcset=\"http:\/\/cordobadirecto.com\/wp-content\/uploads\/2023\/04\/lo-que-quiero-es-irme-a-venezuela-pero-no-me-dejan-el-drama-de-los-migrantes-varados-en-la-frontera-entre-chile-y-peru-7.jpg 240w, http:\/\/cordobadirecto.com\/wp-content\/uploads\/2023\/04\/lo-que-quiero-es-irme-a-venezuela-pero-no-me-dejan-el-drama-de-los-migrantes-varados-en-la-frontera-entre-chile-y-peru-8.jpg 320w, http:\/\/cordobadirecto.com\/wp-content\/uploads\/2023\/04\/lo-que-quiero-es-irme-a-venezuela-pero-no-me-dejan-el-drama-de-los-migrantes-varados-en-la-frontera-entre-chile-y-peru-9.jpg 480w, http:\/\/cordobadirecto.com\/wp-content\/uploads\/2023\/04\/lo-que-quiero-es-irme-a-venezuela-pero-no-me-dejan-el-drama-de-los-migrantes-varados-en-la-frontera-entre-chile-y-peru-10.jpg 624w, http:\/\/cordobadirecto.com\/wp-content\/uploads\/2023\/04\/lo-que-quiero-es-irme-a-venezuela-pero-no-me-dejan-el-drama-de-los-migrantes-varados-en-la-frontera-entre-chile-y-peru-11.jpg 800w\" src=\"http:\/\/cordobadirecto.com\/wp-content\/uploads\/2023\/04\/lo-que-quiero-es-irme-a-venezuela-pero-no-me-dejan-el-drama-de-los-migrantes-varados-en-la-frontera-entre-chile-y-peru.jpg\" alt=\"Fuerzas policiales de Per\u00fa bloquean el apso de los migrantes.\" width=\"976\" height=\"549\" class=\"e3vrtyk0 bbc-rb7xa0 e1mo64ex0\"><\/p>\n<p role=\"text\" class=\"bbc-1s1cxbv ewbcsnk0\"><span class=\"bbc-m04vo2\">Fuente de la imagen, <\/span><span lang=\"en-GB\">Getty Images<\/span><\/p>\n<\/div>\n<\/div>\n<div dir=\"ltr\" class=\"bbc-3edg7g ebmt73l0\" readability=\"7\"><figcaption dir=\"ltr\" class=\"bbc-rhuvwm e6i104o0\" readability=\"4\"><span class=\"bbc-m04vo2\">Pie de foto, <\/span><\/p>\n<p>En la conocida como L\u00ednea de la Concordia, entre Chile y Per\u00fa, los migrantes est\u00e1n varados.<\/p>\n<\/figcaption><\/div>\n<\/div>\n<\/figure>\n<\/div>\n<div dir=\"ltr\" class=\"bbc-19j92fr ebmt73l0\" readability=\"8\">\n<p dir=\"ltr\" class=\"bbc-hhl7in e17g058b0\"><b>&#8220;D\u00e9jenos cruzar. D\u00e9jennos cruzar a Venezuela, por favor. Tengo a 3 ni\u00f1os conmigo&#8221;. <\/b><\/p>\n<\/div>\n<div dir=\"ltr\" class=\"bbc-19j92fr ebmt73l0\" readability=\"9\">\n<p dir=\"ltr\" class=\"bbc-hhl7in e17g058b0\">El reclamo de esta venezolana se repite entre los migrantes que est\u00e1n en los alrededores de Tacna, una zona de Per\u00fa cercana a la frontera con Chile conocida como &#8220;L\u00ednea de la Concordia&#8221;. <\/p>\n<\/div>\n<div dir=\"ltr\" class=\"bbc-19j92fr ebmt73l0\" readability=\"10\">\n<p dir=\"ltr\" class=\"bbc-hhl7in e17g058b0\">Desde el pa\u00eds austral <b>llegaron en los \u00faltimos d\u00edas alrededor de 200 personas, <\/b>entre las que hay menores de edad, mujeres embarazadas y adultos mayores con <b>el objetivo de cruzar Per\u00fa. <\/b><\/p>\n<\/div>\n<div dir=\"ltr\" class=\"bbc-19j92fr ebmt73l0\" readability=\"9\">\n<p dir=\"ltr\" class=\"bbc-hhl7in e17g058b0\">Sin los documentos pertinentes, <b>las autoridades peruanas no les est\u00e1n permitiendo el ingreso y en<\/b><b>Chile tampoco los quieren recibir de vuelta. <\/b><\/p>\n<\/div>\n<div dir=\"ltr\" class=\"bbc-19j92fr ebmt73l0\">\n<p dir=\"ltr\" class=\"bbc-hhl7in e17g058b0\">Est\u00e1n varados.<\/p>\n<\/div>\n<div dir=\"ltr\" class=\"bbc-19j92fr ebmt73l0\" readability=\"11\">\n<p dir=\"ltr\" class=\"bbc-hhl7in e17g058b0\">Algunos tienen visas chilenas de distinto tipo, otros entraron por pasos irregulares y solo tienen la identificaci\u00f3n de su pa\u00eds natal. Pero insisten en que, lo que quieren, es volver a sus pa\u00edses. <\/p>\n<\/div>\n<div dir=\"ltr\" class=\"bbc-19j92fr ebmt73l0\" readability=\"10\">\n<p dir=\"ltr\" class=\"bbc-hhl7in e17g058b0\">&#8220;P\u00f3nganse la mano en el coraz\u00f3n, no queremos estar en Per\u00fa o Chile. Queremos estar en Venezuela y ver a nuestros seres queridos&#8221;, le dijo una mujer al canal Televisi\u00f3n Nacional de Chile (TVN).&nbsp; <\/p>\n<\/div>\n<div dir=\"ltr\" class=\"bbc-19j92fr ebmt73l0\" readability=\"10\">\n<p dir=\"ltr\" class=\"bbc-hhl7in e17g058b0\">Seg\u00fan Acnur, la agencia de la ONU para los refugiados, <b>en su mayor\u00eda son venezolanos pero tambi\u00e9n hay<\/b><b>colombianos y haitianos. <\/b><\/p>\n<\/div>\n<p><h2 id=\"Un-corredor-migratorio\" tabindex=\"-1\" class=\"bbc-1f03ibc eglt09e0\">Un &#8220;corredor migratorio&#8221;<\/h2>\n<\/p>\n<div dir=\"ltr\" class=\"bbc-19j92fr ebmt73l0\" readability=\"8\">\n<p dir=\"ltr\" class=\"bbc-hhl7in e17g058b0\">Sin posibilidad de avanzar o retroceder, muchos <b>est\u00e1n acampando a la intemperie<\/b><b>.<\/b><\/p>\n<\/div>\n<div dir=\"ltr\" class=\"bbc-19j92fr ebmt73l0\" readability=\"11\">\n<p dir=\"ltr\" class=\"bbc-hhl7in e17g058b0\">Se trata de un lugar que &#8220;est\u00e1 extermadamente sucio, con mucha basura y moscas. No hay ba\u00f1os o puntos de hidrataci\u00f3n. Muchos ni\u00f1os est\u00e1n enfermando del est\u00f3mago&#8221;, explica uno de los informes elaborados por la Asamblea Abierta de Migrantes y Promigrantes (AMPRO). <\/p>\n<\/div>\n<div dir=\"ltr\" class=\"bbc-1ka88fa ebmt73l0\">\n<figure class=\"bbc-1qdcvv9 e1aczekt0\">\n<div dir=\"ltr\" class=\"bbc-172p16q ebmt73l0\">\n<div dir=\"ltr\" class=\"bbc-189y18v ebmt73l0\" readability=\"6.5\">\n<div data-e2e=\"image-placeholder\" class=\"bbc-997y1y eihqrxw0\" readability=\"8\"><noscript><img loading=\"lazy\" sizes=\"(min-width: 1008px) 645px, 100vw\" srcset=\"http:\/\/cordobadirecto.com\/wp-content\/uploads\/2023\/04\/lo-que-quiero-es-irme-a-venezuela-pero-no-me-dejan-el-drama-de-los-migrantes-varados-en-la-frontera-entre-chile-y-peru-12.jpg 240w, http:\/\/cordobadirecto.com\/wp-content\/uploads\/2023\/04\/lo-que-quiero-es-irme-a-venezuela-pero-no-me-dejan-el-drama-de-los-migrantes-varados-en-la-frontera-entre-chile-y-peru-13.jpg 320w, http:\/\/cordobadirecto.com\/wp-content\/uploads\/2023\/04\/lo-que-quiero-es-irme-a-venezuela-pero-no-me-dejan-el-drama-de-los-migrantes-varados-en-la-frontera-entre-chile-y-peru-14.jpg 480w, http:\/\/cordobadirecto.com\/wp-content\/uploads\/2023\/04\/lo-que-quiero-es-irme-a-venezuela-pero-no-me-dejan-el-drama-de-los-migrantes-varados-en-la-frontera-entre-chile-y-peru-15.jpg 624w, http:\/\/cordobadirecto.com\/wp-content\/uploads\/2023\/04\/lo-que-quiero-es-irme-a-venezuela-pero-no-me-dejan-el-drama-de-los-migrantes-varados-en-la-frontera-entre-chile-y-peru-16.jpg 800w\" src=\"http:\/\/cordobadirecto.com\/wp-content\/uploads\/2023\/04\/lo-que-quiero-es-irme-a-venezuela-pero-no-me-dejan-el-drama-de-los-migrantes-varados-en-la-frontera-entre-chile-y-peru-1.jpg\" alt=\"Una mujer con su bab\u00e9 trata de llegar a Venezuela para ver a su madre, paciente de c\u00e1ncer.\" width=\"976\" height=\"549\" class=\"e3vrtyk0 bbc-rb7xa0 e1mo64ex0\"><\/noscript><\/p>\n<p role=\"text\" class=\"bbc-1s1cxbv ewbcsnk0\"><span class=\"bbc-m04vo2\">Fuente de la imagen, <\/span><span lang=\"en-GB\">Getty Images<\/span><\/p>\n<\/div>\n<\/div>\n<div dir=\"ltr\" class=\"bbc-3edg7g ebmt73l0\" readability=\"6.5\"><figcaption dir=\"ltr\" class=\"bbc-rhuvwm e6i104o0\" readability=\"3\"><span class=\"bbc-m04vo2\">Pie de foto, <\/span><\/p>\n<p>Yosier Canel\u00f3n con su beb\u00e9 trata de llegar a Venezuela para ver a su madre, paciente de c\u00e1ncer.<\/p>\n<\/figcaption><\/div>\n<\/div>\n<\/figure>\n<\/div>\n<div dir=\"ltr\" class=\"bbc-19j92fr ebmt73l0\" readability=\"12\">\n<p dir=\"ltr\" class=\"bbc-hhl7in e17g058b0\">En muchos casos, se\u00f1ala Acnur, estas personas <b>&#8220;est\u00e1n sin alimentos, agua, alojamiento o asistencia<\/b><b>sanitaria&#8221; en u<\/b><b>na zona <\/b><b>que es conocid<\/b><b>a<\/b><b> por sus condiciones clim\u00e1ticas extremas.&nbsp;<\/b><\/p>\n<\/div>\n<div dir=\"ltr\" class=\"bbc-19j92fr ebmt73l0\" readability=\"13\">\n<p dir=\"ltr\" class=\"bbc-hhl7in e17g058b0\">&#8220;Que nos digan que por diez a\u00f1os no podemos regresar a Chile ni a Per\u00fa, nosotros lo hacemos. Pero esperar aqu\u00ed una semana, dos semanas&#8230; Yo tengo a mi hijo (conmigo) y esto no lo quiero para \u00e9l como madre. Nos encontramos entre la espada y la pared&#8221;, cont\u00f3 la venezolana Yosier Canel\u00f3n a la agencia Reuters. <\/p>\n<\/div>\n<div dir=\"ltr\" class=\"bbc-19j92fr ebmt73l0\" readability=\"12\">\n<p dir=\"ltr\" class=\"bbc-hhl7in e17g058b0\">En su caso, quiere regresar para ver a su madre. &#8220;<b>Tengo a mi mam\u00e1 y a una t\u00eda que tiene<\/b><b>n<\/b><b> c\u00e1ncer y est\u00e1 a nivel tres.<\/b> Mi hijo es chileno, quiero darle la vida a mi hijo aqu\u00ed (en Chile). Pero si me quedo, \u00e9l no va a conocer a mi mam\u00e1&#8221;. <\/p>\n<\/div>\n<div dir=\"ltr\" class=\"bbc-19j92fr ebmt73l0\" readability=\"11\">\n<p dir=\"ltr\" class=\"bbc-hhl7in e17g058b0\">&#8220;<b>N<\/b><b>o hay respuestas<\/b><b> de las autoridades<\/b><b> y es imposible acercarse a las ventanillas (migratorias) para hacer un tr\u00e1mite&#8221;<\/b><b>, <\/b>cuenta Lorena Zambrano, vocera de la AMPRO en Tarapac\u00e1, Chile.<\/p>\n<\/div>\n<div class=\"bbc-sffzb7 e1hrqbfn0\">\n<div dir=\"ltr\" class=\"bbc-1ka88fa ebmt73l0\">\n<figure class=\"bbc-1qdcvv9 e1aczekt0\">\n<div dir=\"ltr\" class=\"bbc-172p16q ebmt73l0\">\n<div dir=\"ltr\" class=\"bbc-189y18v ebmt73l0\" readability=\"6.5\">\n<div data-e2e=\"image-placeholder\" class=\"bbc-997y1y eihqrxw0\" readability=\"8\"><noscript><img loading=\"lazy\" sizes=\"(min-width: 1008px) 645px, 100vw\" srcset=\"http:\/\/cordobadirecto.com\/wp-content\/uploads\/2023\/04\/lo-que-quiero-es-irme-a-venezuela-pero-no-me-dejan-el-drama-de-los-migrantes-varados-en-la-frontera-entre-chile-y-peru-17.jpg 240w, http:\/\/cordobadirecto.com\/wp-content\/uploads\/2023\/04\/lo-que-quiero-es-irme-a-venezuela-pero-no-me-dejan-el-drama-de-los-migrantes-varados-en-la-frontera-entre-chile-y-peru-18.jpg 320w, http:\/\/cordobadirecto.com\/wp-content\/uploads\/2023\/04\/lo-que-quiero-es-irme-a-venezuela-pero-no-me-dejan-el-drama-de-los-migrantes-varados-en-la-frontera-entre-chile-y-peru-19.jpg 480w, http:\/\/cordobadirecto.com\/wp-content\/uploads\/2023\/04\/lo-que-quiero-es-irme-a-venezuela-pero-no-me-dejan-el-drama-de-los-migrantes-varados-en-la-frontera-entre-chile-y-peru-20.jpg 624w, http:\/\/cordobadirecto.com\/wp-content\/uploads\/2023\/04\/lo-que-quiero-es-irme-a-venezuela-pero-no-me-dejan-el-drama-de-los-migrantes-varados-en-la-frontera-entre-chile-y-peru-21.jpg 800w\" src=\"http:\/\/cordobadirecto.com\/wp-content\/uploads\/2023\/04\/lo-que-quiero-es-irme-a-venezuela-pero-no-me-dejan-el-drama-de-los-migrantes-varados-en-la-frontera-entre-chile-y-peru-2.jpg\" alt=\"Los migrantes acampan a la intemperie en una zona con duras condiciones clim\u00e1ticas y sin acceso a agua o ba\u00f1os.\" width=\"976\" height=\"549\" class=\"e3vrtyk0 bbc-rb7xa0 e1mo64ex0\"><\/noscript><\/p>\n<p role=\"text\" class=\"bbc-1s1cxbv ewbcsnk0\"><span class=\"bbc-m04vo2\">Fuente de la imagen, <\/span><span lang=\"en-GB\">Getty Images<\/span><\/p>\n<\/div>\n<\/div>\n<div dir=\"ltr\" class=\"bbc-3edg7g ebmt73l0\" readability=\"6.5\"><figcaption dir=\"ltr\" class=\"bbc-rhuvwm e6i104o0\" readability=\"3\"><span class=\"bbc-m04vo2\">Pie de foto, <\/span><\/p>\n<p>Los migrantes acampan a la intemperie en una zona con duras condiciones clim\u00e1ticas y sin acceso a agua o ba\u00f1os.<\/p>\n<\/figcaption><\/div>\n<\/div>\n<\/figure>\n<\/div>\n<\/div>\n<div dir=\"ltr\" class=\"bbc-19j92fr ebmt73l0\" readability=\"11\">\n<p dir=\"ltr\" class=\"bbc-hhl7in e17g058b0\">Ante la desesperaci\u00f3n y falta de soluciones, en los \u00faltimos d\u00edas ha habido una serie de enfrentamientos entre la polic\u00eda fronteriza y los migrantes, quienes <b>han bloqueado el paso de camiones y veh\u00edculos <\/b>en la carretera con el fin de presionar para que les brinden ayuda. <\/p>\n<\/div>\n<div dir=\"ltr\" class=\"bbc-19j92fr ebmt73l0\" readability=\"9\">\n<p dir=\"ltr\" class=\"bbc-hhl7in e17g058b0\">En un reporte, AMPRO denuncia que la gente recibi\u00f3 &#8220;golpizas&#8221; por parte de las fuerzas de seguridad. <\/p>\n<\/div>\n<div dir=\"ltr\" class=\"bbc-19j92fr ebmt73l0\" readability=\"14\">\n<p dir=\"ltr\" class=\"bbc-hhl7in e17g058b0\">Son varias organizaciones de migrantes que<b> piden <\/b><b>crear<\/b><b> un corredor migratorio. &#8220;<\/b>Que les permita regresar a casa, tengan la nacionalidad que tengan, sin queden fichados y luego puedan volver, si lo desean, cumpliendo las leyes de cada pa\u00eds&#8221;, sostiene Zambrano. &nbsp; <\/p>\n<\/div>\n<p><h2 id=\"Un-choque-entre-gobiernos\" tabindex=\"-1\" class=\"bbc-1f03ibc eglt09e0\">Un choque entre gobiernos<\/h2>\n<\/p>\n<div dir=\"ltr\" class=\"bbc-19j92fr ebmt73l0\" readability=\"7\">\n<p dir=\"ltr\" class=\"bbc-hhl7in e17g058b0\">La situaci\u00f3n que se vive en la zona fronteriza entre Per\u00fa y Chile tiene varias aristas.<\/p>\n<\/div>\n<div dir=\"ltr\" class=\"bbc-19j92fr ebmt73l0\" readability=\"12\">\n<p dir=\"ltr\" class=\"bbc-hhl7in e17g058b0\">Por un lado, la presidenta de Per\u00fa, <b>Dina Boluarte, decret\u00f3 <\/b><b>este mi\u00e9rcoles el <\/b><b>Estado de Emergencia en sus fronteras<\/b><b>. <\/b>Esto permitir\u00e1 que polic\u00edas y militares realicen operaciones para intentar controlar la migraci\u00f3n. <\/p>\n<\/div>\n<div dir=\"ltr\" class=\"bbc-19j92fr ebmt73l0\" readability=\"10\">\n<p dir=\"ltr\" class=\"bbc-hhl7in e17g058b0\">En Per\u00fa hay censados m\u00e1s de 1,4 millones de extranjeros, seg\u00fan el Instituto Nacional de Estad\u00edsticas (INEI).<\/p>\n<\/div>\n<div dir=\"ltr\" class=\"bbc-19j92fr ebmt73l0\" readability=\"11\">\n<p dir=\"ltr\" class=\"bbc-hhl7in e17g058b0\">&#8220;Estas medidas nos permitir\u00e1n <b>regularizar e identificar a las personas extranjeras que se encuentran en situaci\u00f3n irregular, <\/b>as\u00ed como incentivar la formalidad en el control migratorio y en el mercado laboral&#8221;, dijo Boluarte al hacer el anuncio. <\/p>\n<\/div>\n<div dir=\"ltr\" class=\"bbc-19j92fr ebmt73l0\" readability=\"12\">\n<p dir=\"ltr\" class=\"bbc-hhl7in e17g058b0\">A la vez, tambi\u00e9n desde Per\u00fa, han dicho que el presidente de Chile,<b> Gabriel Boric<\/b><b>,<\/b><b> debe asuimir el control de las fronteras<\/b><b> de su pa\u00eds.<\/b><\/p>\n<\/div>\n<div dir=\"ltr\" class=\"bbc-1ka88fa ebmt73l0\">\n<figure class=\"bbc-1qdcvv9 e1aczekt0\">\n<div dir=\"ltr\" class=\"bbc-172p16q ebmt73l0\">\n<div dir=\"ltr\" class=\"bbc-189y18v ebmt73l0\" readability=\"6.5\">\n<div data-e2e=\"image-placeholder\" class=\"bbc-997y1y eihqrxw0\" readability=\"8\"><noscript><img loading=\"lazy\" sizes=\"(min-width: 1008px) 645px, 100vw\" srcset=\"http:\/\/cordobadirecto.com\/wp-content\/uploads\/2023\/04\/lo-que-quiero-es-irme-a-venezuela-pero-no-me-dejan-el-drama-de-los-migrantes-varados-en-la-frontera-entre-chile-y-peru-22.jpg 240w, http:\/\/cordobadirecto.com\/wp-content\/uploads\/2023\/04\/lo-que-quiero-es-irme-a-venezuela-pero-no-me-dejan-el-drama-de-los-migrantes-varados-en-la-frontera-entre-chile-y-peru-23.jpg 320w, http:\/\/cordobadirecto.com\/wp-content\/uploads\/2023\/04\/lo-que-quiero-es-irme-a-venezuela-pero-no-me-dejan-el-drama-de-los-migrantes-varados-en-la-frontera-entre-chile-y-peru-24.jpg 480w, http:\/\/cordobadirecto.com\/wp-content\/uploads\/2023\/04\/lo-que-quiero-es-irme-a-venezuela-pero-no-me-dejan-el-drama-de-los-migrantes-varados-en-la-frontera-entre-chile-y-peru-25.jpg 624w, http:\/\/cordobadirecto.com\/wp-content\/uploads\/2023\/04\/lo-que-quiero-es-irme-a-venezuela-pero-no-me-dejan-el-drama-de-los-migrantes-varados-en-la-frontera-entre-chile-y-peru-26.jpg 800w\" src=\"http:\/\/cordobadirecto.com\/wp-content\/uploads\/2023\/04\/lo-que-quiero-es-irme-a-venezuela-pero-no-me-dejan-el-drama-de-los-migrantes-varados-en-la-frontera-entre-chile-y-peru-3.jpg\" alt=\"La presidenta de Per\u00fa Dina Boluarte orden\u00f3 el cierre de las fronteras.\" width=\"976\" height=\"549\" class=\"e3vrtyk0 bbc-rb7xa0 e1mo64ex0\"><\/noscript><\/p>\n<p role=\"text\" class=\"bbc-1s1cxbv ewbcsnk0\"><span class=\"bbc-m04vo2\">Fuente de la imagen, <\/span><span lang=\"en-GB\">Getty Images<\/span><\/p>\n<\/div>\n<\/div>\n<div dir=\"ltr\" class=\"bbc-3edg7g ebmt73l0\" readability=\"6\"><figcaption dir=\"ltr\" class=\"bbc-rhuvwm e6i104o0\" readability=\"2\"><span class=\"bbc-m04vo2\">Pie de foto, <\/span><\/p>\n<p>La presidenta de Per\u00fa Dina Boluarte orden\u00f3 el cierre de las fronteras.<\/p>\n<\/figcaption><\/div>\n<\/div>\n<\/figure>\n<\/div>\n<div dir=\"ltr\" class=\"bbc-19j92fr ebmt73l0\" readability=\"8\">\n<p dir=\"ltr\" class=\"bbc-hhl7in e17g058b0\">La presi\u00f3n aument\u00f3 a\u00fan m\u00e1s luego de que <b>se denunciara que militares chilenos estaban ayudando a migrantes a <\/b><b>cruzar<\/b><b> por pasos ilegales hacia Per\u00fa. <\/b><\/p>\n<\/div>\n<div dir=\"ltr\" class=\"bbc-19j92fr ebmt73l0\" readability=\"9\">\n<p dir=\"ltr\" class=\"bbc-hhl7in e17g058b0\">La acusaci\u00f3n -dada a conocer por el programa Cuarto Poder del canal Am\u00e9rica Televisi\u00f3n- gener\u00f3 m\u00faltiples reacciones en ambos pa\u00edses y oblig\u00f3 al Ej\u00e9rcito chileno a abrir una investigaci\u00f3n al respecto. <\/p>\n<\/div>\n<div dir=\"ltr\" class=\"bbc-19j92fr ebmt73l0\" readability=\"11\">\n<p dir=\"ltr\" class=\"bbc-hhl7in e17g058b0\">&#8220;Lo que est\u00e1 pasando en la frontera entre Chile y Per\u00fa<b> muestra el l\u00edmite de los espacios de cooperaci\u00f3n entre los pa\u00edses<\/b>&#8220;, le cuenta a BBC Mundo Mayra Feddersen, profesora de la Facultad de Derecho Universidad Adolfo Ib\u00e1\u00f1ez e investigadora principal del n\u00facleo Milenio MIGRA<\/p>\n<\/div>\n<div dir=\"ltr\" class=\"bbc-19j92fr ebmt73l0\" readability=\"9\">\n<p dir=\"ltr\" class=\"bbc-hhl7in e17g058b0\">Con todo, el <b>canciller chileno Alberto van Klaveren asegur<\/b><b>\u00f3<\/b><b> que se est\u00e1n conversa<\/b><b>ndo<\/b><b> con <\/b><b>el pa\u00eds vecino<\/b><b> con el objetivo de darle una salida diplom\u00e1tica al problema. <\/b><\/p>\n<\/div>\n<div dir=\"ltr\" class=\"bbc-19j92fr ebmt73l0\" readability=\"11\">\n<p dir=\"ltr\" class=\"bbc-hhl7in e17g058b0\">&#8220;La regi\u00f3n no ha sido capaz de generar acuerdos para solucionar la crisis migratoria. Cada pa\u00eds est\u00e1 actuando de forma unilateral, nadie se quiere hacer cargo. Y esto no se resuelve si no actuamos de forma conjunta&#8221;, agrega Feddersen. <\/p>\n<\/div>\n<p><h2 id=\"Salir-y-volver-por-la-crisis\" tabindex=\"-1\" class=\"bbc-1f03ibc eglt09e0\">Salir y volver por la crisis<\/h2>\n<\/p>\n<div dir=\"ltr\" class=\"bbc-19j92fr ebmt73l0\" readability=\"14\">\n<p dir=\"ltr\" class=\"bbc-hhl7in e17g058b0\">En los \u00faltimos a\u00f1os y como fruto de la crisis econ\u00f3mica y social que vive su pa\u00eds, <b>m\u00e1s de 7,1 millones de venezolanos <\/b><b>han emigrado<\/b><b>,<\/b> seg\u00fan cifras de ONU. Su destino principal ha sido la vecina Colombia pero, en busca de una mejora en su vida, han llegado a otros pa\u00edses de la regi\u00f3n. <\/p>\n<\/div>\n<div dir=\"ltr\" class=\"bbc-19j92fr ebmt73l0\" readability=\"12\">\n<p dir=\"ltr\" class=\"bbc-hhl7in e17g058b0\">Uno de sus destinos fue Chile, donde, seg\u00fan datos de 2020, hab\u00eda cerca de 500.000 venezolanos, un tercio del censo de extranjeros. <\/p>\n<\/div>\n<div dir=\"ltr\" class=\"bbc-19j92fr ebmt73l0\" readability=\"11\">\n<p dir=\"ltr\" class=\"bbc-hhl7in e17g058b0\">Pero ahora, como ocurre con muchas de las personas varadas en la frontera colindante con Per\u00fa, <b>decidieron irse de la naci\u00f3n liderada por Gabriel Boric ante la falta de oportunidades y el aumento de la rigidez en sus pol\u00edticas migratorias. <\/b><\/p>\n<\/div>\n<div dir=\"ltr\" class=\"bbc-19j92fr ebmt73l0\" readability=\"12\">\n<p dir=\"ltr\" class=\"bbc-hhl7in e17g058b0\">Seg\u00fan el Servicio Jesuita a Migrantes (SJM) -que se ha dedicado a estudiar el tema migratorio en Chile en la \u00faltima d\u00e9cada-, desde 2021 <b>ha habido m\u00e1s salidas que entradas de venezolanos al pa\u00eds.<\/b> En 2021, por ejemplo, entraron alrededor de 40.000 venezolanos y salieron m\u00e1s de 70.000.<\/p>\n<\/div>\n<div dir=\"ltr\" class=\"bbc-1ka88fa ebmt73l0\">\n<figure class=\"bbc-1qdcvv9 e1aczekt0\">\n<div dir=\"ltr\" class=\"bbc-172p16q ebmt73l0\">\n<div dir=\"ltr\" class=\"bbc-189y18v ebmt73l0\" readability=\"6.5\">\n<div data-e2e=\"image-placeholder\" class=\"bbc-997y1y eihqrxw0\" readability=\"8\"><noscript><img loading=\"lazy\" sizes=\"(min-width: 1008px) 645px, 100vw\" srcset=\"http:\/\/cordobadirecto.com\/wp-content\/uploads\/2023\/04\/lo-que-quiero-es-irme-a-venezuela-pero-no-me-dejan-el-drama-de-los-migrantes-varados-en-la-frontera-entre-chile-y-peru-27.jpg 240w, http:\/\/cordobadirecto.com\/wp-content\/uploads\/2023\/04\/lo-que-quiero-es-irme-a-venezuela-pero-no-me-dejan-el-drama-de-los-migrantes-varados-en-la-frontera-entre-chile-y-peru-28.jpg 320w, http:\/\/cordobadirecto.com\/wp-content\/uploads\/2023\/04\/lo-que-quiero-es-irme-a-venezuela-pero-no-me-dejan-el-drama-de-los-migrantes-varados-en-la-frontera-entre-chile-y-peru-29.jpg 480w, http:\/\/cordobadirecto.com\/wp-content\/uploads\/2023\/04\/lo-que-quiero-es-irme-a-venezuela-pero-no-me-dejan-el-drama-de-los-migrantes-varados-en-la-frontera-entre-chile-y-peru-30.jpg 624w, http:\/\/cordobadirecto.com\/wp-content\/uploads\/2023\/04\/lo-que-quiero-es-irme-a-venezuela-pero-no-me-dejan-el-drama-de-los-migrantes-varados-en-la-frontera-entre-chile-y-peru-31.jpg 800w\" src=\"http:\/\/cordobadirecto.com\/wp-content\/uploads\/2023\/04\/lo-que-quiero-es-irme-a-venezuela-pero-no-me-dejan-el-drama-de-los-migrantes-varados-en-la-frontera-entre-chile-y-peru-4.jpg\" alt=\"El gobierno de Boric ha puesto medidas migratorias y m\u00e1s control fronterizo en los \u00faltimos meses.\" width=\"976\" height=\"549\" class=\"e3vrtyk0 bbc-rb7xa0 e1mo64ex0\"><\/noscript><\/p>\n<p role=\"text\" class=\"bbc-1s1cxbv ewbcsnk0\"><span class=\"bbc-m04vo2\">Fuente de la imagen, <\/span><span lang=\"en-GB\">Getty Images<\/span><\/p>\n<\/div>\n<\/div>\n<div dir=\"ltr\" class=\"bbc-3edg7g ebmt73l0\" readability=\"6.5\"><figcaption dir=\"ltr\" class=\"bbc-rhuvwm e6i104o0\" readability=\"3\"><span class=\"bbc-m04vo2\">Pie de foto, <\/span><\/p>\n<p>El gobierno de Boric ha aplicado nuevas medidas migratorias y m\u00e1s control fronterizo en los \u00faltimos meses.<\/p>\n<\/figcaption><\/div>\n<\/div>\n<\/figure>\n<\/div>\n<div dir=\"ltr\" class=\"bbc-19j92fr ebmt73l0\" readability=\"8\">\n<p dir=\"ltr\" class=\"bbc-hhl7in e17g058b0\">Ignacio (nombre ficticio para resguardar su identidad) fue uno de los que fue a Chile y se regres\u00f3. <\/p>\n<\/div>\n<div dir=\"ltr\" class=\"bbc-19j92fr ebmt73l0\" readability=\"10\">\n<p dir=\"ltr\" class=\"bbc-hhl7in e17g058b0\"><b>Ignacio viaj\u00f3 en 2016 en busca de una vida mejor. &#8220;En Venezuela no pod\u00edamos comprar nada, no hab\u00eda nada&#8221;<\/b>, se lamenta en una llamada con BBC Mundo. <\/p>\n<\/div>\n<div dir=\"ltr\" class=\"bbc-19j92fr ebmt73l0\" readability=\"8\">\n<p dir=\"ltr\" class=\"bbc-hhl7in e17g058b0\"><b>Pero 6 a\u00f1os despu\u00e9s decidi\u00f3 regresar porque las condiciones econ\u00f3micas y su situaci\u00f3n personal cambi\u00f3.<\/b><\/p>\n<\/div>\n<div dir=\"ltr\" class=\"bbc-19j92fr ebmt73l0\" readability=\"13\">\n<p dir=\"ltr\" class=\"bbc-hhl7in e17g058b0\">&#8220;El arriendo nos subi\u00f3 un 200 %, el mercado laboral se da\u00f1\u00f3. Personalmente, tuvimos un hijo al que le diagnosticaron autismo y buscamos un colegio p\u00fablico, pero nunca obtuvimos cupo. Y es muy costoso un colegio privado&#8221;, cuenta. <\/p>\n<\/div>\n<div dir=\"ltr\" class=\"bbc-19j92fr ebmt73l0\" readability=\"13\">\n<p dir=\"ltr\" class=\"bbc-hhl7in e17g058b0\">Tambi\u00e9n siente que cambi\u00f3 el modo de ser de la gente. &#8220;Despu\u00e9s de las protestas de 2017, <b>la actitud de la gente cambi\u00f3. <\/b>Adem\u00e1s de aumentar las agresiones en la calle, todo el rato me se\u00f1alaban por ser extranjero, <b>me dec\u00edan que no pod\u00eda opinar, que me fuera del pa\u00eds<\/b>&#8220;. <\/p>\n<\/div>\n<div dir=\"ltr\" class=\"bbc-19j92fr ebmt73l0\" readability=\"9\">\n<p dir=\"ltr\" class=\"bbc-hhl7in e17g058b0\">Ignacio <b>pudo salir en avi\u00f3n gracias al apoyo econ\u00f3mico de su familia <\/b>y a que en 2016 los tr\u00e1mites migratorios eran m\u00e1s sencillos y obtuvo su permiso de residencia y trabajo a los pocos meses de llegar. Pero <b>muchos no tienen la capacidad econ\u00f3mica ni los documentos para salir. <\/b><\/p>\n<\/div>\n<p><h2 id=\"M\u00e1s-control-m\u00e1s-miedo-\" tabindex=\"-1\" class=\"bbc-1f03ibc eglt09e0\">M\u00e1s control, m\u00e1s miedo <\/h2>\n<\/p>\n<div dir=\"ltr\" class=\"bbc-19j92fr ebmt73l0\" readability=\"11\">\n<p dir=\"ltr\" class=\"bbc-hhl7in e17g058b0\">Con la llegada de m\u00e1s migrantes a Chile en lo \u00faltimos a\u00f1os, el gobiermo de<b> Boric ha<\/b><b> im<\/b><b>puesto <\/b><b>estrictas medidas de control,<\/b> incluida la militarizaci\u00f3n de la frontera norte del pa\u00eds desde febrero de este a\u00f1o. <\/p>\n<\/div>\n<div dir=\"ltr\" class=\"bbc-19j92fr ebmt73l0\" readability=\"10\">\n<p dir=\"ltr\" class=\"bbc-hhl7in e17g058b0\">Boric explic\u00f3 que estas medidas apuntan a &#8220;<b>combatir de frente a las organizaciones criminales que aprovechan estos flujos<\/b> y necesidades de la gente para cometer delitos como<b> trata de personas, tr\u00e1fico de drogas y tr\u00e1fico de armas<\/b>&#8220;.<\/p>\n<\/div>\n<div dir=\"ltr\" class=\"bbc-19j92fr ebmt73l0\" readability=\"11\">\n<p dir=\"ltr\" class=\"bbc-hhl7in e17g058b0\">Por su parte, la ministra del Interior, Carolina Toh\u00e1, asegur\u00f3 que &#8220;Chile lleva largo tiempo sin hacer lo que debe hacer para tener un buen control&#8221;.<\/p>\n<\/div>\n<div dir=\"ltr\" class=\"bbc-19j92fr ebmt73l0\" readability=\"14\">\n<p dir=\"ltr\" class=\"bbc-hhl7in e17g058b0\">&#8220;No solo faltaban militares, sino muchas cosas. Faltaba personal, tecnolog\u00eda, instalaciones, facultades legales y faltaba presupuesto&#8221;, dijo Toh\u00e1 al anunciarse la militarizaci\u00f3n de la frontera norte chilena.<\/p>\n<\/div>\n<div dir=\"ltr\" class=\"bbc-19j92fr ebmt73l0\" readability=\"13\">\n<p dir=\"ltr\" class=\"bbc-hhl7in e17g058b0\">Adem\u00e1s, desde mediados de abril, las fiscal\u00edas de todo Chile tienen la orden de solicitar prisi\u00f3n preventiva para todos los extranjeros que sean detenidos por cometer un delito, sin importar la gravedad de \u00e9ste, cuya identidad no pueda ser acreditada.<\/p>\n<\/div>\n<div dir=\"ltr\" class=\"bbc-19j92fr ebmt73l0\" readability=\"12\">\n<p dir=\"ltr\" class=\"bbc-hhl7in e17g058b0\">Lo anunci\u00f3 el fiscal nacional, \u00c1ngel Valencia,<b> tras la muerte del <\/b><b>un t<\/b><b>ercer polic\u00eda en servicio en menos de un mes<\/b>. Dijo que la prisi\u00f3n preventiva se mantendr\u00e1 cuando &#8220;la identidad (del detenido) no haya podido ser establecida por medios nacionales de manera fehaciente y <b>hasta que<\/b><b> se pueda establecer <\/b><b>su identidad<\/b>&#8220;. <\/p>\n<\/div>\n<div dir=\"ltr\" class=\"bbc-1ka88fa ebmt73l0\">\n<figure class=\"bbc-1qdcvv9 e1aczekt0\">\n<div dir=\"ltr\" class=\"bbc-172p16q ebmt73l0\">\n<div dir=\"ltr\" class=\"bbc-189y18v ebmt73l0\" readability=\"6.5\">\n<div data-e2e=\"image-placeholder\" class=\"bbc-997y1y eihqrxw0\" readability=\"8\"><noscript><img loading=\"lazy\" sizes=\"(min-width: 1008px) 645px, 100vw\" srcset=\"http:\/\/cordobadirecto.com\/wp-content\/uploads\/2023\/04\/lo-que-quiero-es-irme-a-venezuela-pero-no-me-dejan-el-drama-de-los-migrantes-varados-en-la-frontera-entre-chile-y-peru-32.jpg 240w, http:\/\/cordobadirecto.com\/wp-content\/uploads\/2023\/04\/lo-que-quiero-es-irme-a-venezuela-pero-no-me-dejan-el-drama-de-los-migrantes-varados-en-la-frontera-entre-chile-y-peru-33.jpg 320w, http:\/\/cordobadirecto.com\/wp-content\/uploads\/2023\/04\/lo-que-quiero-es-irme-a-venezuela-pero-no-me-dejan-el-drama-de-los-migrantes-varados-en-la-frontera-entre-chile-y-peru-34.jpg 480w, http:\/\/cordobadirecto.com\/wp-content\/uploads\/2023\/04\/lo-que-quiero-es-irme-a-venezuela-pero-no-me-dejan-el-drama-de-los-migrantes-varados-en-la-frontera-entre-chile-y-peru-35.jpg 624w, http:\/\/cordobadirecto.com\/wp-content\/uploads\/2023\/04\/lo-que-quiero-es-irme-a-venezuela-pero-no-me-dejan-el-drama-de-los-migrantes-varados-en-la-frontera-entre-chile-y-peru-36.jpg 800w\" src=\"http:\/\/cordobadirecto.com\/wp-content\/uploads\/2023\/04\/lo-que-quiero-es-irme-a-venezuela-pero-no-me-dejan-el-drama-de-los-migrantes-varados-en-la-frontera-entre-chile-y-peru-5.jpg\" alt=\"Boric visit\u00f3 el mi\u00e9rcoles la frontera norte de Chile.\" width=\"976\" height=\"549\" class=\"e3vrtyk0 bbc-rb7xa0 e1mo64ex0\"><\/noscript><\/p>\n<p role=\"text\" class=\"bbc-1s1cxbv ewbcsnk0\"><span class=\"bbc-m04vo2\">Fuente de la imagen, <\/span><span lang=\"en-GB\">Reuters<\/span><\/p>\n<\/div>\n<\/div>\n<div dir=\"ltr\" class=\"bbc-3edg7g ebmt73l0\" readability=\"6\"><figcaption dir=\"ltr\" class=\"bbc-rhuvwm e6i104o0\" readability=\"2\"><span class=\"bbc-m04vo2\">Pie de foto, <\/span><\/p>\n<p>Boric visit\u00f3 el mi\u00e9rcoles la frontera norte de Chile.<\/p>\n<\/figcaption><\/div>\n<\/div>\n<\/figure>\n<\/div>\n<div dir=\"ltr\" class=\"bbc-19j92fr ebmt73l0\" readability=\"8\">\n<p dir=\"ltr\" class=\"bbc-hhl7in e17g058b0\">Lo anterior se suma a una serie de<b> leyes aprobadas por el <\/b><b>P<\/b><b>arlamento que hacen m\u00e1s expeditas las expulsiones <\/b>administrativas de los migrantes. <\/p>\n<\/div>\n<div dir=\"ltr\" class=\"bbc-19j92fr ebmt73l0\" readability=\"11\">\n<p dir=\"ltr\" class=\"bbc-hhl7in e17g058b0\">Para Patricia Rojas, presidenta de la Asociaci\u00f3n de Venezolanos en Chile, estas medidas son un &#8220;retroceso en los derechos de las personas migrantes&#8221; y tienen una &#8220;intenci\u00f3n de persecuci\u00f3n a quienes no tienen documentos chilenos&#8221;. <\/p>\n<\/div>\n<div dir=\"ltr\" class=\"bbc-19j92fr ebmt73l0\" readability=\"10\">\n<p dir=\"ltr\" class=\"bbc-hhl7in e17g058b0\">&#8220;La narrativa instalada en Chile estigmatiza y criminaliza a los extranjeros, les echa la culpa de problemas estructurales como la seguridad&#8221;, le explica Rojas a BBC Mundo. <\/p>\n<\/div>\n<div dir=\"ltr\" class=\"bbc-19j92fr ebmt73l0\" readability=\"11\">\n<p dir=\"ltr\" class=\"bbc-hhl7in e17g058b0\">La migraci\u00f3n est\u00e1 siendo un fuerte desaf\u00edo para la naci\u00f3n sudamericana. Se han tomado medidas contrarerloj para adecuar las pol\u00edticas de integraci\u00f3n pero, tambi\u00e9n, los tr\u00e1mites para postular a una visa son cada vez m\u00e1s dif\u00edciles. <\/p>\n<\/div>\n<div dir=\"ltr\" class=\"bbc-19j92fr ebmt73l0\" readability=\"9\">\n<p dir=\"ltr\" class=\"bbc-hhl7in e17g058b0\">Esto, en parte, <b>ha hecho que haya entradas y salidas por lo que llaman &#8220;caminos no habilitados&#8221;. <\/b><\/p>\n<\/div>\n<div dir=\"ltr\" class=\"bbc-19j92fr ebmt73l0\" readability=\"10\">\n<p dir=\"ltr\" class=\"bbc-hhl7in e17g058b0\">&#8220;Rechazan los permisos, los tr\u00e1mites son muy largos y ni siquiera le est\u00e1n dando curso a las solicitudes de refugio&#8221;, apunta Feddersen. <\/p>\n<\/div>\n<div dir=\"ltr\" class=\"bbc-19j92fr ebmt73l0\" readability=\"9\">\n<p dir=\"ltr\" class=\"bbc-hhl7in e17g058b0\">&#8220;Por eso, muchos optan por entrar de manera clandestina. El problema es que tampoco pueden regularizar su situaci\u00f3n y es muy complejo&#8221;.<\/p>\n<\/div>\n<div dir=\"ltr\" class=\"bbc-19j92fr ebmt73l0\" readability=\"11\">\n<p dir=\"ltr\" class=\"bbc-hhl7in e17g058b0\">Y ahora, con la nueva ley de prisi\u00f3n preventiva, el escenario es a\u00fan m\u00e1s complejo. <b>&#8220;<\/b><b>Ti<\/b><b>enen temor a ser detenidos y privados de libertad&#8221;<\/b>, diceFedders en. <\/p>\n<\/div>\n<div dir=\"ltr\" class=\"bbc-19j92fr ebmt73l0\" readability=\"10\">\n<p dir=\"ltr\" class=\"bbc-hhl7in e17g058b0\">El no tener los papeles al d\u00eda genera una <b>serie de adversidades para estas personas,<\/b> como el no poder acceder a trabajos o a arriendos formales, lo que abre un abanico de abusos. <\/p>\n<\/div>\n<div dir=\"ltr\" class=\"bbc-1ka88fa ebmt73l0\">\n<figure class=\"bbc-1qdcvv9 e1aczekt0\">\n<div dir=\"ltr\" class=\"bbc-172p16q ebmt73l0\">\n<div dir=\"ltr\" class=\"bbc-189y18v ebmt73l0\" readability=\"6.5\">\n<div data-e2e=\"image-placeholder\" class=\"bbc-997y1y eihqrxw0\" readability=\"8\"><noscript><img loading=\"lazy\" sizes=\"(min-width: 1008px) 645px, 100vw\" srcset=\"http:\/\/cordobadirecto.com\/wp-content\/uploads\/2023\/04\/lo-que-quiero-es-irme-a-venezuela-pero-no-me-dejan-el-drama-de-los-migrantes-varados-en-la-frontera-entre-chile-y-peru.png 240w, http:\/\/cordobadirecto.com\/wp-content\/uploads\/2023\/04\/lo-que-quiero-es-irme-a-venezuela-pero-no-me-dejan-el-drama-de-los-migrantes-varados-en-la-frontera-entre-chile-y-peru-37.jpg 320w, http:\/\/cordobadirecto.com\/wp-content\/uploads\/2023\/04\/lo-que-quiero-es-irme-a-venezuela-pero-no-me-dejan-el-drama-de-los-migrantes-varados-en-la-frontera-entre-chile-y-peru-38.jpg 480w, http:\/\/cordobadirecto.com\/wp-content\/uploads\/2023\/04\/lo-que-quiero-es-irme-a-venezuela-pero-no-me-dejan-el-drama-de-los-migrantes-varados-en-la-frontera-entre-chile-y-peru-39.jpg 624w, http:\/\/cordobadirecto.com\/wp-content\/uploads\/2023\/04\/lo-que-quiero-es-irme-a-venezuela-pero-no-me-dejan-el-drama-de-los-migrantes-varados-en-la-frontera-entre-chile-y-peru-6.jpg 640w\" src=\"http:\/\/cordobadirecto.com\/wp-content\/uploads\/2023\/04\/lo-que-quiero-es-irme-a-venezuela-pero-no-me-dejan-el-drama-de-los-migrantes-varados-en-la-frontera-entre-chile-y-peru-6.jpg\" alt=\"Presentational grey line\" width=\"640\" height=\"2\" class=\"e3vrtyk0 bbc-rb7xa0 e1mo64ex0\"><\/noscript><\/p>\n<p role=\"text\" class=\"bbc-1s1cxbv ewbcsnk0\"><span class=\"bbc-m04vo2\">Fuente de la imagen, <\/span><span lang=\"en-GB\">Getty Images<\/span><\/p>\n<\/div>\n<\/div>\n<\/div>\n<\/figure>\n<\/div>\n<div dir=\"ltr\" class=\"bbc-19j92fr ebmt73l0\" readability=\"8\">\n<p dir=\"ltr\" class=\"bbc-hhl7in e17g058b0\"><i class=\"bbc-h1y5j7 eih42320\">Recuerda que<\/i><i class=\"bbc-h1y5j7 eih42320\"> puedes recibir notificaciones de BBC Mundo. Descarga la nueva versi\u00f3n de nuestra app y act\u00edvalas para no perderte nuestro mejor contenido.<\/i><\/p>\n<\/div>\n","protected":false},"excerpt":{"rendered":"<p>Fernanda Pa\u00fal y Alicia Hern\u00e1ndez BBC News Mundo 8 horas Fuente de la imagen, Getty Images Pie de foto, En la conocida como L\u00ednea de la Concordia, entre Chile y Per\u00fa, los migrantes est\u00e1n varados. &#8220;D\u00e9jenos cruzar. D\u00e9jennos cruzar a Venezuela, por favor. Tengo a 3 ni\u00f1os conmigo&#8221;. El reclamo de esta venezolana se repite [&hellip;]<\/p>\n","protected":false},"author":1,"featured_media":112473,"comment_status":"closed","ping_status":"closed","sticky":false,"template":"","format":"standard","meta":[],"categories":[24],"tags":[],"_links":{"self":[{"href":"http:\/\/cordobadirecto.com\/index.php\/wp-json\/wp\/v2\/posts\/112472"}],"collection":[{"href":"http:\/\/cordobadirecto.com\/index.php\/wp-json\/wp\/v2\/posts"}],"about":[{"href":"http:\/\/cordobadirecto.com\/index.php\/wp-json\/wp\/v2\/types\/post"}],"author":[{"embeddable":true,"href":"http:\/\/cordobadirecto.com\/index.php\/wp-json\/wp\/v2\/users\/1"}],"replies":[{"embeddable":true,"href":"http:\/\/cordobadirecto.com\/index.php\/wp-json\/wp\/v2\/comments?post=112472"}],"version-history":[{"count":0,"href":"http:\/\/cordobadirecto.com\/index.php\/wp-json\/wp\/v2\/posts\/112472\/revisions"}],"wp:featuredmedia":[{"embeddable":true,"href":"http:\/\/cordobadirecto.com\/index.php\/wp-json\/wp\/v2\/media\/112473"}],"wp:attachment":[{"href":"http:\/\/cordobadirecto.com\/index.php\/wp-json\/wp\/v2\/media?parent=112472"}],"wp:term":[{"taxonomy":"category","embeddable":true,"href":"http:\/\/cordobadirecto.com\/index.php\/wp-json\/wp\/v2\/categories?post=112472"},{"taxonomy":"post_tag","embeddable":true,"href":"http:\/\/cordobadirecto.com\/index.php\/wp-json\/wp\/v2\/tags?post=112472"}],"curies":[{"name":"wp","href":"https:\/\/api.w.org\/{rel}","templated":true}]}}