{"id":112559,"date":"2023-04-28T21:57:11","date_gmt":"2023-04-28T21:57:11","guid":{"rendered":"https:\/\/www.ole.com.ar\/autos\/agustin-canapino-indy-car-practica_0_T0WhcwHmwQ.html"},"modified":"2023-04-28T21:57:11","modified_gmt":"2023-04-28T21:57:11","slug":"indycar-canapino-tuvo-su-primera-experiencia-en-barber","status":"publish","type":"post","link":"http:\/\/cordobadirecto.com\/index.php\/2023\/04\/28\/indycar-canapino-tuvo-su-primera-experiencia-en-barber\/","title":{"rendered":"IndyCar: Canapino tuvo su primera experiencia en Barber"},"content":{"rendered":"<p><time class=\"createDate\" datetime=\"2023-04-28T18:57:11-03:00\">28\/04\/2023 18:57hs.<\/time><time class=\"modificatedDate\" datetime=\"2023\/04\/28T18:57:11-03:00\"><\/time><\/p>\n<div id=\"storyBody\">\n<div class=\"custom-text \" readability=\"35.086666666667\">\n<p><a href=\"https:\/\/www.ole.com.ar\/tema\/agustin-canapino.html\" title=\"Agust\u00edn Canapino\" alt=\"Agust\u00edn Canapino\" class=\"slug\">Agustin Canapino<\/a> reci\u00e9n comienza con su adaptaci\u00f3n a la<a href=\"https:\/\/www.ole.com.ar\/tema\/indycar.html\" title=\"Indycar\" alt=\"Indycar\" class=\"slug\"> IndyCar<\/a>, y la carrera de este fin de semana ser\u00e1 apenas la cuarta en todo lo que va del a\u00f1o. <strong>El piloto de Arrecifes no tuvo el mejor inicio de fin de semana,<\/strong> despu\u00e9s de lo sucedido en el anterior con su compa\u00f1ero de equipo, Callum Illiot.<\/p>\n<\/div>\n<div class=\"sc-a7166897-0 gOoLzD\" readability=\"7\">\n<section readability=\"4\"><picture><img alt=\"Con un Laprovittola a pura asistencia, Barcelona puso un pie en las semis de la Euroliga\" src=\"http:\/\/cordobadirecto.com\/wp-content\/uploads\/2023\/04\/indycar-canapino-tuvo-su-primera-experiencia-en-barber.jpg\" width=\"29\" height=\"29\" decoding=\"async\" data-nimg=\"future\" loading=\"lazy\"><\/picture>\n<p><span>Mir\u00e1 tambi\u00e9n<\/span><\/p>\n<hr>\n<h3>Con un Laprovittola a pura asistencia, Barcelona puso un pie en las semis de la Euroliga<\/h3>\n<\/p>\n<\/section>\n<\/div>\n<div class=\"custom-text \" readability=\"34\">\n<p><strong>El Tit\u00e1n termin\u00f3 24\u00ba a 1s252 <\/strong>del primero que fue Scott Mclaughin, con un tiempo de 1m06s66. El compa\u00f1ero de su equipo en el Juncos Hollinger Racing finaliz\u00f3 14 en el circuito de Barber.<\/p>\n<\/div>\n<div class=\"sc-996041c8-0 dnrmTT\"><img alt=\"Canapino no tuvo un buen tiempo.\" src=\"http:\/\/cordobadirecto.com\/wp-content\/uploads\/2023\/04\/indycar-canapino-tuvo-su-primera-experiencia-en-barber-1.jpg\" width=\"72\" height=\"10\" decoding=\"async\" data-nimg=\"future\" loading=\"lazy\"><span>Canapino no tuvo un buen tiempo.<\/span><\/div>\n<p><h2>Sigue la fecha<\/h2>\n<\/p>\n<div class=\"custom-text \" readability=\"35\">\n<p>La jornada contin\u00faa este s\u00e1bado con la segunda pr\u00e1ctica a las 13. Despu\u00e9s, ya viene la clasificaci\u00f3n desde las 16 para definir las posiciones de salida. El domingo estar\u00e1 el warm up desde las 13 y <strong>a las 16 se larga la carrera<\/strong>. Todo se podr\u00e1 ver a trav\u00e9s de Star +.<\/p>\n<\/div>\n<div class=\"sc-996041c8-0 dnrmTT\"><img alt=\"Callum Ilot, su compa\u00f1ero de equipo.\" src=\"http:\/\/cordobadirecto.com\/wp-content\/uploads\/2023\/04\/indycar-canapino-tuvo-su-primera-experiencia-en-barber-2.jpg\" width=\"72\" height=\"10\" decoding=\"async\" data-nimg=\"future\" loading=\"lazy\"><span>Callum Ilot, su compa\u00f1ero de equipo.<\/span><\/div>\n<div class=\"custom-text \" readability=\"35\">\n<p>Imposible que este fin de semana sea peor que el anterior: ya que <strong>el excorredor del TC llega tras una tercera fecha en la que debi\u00f3 abandonar luego de un incidente con Ilot<\/strong>, su compa\u00f1ero de equipo que por eso recibi\u00f3 una catarata de insultos que hasta gener\u00f3 un comunicado oficial de la IndyCar.<\/p>\n<\/div>\n<div class=\"custom-text \" readability=\"35\">\n<p>Canapino <strong>llega a Alabama tras dos 12os puestos y un abandono,<\/strong> lo cual lo ubica en la posici\u00f3n 18\u00b0 del campeonato (de 35), segundo entre los cinco rookies.<\/p>\n<\/div>\n<div class=\"sc-a7166897-0 gOoLzD\" readability=\"6.5\">\n<section readability=\"3\"><picture><img alt=\"M\u00e1xima expectativa para el TC: horarios y TV de una carrera especial por los 170 a\u00f1os de la Constituci\u00f3n Nacional\" src=\"http:\/\/cordobadirecto.com\/wp-content\/uploads\/2023\/04\/indycar-canapino-tuvo-su-primera-experiencia-en-barber-3.jpg\" width=\"29\" height=\"29\" decoding=\"async\" data-nimg=\"future\" loading=\"lazy\"><\/picture>\n<p><span>Mir\u00e1 tambi\u00e9n<\/span><\/p>\n<hr>\n<h3>M\u00e1xima expectativa para el TC: horarios y TV de una carrera especial por los 170 a\u00f1os de la Constituci\u00f3n Nacional<\/h3>\n<\/p>\n<\/section>\n<\/div>\n<\/div>\n","protected":false},"excerpt":{"rendered":"<p>28\/04\/2023 18:57hs. Agustin Canapino reci\u00e9n comienza con su adaptaci\u00f3n a la IndyCar, y la carrera de este fin de semana ser\u00e1 apenas la cuarta en todo lo que va del a\u00f1o. El piloto de Arrecifes no tuvo el mejor inicio de fin de semana, despu\u00e9s de lo sucedido en el anterior con su compa\u00f1ero de [&hellip;]<\/p>\n","protected":false},"author":1,"featured_media":112560,"comment_status":"closed","ping_status":"closed","sticky":false,"template":"","format":"standard","meta":[],"categories":[21],"tags":[],"_links":{"self":[{"href":"http:\/\/cordobadirecto.com\/index.php\/wp-json\/wp\/v2\/posts\/112559"}],"collection":[{"href":"http:\/\/cordobadirecto.com\/index.php\/wp-json\/wp\/v2\/posts"}],"about":[{"href":"http:\/\/cordobadirecto.com\/index.php\/wp-json\/wp\/v2\/types\/post"}],"author":[{"embeddable":true,"href":"http:\/\/cordobadirecto.com\/index.php\/wp-json\/wp\/v2\/users\/1"}],"replies":[{"embeddable":true,"href":"http:\/\/cordobadirecto.com\/index.php\/wp-json\/wp\/v2\/comments?post=112559"}],"version-history":[{"count":0,"href":"http:\/\/cordobadirecto.com\/index.php\/wp-json\/wp\/v2\/posts\/112559\/revisions"}],"wp:featuredmedia":[{"embeddable":true,"href":"http:\/\/cordobadirecto.com\/index.php\/wp-json\/wp\/v2\/media\/112560"}],"wp:attachment":[{"href":"http:\/\/cordobadirecto.com\/index.php\/wp-json\/wp\/v2\/media?parent=112559"}],"wp:term":[{"taxonomy":"category","embeddable":true,"href":"http:\/\/cordobadirecto.com\/index.php\/wp-json\/wp\/v2\/categories?post=112559"},{"taxonomy":"post_tag","embeddable":true,"href":"http:\/\/cordobadirecto.com\/index.php\/wp-json\/wp\/v2\/tags?post=112559"}],"curies":[{"name":"wp","href":"https:\/\/api.w.org\/{rel}","templated":true}]}}