{"id":112561,"date":"2023-04-28T20:54:42","date_gmt":"2023-04-28T20:54:42","guid":{"rendered":"https:\/\/www.ole.com.ar\/autos\/tc-concepcion-del-uruguay-automovilismo-hora-tv_0_29I1Fqx7sA.html"},"modified":"2023-04-28T20:54:42","modified_gmt":"2023-04-28T20:54:42","slug":"maxima-expectativa-para-el-tc-horarios-y-tv-de-una-carrera-especial-por-los-170-anos-de-la-constitucion-nacional","status":"publish","type":"post","link":"http:\/\/cordobadirecto.com\/index.php\/2023\/04\/28\/maxima-expectativa-para-el-tc-horarios-y-tv-de-una-carrera-especial-por-los-170-anos-de-la-constitucion-nacional\/","title":{"rendered":"M\u00e1xima expectativa para el TC: horarios y TV de una carrera especial por los 170 a\u00f1os de la Constituci\u00f3n Nacional"},"content":{"rendered":"<p><time class=\"createDate\" datetime=\"2023-04-28T17:54:42-03:00\">28\/04\/2023 17:54hs.<\/time><time class=\"modificatedDate\" datetime=\"2023\/04\/28T17:54:42-03:00\"><\/time><\/p>\n<div id=\"storyBody\">\n<div class=\"custom-text \" readability=\"40\">\n<p>La expectativa por vivir la quinta fecha del campeonato del <strong>Turismo Carretera<\/strong>, la categor\u00eda reina del automovilismo nacional, es total. Es que a un d\u00eda del inicio de la actividad, <strong>Concepci\u00f3n del Uruguay ya est\u00e1 viviendo toda la previa con un marco de gente que cop\u00f3 la ciudad<\/strong>: no ser\u00e1 una carrera m\u00e1s, sino una que caer\u00e1 justo en el 170 aniversario de la sanci\u00f3n de la Constituci\u00f3n Nacional, raz\u00f3n por la cual a los pilotos que lleguen al podio se les entregar\u00e1 un reconocimiento en forma de libro que contendr\u00e1 su pre\u00e1mbulo.<\/p>\n<\/div>\n<div class=\"sc-e6588e40-0 edrUiu\">\n<div class=\"sc-e6588e40-1 eWxHOh videoText\" id=\"contentTitleundefined4IaB01Td\" readability=\"56\"><svg fill=\"#ffffff\"><symbol id=\"play\" viewBox=\"0 0 512 512\"><path d=\"M512 256C512 397.4 397.4 512 256 512C114.6 512 0 397.4 0 256C0 114.6 114.6 0 256 0C397.4 0 512 114.6 512 256zM176 168V344C176 352.7 180.7 360.7 188.3 364.9C195.8 369.2 205.1 369 212.5 364.5L356.5 276.5C363.6 272.1 368 264.4 368 256C368 247.6 363.6 239.9 356.5 235.5L212.5 147.5C205.1 142.1 195.8 142.8 188.3 147.1C180.7 151.3 176 159.3 176 168V168z\" \/><\/symbol><use xlink:href=\"#play\" \/><\/svg><\/p>\n<div class=\"right\" readability=\"7\">\n<p>Turismo Carretera<!-- --> &#8211;<!-- --> <span>28-4-2023<\/span><\/p>\n<h2 class=\"title-vid\">La pasi\u00f3n por el TC lleg\u00f3 a Concepci\u00f3n del Uruguay<\/h2>\n<\/div>\n<\/div>\n<p><span class=\"back\" id=\"spanBackundefined4IaB01Td\"><\/span><\/div>\n<div class=\"custom-text \" readability=\"42\">\n<p>En un lugar hist\u00f3rico, los pilotos no quieren ceder terreno en la lucha por sumar puntos importantes para la Copa de Oro, que se celebra cada a\u00f1o entre la 10\u00aa y la 15\u00aa jornada del certamen. Y, en ese sentido, muchos de ellos buscar\u00e1n conseguir su primer triunfo del a\u00f1o, despu\u00e9s de las victorias de Mariano Werner en Viedma, de Juan Catal\u00e1n Magni en Neuqu\u00e9n, de Diego Ciantini en Toay y de Juli\u00e1n Santero en El Calafate hace apenas dos semanas.<\/p>\n<\/div>\n<div class=\"sc-a7166897-0 gOoLzD\" readability=\"6\">\n<section readability=\"2\"><picture><img alt=\"De enemigos a amigos: Hamilton y Alonso se elogiaron en la previa de Azerbaiy\u00e1n\" src=\"http:\/\/cordobadirecto.com\/wp-content\/uploads\/2023\/04\/maxima-expectativa-para-el-tc-horarios-y-tv-de-una-carrera-especial-por-los-170-anos-de-la-constitucion-nacional.jpg\" width=\"29\" height=\"29\" decoding=\"async\" data-nimg=\"future\" loading=\"lazy\"><\/picture>\n<p><span>Mir\u00e1 tambi\u00e9n<\/span><\/p>\n<hr>\n<h3>De enemigos a amigos: Hamilton y Alonso se elogiaron en la previa de Azerbaiy\u00e1n<\/h3>\n<\/p>\n<\/section>\n<\/div>\n<p><h2><strong>Horarios de este fin de semana del TC<\/strong><\/h2>\n<\/p>\n<div class=\"custom-text \" readability=\"38\">\n<p>Desde las 11.10 de este s\u00e1bado, los pilotos comenzar\u00e1n con su rutina en la pista con el primer entrenamiento libre de la jornada. Dos horas m\u00e1s tarde, volver\u00e1n a salir a probar modificaciones antes de <strong>la clasificaci\u00f3n pactada para las 16.05<\/strong>, que se dividir\u00e1 como siempre en diferentes tandas para que todos tengan su espacio para girar y marcar su mejor tiempo.<\/p>\n<\/div>\n<div class=\"custom-text \" readability=\"41\">\n<p>Luego, el domingo llegar\u00e1 la mejor parte del fin de semana: primero se abrir\u00e1 el d\u00eda con las series (la primera ser\u00e1 a las 9.30, la segunda, a las 10, y la tercera, a las 10.30) para llegar al momento cumbre:<strong> la gran final, que se iniciar\u00e1 a las 13.20 (TV P\u00fablica) y que durar\u00e1 25 vueltas o 50 minutos.<\/strong><\/p>\n<\/div>\n<div class=\"sc-996041c8-0 dnrmTT\"><img alt=\"Mariano Werner va por su segunda victoria en el a\u00f1o. \" src=\"http:\/\/cordobadirecto.com\/wp-content\/uploads\/2023\/04\/maxima-expectativa-para-el-tc-horarios-y-tv-de-una-carrera-especial-por-los-170-anos-de-la-constitucion-nacional-1.jpg\" width=\"72\" height=\"10\" decoding=\"async\" data-nimg=\"future\" loading=\"lazy\"><span>Mariano Werner va por su segunda victoria en el a\u00f1o. <\/span><\/div>\n<p><h2><strong>La segunda carrera sustentable<\/strong><\/h2>\n<\/p>\n<div class=\"custom-text \" readability=\"38\">\n<p>La ACTC realizar\u00e1 junto a R\u00edo Uruguay Seguros y Sux Solar una camapa\u00f1a, con el fin de mitigar la huella de carbono en el automovilismo. Su idea es continuar con la iniciativa iniciada el a\u00f1o pasada a trav\u00e9s de la gesti\u00f3n de manera correcta de los residuos peligrosos s\u00f3lidos (papeles y trapos sucios con aceite y nafta) y los peligrosos l\u00edquidos (aceites usados y mezclas de agua con nafta), reciclando pl\u00e1sticos limpios y secos, implementando la utilizaci\u00f3n de eco-vasos reutilizables y plantando m\u00e1s \u00e1rboles.<\/p>\n<\/div>\n<div class=\"sc-996041c8-0 dnrmTT\"><img alt=\"Juli\u00e1n Santero viene de ganar en El Calafate. (Telam)\" src=\"http:\/\/cordobadirecto.com\/wp-content\/uploads\/2023\/04\/maxima-expectativa-para-el-tc-horarios-y-tv-de-una-carrera-especial-por-los-170-anos-de-la-constitucion-nacional-2.jpg\" width=\"72\" height=\"10\" decoding=\"async\" data-nimg=\"future\" loading=\"lazy\"><span>Juli\u00e1n Santero viene de ganar en El Calafate. (Telam)<\/span><\/div>\n<p><h2><strong>C\u00f3mo est\u00e1 el campeonato<\/strong><\/h2>\n<\/p>\n<div class=\"custom-text \" readability=\"35\">\n<p><strong>Mariano Werner lidera el torneo con 140 puntos<\/strong>, seguido de cerca por Juli\u00e1n Santero con 125,5 y por el uruguayo Mauricio Lambiris con 116. Todos ellos son pilotos de la marca Ford.<\/p>\n<\/div>\n<div class=\"sc-a7166897-0 gOoLzD\" readability=\"6.5\">\n<section readability=\"3\"><picture><img alt=\"F1: con dos choques como protagonistas, Leclerc le gan\u00f3 el duelo a los Red Bull\" src=\"http:\/\/cordobadirecto.com\/wp-content\/uploads\/2023\/04\/maxima-expectativa-para-el-tc-horarios-y-tv-de-una-carrera-especial-por-los-170-anos-de-la-constitucion-nacional-3.jpg\" width=\"29\" height=\"29\" decoding=\"async\" data-nimg=\"future\" loading=\"lazy\"><\/picture>\n<p><span>Mir\u00e1 tambi\u00e9n<\/span><\/p>\n<hr>\n<h3>F1: con dos choques como protagonistas, Leclerc le gan\u00f3 el duelo a los Red Bull<\/h3>\n<\/p>\n<\/section>\n<\/div>\n<\/div>\n","protected":false},"excerpt":{"rendered":"<p>28\/04\/2023 17:54hs. La expectativa por vivir la quinta fecha del campeonato del Turismo Carretera, la categor\u00eda reina del automovilismo nacional, es total. Es que a un d\u00eda del inicio de la actividad, Concepci\u00f3n del Uruguay ya est\u00e1 viviendo toda la previa con un marco de gente que cop\u00f3 la ciudad: no ser\u00e1 una carrera m\u00e1s, [&hellip;]<\/p>\n","protected":false},"author":1,"featured_media":112562,"comment_status":"closed","ping_status":"closed","sticky":false,"template":"","format":"standard","meta":[],"categories":[21],"tags":[],"_links":{"self":[{"href":"http:\/\/cordobadirecto.com\/index.php\/wp-json\/wp\/v2\/posts\/112561"}],"collection":[{"href":"http:\/\/cordobadirecto.com\/index.php\/wp-json\/wp\/v2\/posts"}],"about":[{"href":"http:\/\/cordobadirecto.com\/index.php\/wp-json\/wp\/v2\/types\/post"}],"author":[{"embeddable":true,"href":"http:\/\/cordobadirecto.com\/index.php\/wp-json\/wp\/v2\/users\/1"}],"replies":[{"embeddable":true,"href":"http:\/\/cordobadirecto.com\/index.php\/wp-json\/wp\/v2\/comments?post=112561"}],"version-history":[{"count":0,"href":"http:\/\/cordobadirecto.com\/index.php\/wp-json\/wp\/v2\/posts\/112561\/revisions"}],"wp:featuredmedia":[{"embeddable":true,"href":"http:\/\/cordobadirecto.com\/index.php\/wp-json\/wp\/v2\/media\/112562"}],"wp:attachment":[{"href":"http:\/\/cordobadirecto.com\/index.php\/wp-json\/wp\/v2\/media?parent=112561"}],"wp:term":[{"taxonomy":"category","embeddable":true,"href":"http:\/\/cordobadirecto.com\/index.php\/wp-json\/wp\/v2\/categories?post=112561"},{"taxonomy":"post_tag","embeddable":true,"href":"http:\/\/cordobadirecto.com\/index.php\/wp-json\/wp\/v2\/tags?post=112561"}],"curies":[{"name":"wp","href":"https:\/\/api.w.org\/{rel}","templated":true}]}}