{"id":112577,"date":"2023-04-28T18:54:24","date_gmt":"2023-04-28T18:54:24","guid":{"rendered":"https:\/\/cordoba.gob.ar\/?p=43814"},"modified":"2023-04-28T18:54:24","modified_gmt":"2023-04-28T18:54:24","slug":"egresan-los-primeros-183-recuperadores-urbanos-de-alfabetizacion-y-oficios","status":"publish","type":"post","link":"http:\/\/cordobadirecto.com\/index.php\/2023\/04\/28\/egresan-los-primeros-183-recuperadores-urbanos-de-alfabetizacion-y-oficios\/","title":{"rendered":"Egresan los primeros 183 recuperadores urbanos de alfabetizaci\u00f3n y oficios"},"content":{"rendered":"<div><img src=\"http:\/\/cordobadirecto.com\/wp-content\/uploads\/2023\/04\/egresan-los-primeros-183-recuperadores-urbanos-de-alfabetizacion-y-oficios.jpg\" class=\"ff-og-image-inserted\"><\/div>\n<ul>\n<li><strong>La Municipalidad de C\u00f3rdoba entreg\u00f3 certificados a las personas que cursaron durante los \u00faltimos seis meses.<\/strong><\/li>\n<li><strong>Esto es posible gracias al convenio con la Universidad Nacional de C\u00f3rdoba y la Universidad Provincial de C\u00f3rdoba.<\/strong><\/li>\n<li><strong><strong><strong>M\u00e1s adelante se les entregar\u00e1n veh\u00edculos el\u00e9ctricos y, a quien lo requiera, tambi\u00e9n ecolentes.<\/strong><\/strong><\/strong><br \/>\n<hr>\n<\/li>\n<\/ul>\n<p>La Municipalidad de C\u00f3rdoba, a trav\u00e9s del Ente C\u00f3rdoba Obras y Servicios (COyS), entreg\u00f3 los primeros 183 diplomas a los recuperadores urbanos capacitados durante los \u00faltimos seis meses.<\/p>\n<p>El acto se realiz\u00f3 en el Pabell\u00f3n Argentina, ubicado en Ciudad Universitaria, con la presencia del viceintendente Daniel Passerini y dem\u00e1s autoridades municipales y universitarias.<\/p>\n<p><em>\u201cNuestro intendente siempre dice que gobernar es crear trabajo y hoy ustedes est\u00e1n abriendo un horizonte para mejorar y contar con nosotros. Cuenten siempre con nuestras universidades, con nuestra Municipalidad, con nuestro Gobierno de la Provincia, porque estamos convencidos de que este es el mejor camino, sino el \u00fanico, para encontrar el verdadero progreso\u201d<\/em>, destac\u00f3 Passerini.<\/p>\n<p><em>\u201cLas pol\u00edticas p\u00fablicas se pueden hacer de una manera m\u00e1s mec\u00e1nica o de una manera m\u00e1s sentida y nosotros entend\u00edamos que el pedido del intendente Mart\u00edn Llaryora era abrirnos de coraz\u00f3n a la pol\u00edtica p\u00fablica y ah\u00ed es donde lo fuimos a buscar\u201d<\/em>, se\u00f1al\u00f3 Victoria Flores, titular del COyS.<\/p>\n<p>Gracias a convenios firmados con la Universidad Nacional de C\u00f3rdoba (UNC) y la Universidad Provincial de C\u00f3rdoba (UPC), los recuperadores urbanos tuvieron la posibilidad de realizar cursos de oficios y de alfabetizaci\u00f3n.<\/p>\n<p>Estos primeros comprendieron diversas \u00e1reas tales como herrer\u00eda, carpinter\u00eda, auxiliar en instalaciones el\u00e9ctricas, pintura de obra, jardiner\u00eda y recuperaci\u00f3n urbana.<\/p>\n<p>Esto adem\u00e1s permiti\u00f3 que las personas dejaran de emplear caballos con fines utilitarios, eliminando la tracci\u00f3n a sangre gracias a que entregaron los equinos en su momento, de los cuales 37 ya fueron recuperados.<\/p>\n<p>Estos est\u00e1n bajo el cuidado de instituciones p\u00fablicas y organizaciones de la sociedad civil especializadas en protecci\u00f3n de animales.<\/p>\n<p>Por \u00faltimo, el pr\u00f3ximo paso ser\u00e1 la entrega de veh\u00edculos motorizados y herramientas para realizar su labor.<\/p>\n<p>Mediante el trabajo conjunto entre el COyS y la Secretar\u00eda de Desarrollo Metropolitano de la Municipalidad de C\u00f3rdoba se realizan capacitaciones para la obtenci\u00f3n de la licencia de conducir.<\/p>\n<p>Estas incluyen la realizaci\u00f3n de ex\u00e1menes te\u00f3rico y pr\u00e1ctico y chequeos m\u00e9dicos, para que pr\u00f3ximamente cada recuperador pueda acceder su veh\u00edculo el\u00e9ctrico.<\/p>\n<p>La utilizaci\u00f3n de veh\u00edculos el\u00e9ctricos implica adem\u00e1s una apuesta por la reducci\u00f3n de la huella de carbono, contribuyendo de esta forma al cuidado del ambiente.<\/p>\n<p><em>\u201cEs un motivo de orgullo poder concretar este proyecto que iniciamos con COYS hace unos meses, porque tiene que ver con una de las misiones que lleva adelante nuestra universidad; somos una instituci\u00f3n p\u00fablica que se debe a la comunidad, a las demandas que tiene toda la comunidad\u201d<\/em>, destac\u00f3 John Boretto, rector de la UNC.<\/p>\n<p><em>\u201cEsta oportunidad fue muy valiosa como universidad. Crean en ustedes, en su posibilidad de desarrollo, que van a encontrar siempre un espacio para poder crecer como personas y sus familias e hijos. No tengo ninguna duda de que todas las instituciones educativas, junto con el Gobierno Provincial y Municipal, lo vamos a realizar exitosamente\u201d<\/em>, remarc\u00f3 Jorge Jaimez, rector de la UPC.<\/p>\n<p><strong>M\u00e1s de 50 trabajadores acceder\u00e1n a los Ecolentes<\/strong><\/p>\n<p>Luego de realizar relevamientos m\u00e9dicos en el transcurso del dictado de estas capacitaciones, se pudo constatar la necesidad de acceso a Ecolentes de m\u00e1s de 50 recuperadores urbanos.<\/p>\n<p>Se trata de una iniciativa conjunta entre el COyS y la Secretar\u00eda de Salud de la Municipalidad de C\u00f3rdoba mediante la cual se fabrican y entregan lentes fabricados a partir de material reciclado, contribuyendo al fomento de la Econom\u00eda Circular.<\/p>\n<p>A partir de esta intervenci\u00f3n m\u00e1s de 50 beneficiarios acceder\u00e1n a sus Ecolentes en las pr\u00f3ximas semanas, mejorando su calidad de vida<\/p>\n","protected":false},"excerpt":{"rendered":"<p>La Municipalidad de C\u00f3rdoba entreg\u00f3 certificados a las personas que cursaron durante los \u00faltimos seis meses. Esto es posible gracias al convenio con la Universidad Nacional de C\u00f3rdoba y la Universidad Provincial de C\u00f3rdoba. M\u00e1s adelante se les entregar\u00e1n veh\u00edculos el\u00e9ctricos y, a quien lo requiera, tambi\u00e9n ecolentes. La Municipalidad de C\u00f3rdoba, a trav\u00e9s del [&hellip;]<\/p>\n","protected":false},"author":1,"featured_media":112578,"comment_status":"closed","ping_status":"closed","sticky":false,"template":"","format":"standard","meta":[],"categories":[44],"tags":[],"_links":{"self":[{"href":"http:\/\/cordobadirecto.com\/index.php\/wp-json\/wp\/v2\/posts\/112577"}],"collection":[{"href":"http:\/\/cordobadirecto.com\/index.php\/wp-json\/wp\/v2\/posts"}],"about":[{"href":"http:\/\/cordobadirecto.com\/index.php\/wp-json\/wp\/v2\/types\/post"}],"author":[{"embeddable":true,"href":"http:\/\/cordobadirecto.com\/index.php\/wp-json\/wp\/v2\/users\/1"}],"replies":[{"embeddable":true,"href":"http:\/\/cordobadirecto.com\/index.php\/wp-json\/wp\/v2\/comments?post=112577"}],"version-history":[{"count":0,"href":"http:\/\/cordobadirecto.com\/index.php\/wp-json\/wp\/v2\/posts\/112577\/revisions"}],"wp:featuredmedia":[{"embeddable":true,"href":"http:\/\/cordobadirecto.com\/index.php\/wp-json\/wp\/v2\/media\/112578"}],"wp:attachment":[{"href":"http:\/\/cordobadirecto.com\/index.php\/wp-json\/wp\/v2\/media?parent=112577"}],"wp:term":[{"taxonomy":"category","embeddable":true,"href":"http:\/\/cordobadirecto.com\/index.php\/wp-json\/wp\/v2\/categories?post=112577"},{"taxonomy":"post_tag","embeddable":true,"href":"http:\/\/cordobadirecto.com\/index.php\/wp-json\/wp\/v2\/tags?post=112577"}],"curies":[{"name":"wp","href":"https:\/\/api.w.org\/{rel}","templated":true}]}}