{"id":11259,"date":"2021-07-21T20:37:30","date_gmt":"2021-07-21T20:37:30","guid":{"rendered":"http:\/\/cordobadirecto.com\/index.php\/2021\/07\/21\/economia-popular-en-alza-del-productor-al-consumidor\/"},"modified":"2021-07-21T20:37:30","modified_gmt":"2021-07-21T20:37:30","slug":"economia-popular-en-alza-del-productor-al-consumidor","status":"publish","type":"post","link":"http:\/\/cordobadirecto.com\/index.php\/2021\/07\/21\/economia-popular-en-alza-del-productor-al-consumidor\/","title":{"rendered":"<b>Econom\u00eda<\/b> popular en alza: del productor al consumidor"},"content":{"rendered":"<p><b>Econom\u00eda<\/b> popular en alza: del productor al consumidor &#8230; de la Subsecretar\u00eda de <b>Econom\u00eda<\/b> Social y Desarrollo Local, detall\u00f3 la b\u00fasqueda de la <b>nueva<\/b> &#8230; log\u00edsticos y un punto de acopio productores de Santa F\u00e9, Rosario y <b>C\u00f3rdoba<\/b>. <\/p>\n","protected":false},"excerpt":{"rendered":"<p>Econom\u00eda popular en alza: del productor al consumidor &#8230; de la Subsecretar\u00eda de Econom\u00eda Social y Desarrollo Local, detall\u00f3 la b\u00fasqueda de la nueva &#8230; log\u00edsticos y un punto de acopio productores de Santa F\u00e9, Rosario y C\u00f3rdoba.<\/p>\n","protected":false},"author":1,"featured_media":0,"comment_status":"closed","ping_status":"closed","sticky":false,"template":"","format":"standard","meta":[],"categories":[40],"tags":[],"_links":{"self":[{"href":"http:\/\/cordobadirecto.com\/index.php\/wp-json\/wp\/v2\/posts\/11259"}],"collection":[{"href":"http:\/\/cordobadirecto.com\/index.php\/wp-json\/wp\/v2\/posts"}],"about":[{"href":"http:\/\/cordobadirecto.com\/index.php\/wp-json\/wp\/v2\/types\/post"}],"author":[{"embeddable":true,"href":"http:\/\/cordobadirecto.com\/index.php\/wp-json\/wp\/v2\/users\/1"}],"replies":[{"embeddable":true,"href":"http:\/\/cordobadirecto.com\/index.php\/wp-json\/wp\/v2\/comments?post=11259"}],"version-history":[{"count":0,"href":"http:\/\/cordobadirecto.com\/index.php\/wp-json\/wp\/v2\/posts\/11259\/revisions"}],"wp:attachment":[{"href":"http:\/\/cordobadirecto.com\/index.php\/wp-json\/wp\/v2\/media?parent=11259"}],"wp:term":[{"taxonomy":"category","embeddable":true,"href":"http:\/\/cordobadirecto.com\/index.php\/wp-json\/wp\/v2\/categories?post=11259"},{"taxonomy":"post_tag","embeddable":true,"href":"http:\/\/cordobadirecto.com\/index.php\/wp-json\/wp\/v2\/tags?post=11259"}],"curies":[{"name":"wp","href":"https:\/\/api.w.org\/{rel}","templated":true}]}}