{"id":112699,"date":"2023-04-28T13:49:40","date_gmt":"2023-04-28T13:49:40","guid":{"rendered":"https:\/\/cordoba.gob.ar\/?p=43788"},"modified":"2023-04-28T13:49:40","modified_gmt":"2023-04-28T13:49:40","slug":"passerini-la-ciudad-tendra-un-nuevo-cpc-y-funcionara-en-barrio-mercantil","status":"publish","type":"post","link":"http:\/\/cordobadirecto.com\/index.php\/2023\/04\/28\/passerini-la-ciudad-tendra-un-nuevo-cpc-y-funcionara-en-barrio-mercantil\/","title":{"rendered":"Passerini: \u201cLa ciudad tendr\u00e1 un nuevo CPC y funcionar\u00e1 en barrio Mercantil\u201d"},"content":{"rendered":"<div><img src=\"http:\/\/cordobadirecto.com\/wp-content\/uploads\/2023\/04\/passerini-la-ciudad-tendra-un-nuevo-cpc-y-funcionara-en-barrio-mercantil.jpg\" class=\"ff-og-image-inserted\"><\/div>\n<ul>\n<li><strong>A la fecha la gesti\u00f3n de Mart\u00edn Llaryora inaugur\u00f3 dos CPC y diez Centros Operativos, afianzando as\u00ed la descentralizaci\u00f3n administrativa y operativa de la ciudad.<\/strong><\/li>\n<\/ul>\n<hr>\n<p>En el cierre del Congreso de Participaci\u00f3n Ciudadana, que tuvo lugar durante tres d\u00edas en el Teatro Libertador San Mart\u00edn, el Viceintendente Daniel Passerini anunci\u00f3 que la ciudad tendr\u00e1 un nuevo Centro de Participaci\u00f3n Comunal (CPC) y funcionar\u00e1 en las instalaciones del actual Centro de Encuentro Barrial de barrio Mercantil.<\/p>\n<p>La decisi\u00f3n de la actual gesti\u00f3n municipal de avanzar en su plan de descentralizaci\u00f3n administrativa y operativa, a trav\u00e9s de los Centros Operativos, ser\u00e1 un legado que dejar\u00e1 el gobierno de Mart\u00edn Llaryora, quien el pasado 23 de abril inaugur\u00f3 el CPC en barrio Capdevila.<\/p>\n<p>Durante tres d\u00edas, m\u00e1s de cien expositores del \u00e1mbito local, nacional e internacional debatieron en el Congreso de Participaci\u00f3n Ciudadana y tuvo como eje profundizar la democracia desde lo local hasta lo nacional.<\/p>\n<p>En ese marco, y ante un auditorio colmado de dirigentes y funcionarios de diversas latitudes, en la tarde de hoy culmin\u00f3 este evento, el primero de estas caracter\u00edsticas que se realiza en la ciudad Capital.<\/p>\n<p>El Congreso tuvo como objetivo poner en com\u00fan experiencias y pr\u00e1cticas a nivel nacional e internacional ejecutadas por diferentes ciudades, municipalidades y actores sociales que trabajan colaborativamente para mejorar sus realidades, aplicando procesos de participaci\u00f3n ciudadana y descentralizaci\u00f3n.<\/p>\n<p>En este contexto, Passerini expres\u00f3 su satisfacci\u00f3n por finalizar tres jornadas de trabajo donde se escucharon muchas ponencias, donde se pudieron conocer miradas diferentes que permiten seguir creciendo como sociedad en un tema tan importante como la participaci\u00f3n ciudadana: <em>\u201cEste congreso es de suma importancia, porque es un evento de gran debate y discusi\u00f3n, y nos encuentra en el escenario de los 450 a\u00f1os que celebra la ciudad. Para nosotros, la participaci\u00f3n ciudadana en nuestro Municipio es quiz\u00e1 el insumo m\u00e1s importante en la toma de decisiones que nos est\u00e1n llevando a transformar la ciudad, a generar resultados\u201d<\/em>.<\/p>\n<p><em>\u201cNuestra participaci\u00f3n pol\u00edtica se basa en que la participaci\u00f3n ciudadana sea garant\u00eda de que las soluciones que se disputan tengan un reflejo y transformen la realidad. Por eso, a los ya dos Centros de Participaci\u00f3n Comunitaria ya inaugurados, vamos a sumar otro, el n\u00famero 16\u201d<\/em>, anunci\u00f3 el viceintendente.<\/p>\n<p>A su vez, Juan Domingo Viola, al referirse al tema de la participaci\u00f3n ciudadana enfatiz\u00f3 que <em>\u201cescuchar a nuestros vecinos e instituciones nos permite definir pol\u00edticas p\u00fablicas y plasmar pol\u00edticas p\u00fablicas\u201d<\/em>. Y a\u00f1adi\u00f3: <em>\u201cNo hay participaci\u00f3n sin cultura de participaci\u00f3n porque se la destruye, por lo es importante educar en una cultura basada en la participaci\u00f3n\u201d<\/em>.<\/p>\n<p>El vicegobernador Manuel Calvo puso en valor el trabajo de la Provincia por hacer de C\u00f3rdoba una provincia federal, llevando obras a cada ciudad y pueblo del interior: <em>\u201cQuienes estamos en el gobierno tenemos la enorme responsabilidad de buscar siempre cu\u00e1les son las mejores transformaciones para ponerlo a disposici\u00f3n de los vecinos de cada pueblo y ciudad que nos toca gobernar\u201d<\/em>.<\/p>\n<p><em>\u201cLa participaci\u00f3n ciudadana, la articulaci\u00f3n p\u00fablico-privada es algo que lleg\u00f3 a C\u00f3rdoba para quedarse, como as\u00ed tambi\u00e9n la descentralizaci\u00f3n y la federalizaci\u00f3n\u201d<\/em> finaliz\u00f3 el vicegobernador.<\/p>\n<p>Los distintos paneles de debate se desarrollaron en la Universidad Cat\u00f3lica de C\u00f3rdoba (U.C.C.) \u2013 Sal\u00f3n Diego de Torres (Obispo Trejo 323), la Facultad de Derecho U.N.C. \u2013 Aula Magna ( Caseros 51) y la Academia Nacional de Ciencias (Av. V\u00e9lez Sarsfield 249) seg\u00fan el inter\u00e9s y el contenido que se lleve a cabo en cada uno de \u00e9stos lugares.<\/p>\n<p>Cabe destacar que esta edici\u00f3n, de car\u00e1cter internacional, se enmarca en el 450\u00b0 aniversario de la Fundaci\u00f3n de C\u00f3rdoba y en el 40\u00b0 aniversario del advenimiento de la Democracia en la Rep\u00fablica Argentina.<\/p>\n<p>Durante el cierre, los participantes que pudieron enriquecerse de las experiencias compartidas durante los tres d\u00edas que se desarroll\u00f3 dicho Congreso, disfrutaron del espect\u00e1culo brindado por la Orquesta Acad\u00e9mica Juvenil y el Coro del Seminario de Canto, ambos \u201ccuerpos estables de formaci\u00f3n\u201d pertenecientes al Teatro del Libertador San Mart\u00edn .<\/p>\n<p>Es importante destacar que la Municipalidad de C\u00f3rdoba a trav\u00e9s de la Secretar\u00eda de Participaci\u00f3n Ciudadana, organiz\u00f3 este evento en conjunto con la Universidad Nacional de C\u00f3rdoba, la Universidad Cat\u00f3lica de C\u00f3rdoba, la Universidad Nacional de Villa Mar\u00eda, la Universidad Siglo 21, la Universidad Blas Pascal, la Universidad Tecnol\u00f3gica Nacional y el Instituto Universitario Aeron\u00e1utico.<\/p>\n","protected":false},"excerpt":{"rendered":"<p>A la fecha la gesti\u00f3n de Mart\u00edn Llaryora inaugur\u00f3 dos CPC y diez Centros Operativos, afianzando as\u00ed la descentralizaci\u00f3n administrativa y operativa de la ciudad. En el cierre del Congreso de Participaci\u00f3n Ciudadana, que tuvo lugar durante tres d\u00edas en el Teatro Libertador San Mart\u00edn, el Viceintendente Daniel Passerini anunci\u00f3 que la ciudad tendr\u00e1 un [&hellip;]<\/p>\n","protected":false},"author":1,"featured_media":112700,"comment_status":"closed","ping_status":"closed","sticky":false,"template":"","format":"standard","meta":[],"categories":[44],"tags":[],"_links":{"self":[{"href":"http:\/\/cordobadirecto.com\/index.php\/wp-json\/wp\/v2\/posts\/112699"}],"collection":[{"href":"http:\/\/cordobadirecto.com\/index.php\/wp-json\/wp\/v2\/posts"}],"about":[{"href":"http:\/\/cordobadirecto.com\/index.php\/wp-json\/wp\/v2\/types\/post"}],"author":[{"embeddable":true,"href":"http:\/\/cordobadirecto.com\/index.php\/wp-json\/wp\/v2\/users\/1"}],"replies":[{"embeddable":true,"href":"http:\/\/cordobadirecto.com\/index.php\/wp-json\/wp\/v2\/comments?post=112699"}],"version-history":[{"count":0,"href":"http:\/\/cordobadirecto.com\/index.php\/wp-json\/wp\/v2\/posts\/112699\/revisions"}],"wp:featuredmedia":[{"embeddable":true,"href":"http:\/\/cordobadirecto.com\/index.php\/wp-json\/wp\/v2\/media\/112700"}],"wp:attachment":[{"href":"http:\/\/cordobadirecto.com\/index.php\/wp-json\/wp\/v2\/media?parent=112699"}],"wp:term":[{"taxonomy":"category","embeddable":true,"href":"http:\/\/cordobadirecto.com\/index.php\/wp-json\/wp\/v2\/categories?post=112699"},{"taxonomy":"post_tag","embeddable":true,"href":"http:\/\/cordobadirecto.com\/index.php\/wp-json\/wp\/v2\/tags?post=112699"}],"curies":[{"name":"wp","href":"https:\/\/api.w.org\/{rel}","templated":true}]}}