{"id":112701,"date":"2023-04-30T07:42:25","date_gmt":"2023-04-30T07:42:25","guid":{"rendered":"http:\/\/cordobadirecto.com\/index.php\/2023\/04\/30\/central-pone-los-fideos-que-van-todos-a-cordoba-la-capital\/"},"modified":"2023-04-30T07:42:25","modified_gmt":"2023-04-30T07:42:25","slug":"central-pone-los-fideos-que-van-todos-a-cordoba-la-capital","status":"publish","type":"post","link":"http:\/\/cordobadirecto.com\/index.php\/2023\/04\/30\/central-pone-los-fideos-que-van-todos-a-cordoba-la-capital\/","title":{"rendered":"Central: pon\u00e9 los fideos que van todos a <b>C\u00f3rdoba<\/b> &#8211; La Capital"},"content":{"rendered":"<p>El canalla buscar\u00e1 volver de <b>C\u00f3rdoba<\/b> con una gran sonrisa. Mariano Bereznicki &#8230; Central brindar\u00e1 una <b>nueva<\/b> funci\u00f3n por la Liga Profesional. <\/p>\n","protected":false},"excerpt":{"rendered":"<p>El canalla buscar\u00e1 volver de C\u00f3rdoba con una gran sonrisa. Mariano Bereznicki &#8230; Central brindar\u00e1 una nueva funci\u00f3n por la Liga Profesional.<\/p>\n","protected":false},"author":1,"featured_media":0,"comment_status":"closed","ping_status":"closed","sticky":false,"template":"","format":"standard","meta":[],"categories":[40],"tags":[],"_links":{"self":[{"href":"http:\/\/cordobadirecto.com\/index.php\/wp-json\/wp\/v2\/posts\/112701"}],"collection":[{"href":"http:\/\/cordobadirecto.com\/index.php\/wp-json\/wp\/v2\/posts"}],"about":[{"href":"http:\/\/cordobadirecto.com\/index.php\/wp-json\/wp\/v2\/types\/post"}],"author":[{"embeddable":true,"href":"http:\/\/cordobadirecto.com\/index.php\/wp-json\/wp\/v2\/users\/1"}],"replies":[{"embeddable":true,"href":"http:\/\/cordobadirecto.com\/index.php\/wp-json\/wp\/v2\/comments?post=112701"}],"version-history":[{"count":0,"href":"http:\/\/cordobadirecto.com\/index.php\/wp-json\/wp\/v2\/posts\/112701\/revisions"}],"wp:attachment":[{"href":"http:\/\/cordobadirecto.com\/index.php\/wp-json\/wp\/v2\/media?parent=112701"}],"wp:term":[{"taxonomy":"category","embeddable":true,"href":"http:\/\/cordobadirecto.com\/index.php\/wp-json\/wp\/v2\/categories?post=112701"},{"taxonomy":"post_tag","embeddable":true,"href":"http:\/\/cordobadirecto.com\/index.php\/wp-json\/wp\/v2\/tags?post=112701"}],"curies":[{"name":"wp","href":"https:\/\/api.w.org\/{rel}","templated":true}]}}