{"id":112702,"date":"2023-04-30T09:30:37","date_gmt":"2023-04-30T09:30:37","guid":{"rendered":"http:\/\/cordobadirecto.com\/index.php\/2023\/04\/30\/ciclo-de-cine-argentino-en-el-gaumont\/"},"modified":"2023-04-30T09:30:37","modified_gmt":"2023-04-30T09:30:37","slug":"ciclo-de-cine-argentino-en-el-gaumont","status":"publish","type":"post","link":"http:\/\/cordobadirecto.com\/index.php\/2023\/04\/30\/ciclo-de-cine-argentino-en-el-gaumont\/","title":{"rendered":"Ciclo de cine argentino en el Gaumont"},"content":{"rendered":"<figure class=\"mb-3\"><img loading=\"lazy\" data-src=\"http:\/\/cordobadirecto.com\/wp-content\/uploads\/2023\/04\/ciclo-de-cine-argentino-en-el-gaumont.jpg\" src=\"https:\/\/www.telam.com.ar\/assets\/img\/not_image.png\" class=\" lazy \" width=\"100%\" height=\"100%\" alt=\"Wakolda de Luca Puenzo y protagonizada por Natalia Oreiro se podr ver el lunes 22 de mayo Foto archivo Prensa\"><figcaption> &#8220;Wakolda&#8221; de Luc\u00eda Puenzo y protagonizada por Natalia Oreiro se podr\u00e1 ver el lunes 22 de mayo \/ Foto archivo: Prensa. <\/figcaption><\/figure>\n<p>El Instituto Nacional de Cine y Artes Audiovisuales (Incaa) y el Cine Gaumont celebran en mayo una programaci\u00f3n especial compuesta por producciones argentinas emblem\u00e1ticas, producidas en las \u00faltimas d\u00e9cadas.<\/p>\n<p>La programaci\u00f3n est\u00e1 integrada por un total de diecis\u00e9is destacados largometrajes argentinos, entre los que se encuentran &#8220;El aura&#8221;, de Fabi\u00e1n Bielinsky; &#8220;Herencia&#8221;, de Paula Hern\u00e1ndez; &#8220;No sos vos, soy yo&#8221;, de Juan Taratuto; y &#8220;El estudiante&#8221;, de Santiago Mitre, que <strong>se ver\u00e1n entre el 4 y el 31 de mayo<\/strong>.<\/p>\n<blockquote class=\"instagram-media\" data-instgrm-captioned data-instgrm-permalink=\"https:\/\/www.instagram.com\/p\/Crga85LOIBe\/?utm_source=ig_embed&amp;utm_campaign=loading\" data-instgrm-version=\"14\" readability=\"-0.22340425531915\"><\/blockquote>\n<p>A veinte a\u00f1os de sus estrenos, podr\u00e1n volver a disfrutarse en pantalla grande <strong>&#8220;El fondo del mar&#8221;, \u00f3pera prima de Dami\u00e1n Szifron, y &#8220;El Polaquito&#8221;, de Juan Carlos Desanzo; y, a diez a\u00f1os de su estreno, &#8220;Wakolda&#8221;, de Luc\u00eda Puenzo.<\/strong><\/p>\n<p>El ciclo se realiza en el marco del<strong> D\u00eda del Cine Nacional, que se celebra el 23 de mayo<\/strong>, en <strong>homenaje a la primera pel\u00edcula argumental en nuestro pa\u00eds, &#8220;La Revoluci\u00f3n de Mayo&#8221;<\/strong>, dirigida por Mario Gallo y estrenada en el Teatro Ateneo de Buenos Aires el 23 de mayo de 1909.<\/p>\n<h2 class>Programaci\u00f3n completa<\/h2>\n<p>La programaci\u00f3n completa es la siguiente: &#8220;No sos voy, soy yo&#8221; (2004) el <strong>jueves 4<\/strong>; &#8220;Herencia&#8221; (2002) el <strong>viernes 5<\/strong>; &#8220;El aura&#8221; (2005), el <strong>s\u00e1bado 6<\/strong>; &#8220;El silencio es un cuerpo que cae&#8221; (2018), de Agustina Comedi, el <strong>domingo 7<\/strong>; &#8220;El Polaquito&#8221; (2003), el lunes 8.<\/p>\n<p>El <strong>jueves 11<\/strong> se ver\u00e1 &#8220;Sue\u00f1o Florian\u00f3polis&#8221; (2018) de Ana Katz; el viernes 12 &#8220;Rojo&#8221; (2018) de Benjam\u00edn Naishtat; el 13 &#8220;El ciudadano ilustre&#8221; (2016) de Mariano Cohn y Gast\u00f3n Duprat; y el domingo 14 &#8220;El estudiante&#8221;.<\/p>\n<p>Siguiendo con la programaci\u00f3n, el <strong>mi\u00e9rcoles 17 <\/strong>ser\u00e1 el turno de &#8220;El fondo del mar&#8221; (2003); el <strong>viernes 19<\/strong> &#8220;Temporada de caza&#8221; (2017), de Natalia Garagiola; el <strong>s\u00e1bado 20<\/strong> &#8220;Patr\u00f3n, radiograf\u00eda de un crimen&#8221; (2015) de Sebasti\u00e1n Schindel; el <strong>domingo 21<\/strong> &#8220;Medianeras&#8221; (2011) de Gustavo Taretto; y el <strong>lunes 22<\/strong> &#8220;Wakolda&#8221; (2013).<\/p>\n<p>Como cierre del ciclo, las&nbsp;<strong>funciones del lunes 29 y mi\u00e9rcoles 31 ser\u00e1n con entrada gratuita<\/strong>; podr\u00e1n verse&nbsp;<strong>&#8220;Casas de fuego&#8221;, de Juan Bautista Stagnaro<\/strong>, presentada por Comunidad Cin\u00e9fila, y el documental de An\u00edbal Uset,&nbsp;<strong>&#8220;Rock, hasta que se ponga el sol&#8221;<\/strong>, que forma parte de Homenajes Gaumont &#8220;50 a\u00f1os&#8221;.<\/p>\n<h2 class>Informaci\u00f3n general<\/h2>\n<p><strong>Todas las funciones ser\u00e1n a las 20<\/strong> en la sala Sala Leonardo Favio del Cine Gaumont (avenida Rivadavia 1635).<\/p>\n<p>Las <strong>entradas <\/strong>para el p\u00fablico general tienen un <strong>valor de: $200<\/strong>; <strong>jubilados y pensionados y estudiantes<\/strong> de todos los niveles educativos <strong>$100<\/strong>. <\/p>\n","protected":false},"excerpt":{"rendered":"<p>&#8220;Wakolda&#8221; de Luc\u00eda Puenzo y protagonizada por Natalia Oreiro se podr\u00e1 ver el lunes 22 de mayo \/ Foto archivo: Prensa. El Instituto Nacional de Cine y Artes Audiovisuales (Incaa) y el Cine Gaumont celebran en mayo una programaci\u00f3n especial compuesta por producciones argentinas emblem\u00e1ticas, producidas en las \u00faltimas d\u00e9cadas. La programaci\u00f3n est\u00e1 integrada por [&hellip;]<\/p>\n","protected":false},"author":1,"featured_media":112703,"comment_status":"closed","ping_status":"closed","sticky":false,"template":"","format":"standard","meta":[],"categories":[20],"tags":[],"_links":{"self":[{"href":"http:\/\/cordobadirecto.com\/index.php\/wp-json\/wp\/v2\/posts\/112702"}],"collection":[{"href":"http:\/\/cordobadirecto.com\/index.php\/wp-json\/wp\/v2\/posts"}],"about":[{"href":"http:\/\/cordobadirecto.com\/index.php\/wp-json\/wp\/v2\/types\/post"}],"author":[{"embeddable":true,"href":"http:\/\/cordobadirecto.com\/index.php\/wp-json\/wp\/v2\/users\/1"}],"replies":[{"embeddable":true,"href":"http:\/\/cordobadirecto.com\/index.php\/wp-json\/wp\/v2\/comments?post=112702"}],"version-history":[{"count":0,"href":"http:\/\/cordobadirecto.com\/index.php\/wp-json\/wp\/v2\/posts\/112702\/revisions"}],"wp:featuredmedia":[{"embeddable":true,"href":"http:\/\/cordobadirecto.com\/index.php\/wp-json\/wp\/v2\/media\/112703"}],"wp:attachment":[{"href":"http:\/\/cordobadirecto.com\/index.php\/wp-json\/wp\/v2\/media?parent=112702"}],"wp:term":[{"taxonomy":"category","embeddable":true,"href":"http:\/\/cordobadirecto.com\/index.php\/wp-json\/wp\/v2\/categories?post=112702"},{"taxonomy":"post_tag","embeddable":true,"href":"http:\/\/cordobadirecto.com\/index.php\/wp-json\/wp\/v2\/tags?post=112702"}],"curies":[{"name":"wp","href":"https:\/\/api.w.org\/{rel}","templated":true}]}}