{"id":112709,"date":"2023-04-29T20:14:57","date_gmt":"2023-04-29T20:14:57","guid":{"rendered":"https:\/\/www.ole.com.ar\/autos\/canapino-indycar-clasificacion-barber_0_sPCjBe7GKK.html"},"modified":"2023-04-29T20:14:57","modified_gmt":"2023-04-29T20:14:57","slug":"indycar-canapino-largara-22o-en-la-carrera-del-domingo","status":"publish","type":"post","link":"http:\/\/cordobadirecto.com\/index.php\/2023\/04\/29\/indycar-canapino-largara-22o-en-la-carrera-del-domingo\/","title":{"rendered":"IndyCar: Canapino largar\u00e1 22\u00ba en la carrera del domingo"},"content":{"rendered":"<p><time class=\"createDate\" datetime=\"2023-04-29T17:14:57-03:00\">29\/04\/2023 17:14hs.<\/time><time class=\"modificatedDate\" datetime=\"2023\/04\/29T17:14:57-03:00\"><\/time><\/p>\n<div id=\"storyBody\">\n<div class=\"custom-text \" readability=\"41\">\n<p>Agust\u00edn Canapino contin\u00faa dando pasos adelante en su experiencia en la<strong> IndyCar<\/strong>. De hecho, termin\u00f3 dando una buena imagen en la clasificaci\u00f3n en Barber, donde no hab\u00eda tenido las mejores pr\u00e1cticas. Sin embargo, esos entrenamientos libres le permitieron ajustar ciertos detalles a la hora del manejo, aunque a\u00fan -confes\u00f3- debe encontrar el \u201ccontrol en la frenada\u201d. Finalmente, <strong>redonde\u00f3 un puesto 11 en su grupo de la qualy y largar\u00e1 22\u00b0 en la carrera del domingo a las 16 (Star+)<\/strong>. Previamente habr\u00e1 un warm up, a las 13.<\/p>\n<\/div>\n<div class=\"sc-996041c8-0 dnrmTT\"><img alt=\"IndyCar: Canapino tuvo su primera experiencia en Barber @juncoshollinger\" src=\"http:\/\/cordobadirecto.com\/wp-content\/uploads\/2023\/04\/indycar-canapino-largara-22o-en-la-carrera-del-domingo.jpg\" width=\"72\" height=\"10\" decoding=\"async\" data-nimg=\"future\" loading=\"lazy\"><span>IndyCar: Canapino tuvo su primera experiencia en Barber @juncoshollinger<\/span><\/div>\n<div class=\"custom-text \" readability=\"35\">\n<p>Con <strong>un giro de 1m06s516<\/strong>, el Tit\u00e1n de Arrecifes se ubic\u00f3 a menos de un segundo de distancia (0s929) del mejor de su tanda, que fue Alex Palou.<\/p>\n<\/div>\n<div class=\"sc-a7166897-0 gOoLzD\" readability=\"6\">\n<section readability=\"2\"><picture><img alt=\"Pechito L\u00f3pez y una gran victoria en Spa\" src=\"http:\/\/cordobadirecto.com\/wp-content\/uploads\/2023\/04\/indycar-canapino-largara-22o-en-la-carrera-del-domingo-1.jpg\" width=\"29\" height=\"29\" decoding=\"async\" data-nimg=\"future\" loading=\"lazy\"><\/picture>\n<p><span>Mir\u00e1 tambi\u00e9n<\/span><\/p>\n<hr>\n<h3>Pechito L\u00f3pez y una gran victoria en Spa<\/h3>\n<\/p>\n<\/section>\n<\/div>\n<div class=\"custom-text \" readability=\"38\">\n<p>Luego de haber tenido experiencias en un \u00f3valo (Texas) y en dos callejeros (St. Petersburg y Long Beach), esta cuarta fecha del torneo se trata de la primera visita a un trazado convencional. Adem\u00e1s, es el debut de Canapino con los neum\u00e1ticos rojo de Firestone, situaci\u00f3n que le cost\u00f3 asimilar al momento de entender el balance de su auto.<\/p>\n<\/div>\n<div class=\"sc-996041c8-0 dnrmTT\"><img alt=\"Los dos pilotos del Juncos Holliger Team. @juncoshollinger\" src=\"http:\/\/cordobadirecto.com\/wp-content\/uploads\/2023\/04\/indycar-canapino-largara-22o-en-la-carrera-del-domingo-2.jpg\" width=\"72\" height=\"10\" decoding=\"async\" data-nimg=\"future\" loading=\"lazy\"><span>Los dos pilotos del Juncos Holliger Team. @juncoshollinger<\/span><\/div>\n<p><h2><strong>C\u00f3mo viene Canapino en el torneo<\/strong><\/h2>\n<\/p>\n<div class=\"custom-text \" readability=\"37\">\n<p>Despu\u00e9s de no haber completado la \u00faltima carrera por el incidente con Callum Illot, Canapino llega a Alabama tras dos 12os puestos y un abandono, lo cual lo ubica en la posici\u00f3n 18\u00b0 del campeonato (de 35), segundo entre los cinco rookies.<\/p>\n<\/div>\n<div class=\"sc-a7166897-0 gOoLzD\" readability=\"6.5\">\n<section readability=\"3\"><picture><img alt=\"S\u00e1bado de choques: uno m\u00faltiple de siete autos en la F2 y otro contra el muro en el WEC\" src=\"http:\/\/cordobadirecto.com\/wp-content\/uploads\/2023\/04\/indycar-canapino-largara-22o-en-la-carrera-del-domingo-3.jpg\" width=\"29\" height=\"29\" decoding=\"async\" data-nimg=\"future\" loading=\"lazy\"><\/picture>\n<p><span>Mir\u00e1 tambi\u00e9n<\/span><\/p>\n<hr>\n<h3>S\u00e1bado de choques: uno m\u00faltiple de siete autos en la F2 y otro contra el muro en el WEC<\/h3>\n<\/p>\n<\/section>\n<\/div>\n<div class=\"sc-a7166897-0 gOoLzD\" readability=\"6\">\n<section readability=\"2\"><picture><img alt=\"F\u00f3rmula 1: Checo P\u00e9rez se qued\u00f3 con el Sprint\" src=\"http:\/\/cordobadirecto.com\/wp-content\/uploads\/2023\/04\/indycar-canapino-largara-22o-en-la-carrera-del-domingo-4.jpg\" width=\"29\" height=\"29\" decoding=\"async\" data-nimg=\"future\" loading=\"lazy\"><\/picture>\n<p><span>Mir\u00e1 tambi\u00e9n<\/span><\/p>\n<hr>\n<h3>F\u00f3rmula 1: Checo P\u00e9rez se qued\u00f3 con el Sprint<\/h3>\n<\/p>\n<\/section>\n<\/div>\n<\/div>\n","protected":false},"excerpt":{"rendered":"<p>29\/04\/2023 17:14hs. Agust\u00edn Canapino contin\u00faa dando pasos adelante en su experiencia en la IndyCar. De hecho, termin\u00f3 dando una buena imagen en la clasificaci\u00f3n en Barber, donde no hab\u00eda tenido las mejores pr\u00e1cticas. Sin embargo, esos entrenamientos libres le permitieron ajustar ciertos detalles a la hora del manejo, aunque a\u00fan -confes\u00f3- debe encontrar el \u201ccontrol [&hellip;]<\/p>\n","protected":false},"author":1,"featured_media":112710,"comment_status":"closed","ping_status":"closed","sticky":false,"template":"","format":"standard","meta":[],"categories":[21],"tags":[],"_links":{"self":[{"href":"http:\/\/cordobadirecto.com\/index.php\/wp-json\/wp\/v2\/posts\/112709"}],"collection":[{"href":"http:\/\/cordobadirecto.com\/index.php\/wp-json\/wp\/v2\/posts"}],"about":[{"href":"http:\/\/cordobadirecto.com\/index.php\/wp-json\/wp\/v2\/types\/post"}],"author":[{"embeddable":true,"href":"http:\/\/cordobadirecto.com\/index.php\/wp-json\/wp\/v2\/users\/1"}],"replies":[{"embeddable":true,"href":"http:\/\/cordobadirecto.com\/index.php\/wp-json\/wp\/v2\/comments?post=112709"}],"version-history":[{"count":0,"href":"http:\/\/cordobadirecto.com\/index.php\/wp-json\/wp\/v2\/posts\/112709\/revisions"}],"wp:featuredmedia":[{"embeddable":true,"href":"http:\/\/cordobadirecto.com\/index.php\/wp-json\/wp\/v2\/media\/112710"}],"wp:attachment":[{"href":"http:\/\/cordobadirecto.com\/index.php\/wp-json\/wp\/v2\/media?parent=112709"}],"wp:term":[{"taxonomy":"category","embeddable":true,"href":"http:\/\/cordobadirecto.com\/index.php\/wp-json\/wp\/v2\/categories?post=112709"},{"taxonomy":"post_tag","embeddable":true,"href":"http:\/\/cordobadirecto.com\/index.php\/wp-json\/wp\/v2\/tags?post=112709"}],"curies":[{"name":"wp","href":"https:\/\/api.w.org\/{rel}","templated":true}]}}