{"id":112711,"date":"2023-04-29T18:54:52","date_gmt":"2023-04-29T18:54:52","guid":{"rendered":"https:\/\/www.ole.com.ar\/autos\/jose-maria-pechito-lopez-toyota-spa-belgica-mundial-resistencia_0_8WCDqBdfYm.html"},"modified":"2023-04-29T18:54:52","modified_gmt":"2023-04-29T18:54:52","slug":"pechito-lopez-y-una-gran-victoria-en-spa","status":"publish","type":"post","link":"http:\/\/cordobadirecto.com\/index.php\/2023\/04\/29\/pechito-lopez-y-una-gran-victoria-en-spa\/","title":{"rendered":"Pechito L\u00f3pez y una gran victoria en Spa"},"content":{"rendered":"<p><time class=\"createDate\" datetime=\"2023-04-29T15:54:52-03:00\">29\/04\/2023 15:54hs.<\/time><time class=\"modificatedDate\" datetime=\"2023\/04\/29T15:54:52-03:00\"><\/time><\/p>\n<div id=\"storyBody\">\n<div class=\"custom-text \" readability=\"34.210317460317\">\n<p><a href=\"https:\/\/www.ole.com.ar\/tema\/jose-maria-lopez.html\" title=\"Jos\u00e9 Mar\u00eda L\u00f3pez\" alt=\"Jos\u00e9 Mar\u00eda L\u00f3pez\" class=\"slug\">Jos\u00e9 Mar\u00eda L\u00f3pez <\/a>es cordob\u00e9s, pero encuentra en el circuito de B\u00e9lgica el patio de su casa. Con sus compa\u00f1eros, el brit\u00e1nico Mike Conway y el japon\u00e9s Kamui Kobayashi <strong>ganaron este s\u00e1bado las Seis Horas de Spa<\/strong>, tercera cita del Mundial de (WEC). <\/p>\n<\/div>\n<div class=\"custom-text \" readability=\"38\">\n<p>Detr\u00e1s del Toyota N\u00b0 7 manejado por el trinomio m\u00e1s r\u00e1pido,<strong> lleg\u00f3 el otro auto de la escuder\u00eda, el N\u00b0 8<\/strong>, pilotado por el neozeland\u00e9s Brendon Hartley, el japon\u00e9s Rio Hirakawa y el suizo Sebastien Buemi. <\/p>\n<\/div>\n<div class=\"sc-a7166897-0 gOoLzD\" readability=\"6\">\n<section readability=\"2\"><picture><img alt=\"F\u00f3rmula 1: Checo P\u00e9rez se qued\u00f3 con el Sprint\" src=\"http:\/\/cordobadirecto.com\/wp-content\/uploads\/2023\/04\/pechito-lopez-y-una-gran-victoria-en-spa.jpg\" width=\"29\" height=\"29\" decoding=\"async\" data-nimg=\"future\" loading=\"lazy\"><\/picture>\n<p><span>Mir\u00e1 tambi\u00e9n<\/span><\/p>\n<hr>\n<h3>F\u00f3rmula 1: Checo P\u00e9rez se qued\u00f3 con el Sprint<\/h3>\n<\/p>\n<\/section>\n<\/div>\n<div class=\"custom-text \" readability=\"40\">\n<p>El auto N\u00b0 7 <strong>hab\u00eda arrancado desde la pole, pero tuvo un inicio de carrera complicado, sufriendo de entrada en dominio provisional de los Ferrari<\/strong> -equipados con neum\u00e1ticos para lluvia-, antes de poder conseguir el triunfo. La pista, en partes h\u00fameda, puso en apuros a varios pilotos durante varias fases de la prueba. <\/p>\n<\/div>\n<div class=\"sc-996041c8-0 dnrmTT\"><img alt=\"El 1-2 de los Toyota 7 y 8.\" src=\"http:\/\/cordobadirecto.com\/wp-content\/uploads\/2023\/04\/pechito-lopez-y-una-gran-victoria-en-spa-1.jpg\" width=\"72\" height=\"10\" decoding=\"async\" data-nimg=\"future\" loading=\"lazy\"><span>El 1-2 de los Toyota 7 y 8.<\/span><\/div>\n<div class=\"custom-text \" readability=\"39\">\n<p>Sin embargo, cuando las condiciones se normalizaron,<strong> los dos Toyota volvieron a la vanguardia<\/strong> y dejaron en el tercer escal\u00f3n del podio al brit\u00e1nico James Calado y los italianos Antonio Giovinazzi y Alessandro Pier Guidi, a bordo de la Rossa. <strong>Para Pechito y sus compa\u00f1eros fue la tercera victoria en Spa, tras las conseguidas en el 2020 y 2022<\/strong>.<\/p>\n<\/div>\n<div class=\"custom-text \" readability=\"33\">\n<p>El trinomio bicampe\u00f3n (2020 y 2021)<strong> realiz\u00f3 148 vueltas al tradicional trazado belga <\/strong>y finaliz\u00f3 con una ventaja de 16s637 segundos sobre los defensores del t\u00edtulo.<\/p>\n<\/div>\n<div class=\"sc-996041c8-0 dnrmTT\"><img alt=\"Pechito L\u00f3pez, piloto de Toyota.\" src=\"http:\/\/cordobadirecto.com\/wp-content\/uploads\/2023\/04\/pechito-lopez-y-una-gran-victoria-en-spa-2.jpg\" width=\"72\" height=\"10\" decoding=\"async\" data-nimg=\"future\" loading=\"lazy\"><span>Pechito L\u00f3pez, piloto de Toyota.<\/span><\/div>\n<div class=\"custom-text \" readability=\"35\">\n<p>El estadounidense Dane Cameron, el dan\u00e9s Michael Christensen y el franc\u00e9s Fr\u00e9deric Makowiecki al comando de un Porsche del equipo Penske Motorsport<strong>, fueron relegados al cuarto puesto<\/strong>.<\/p>\n<\/div>\n<div class=\"sc-a7166897-0 gOoLzD\" readability=\"6.5\">\n<section readability=\"3\"><picture><img alt=\"S\u00e1bado de choques: uno m\u00faltiple de siete autos en la F2 y otro contra el muro en el WEC\" src=\"http:\/\/cordobadirecto.com\/wp-content\/uploads\/2023\/04\/pechito-lopez-y-una-gran-victoria-en-spa-3.jpg\" width=\"29\" height=\"29\" decoding=\"async\" data-nimg=\"future\" loading=\"lazy\"><\/picture>\n<p><span>Mir\u00e1 tambi\u00e9n<\/span><\/p>\n<hr>\n<h3>S\u00e1bado de choques: uno m\u00faltiple de siete autos en la F2 y otro contra el muro en el WEC<\/h3>\n<\/p>\n<\/section>\n<\/div>\n<div class=\"custom-text \" readability=\"38\">\n<p>Pechito, de 40 a\u00f1os, <strong>firm\u00f3 el segundo \u00e9xito de la temporada en la divisi\u00f3n Hypercar<\/strong>, tras imponerse en las 1000 Millas de Sebring, Estados Unidos, en el inicio del calendario. <\/p>\n<\/div>\n<div class=\"sc-996041c8-0 dnrmTT\"><img alt=\"Hubo lluvia en Spa.\" src=\"http:\/\/cordobadirecto.com\/wp-content\/uploads\/2023\/04\/pechito-lopez-y-una-gran-victoria-en-spa-4.jpg\" width=\"72\" height=\"10\" decoding=\"async\" data-nimg=\"future\" loading=\"lazy\"><span>Hubo lluvia en Spa.<\/span><\/div>\n<div class=\"custom-text \" readability=\"41\">\n<p>En cuanto a la clasificaci\u00f3n, <strong>el auto del argentino va tercero, con 40 puntos, detr\u00e1s del otro Toyota (53) y de una Ferrari<\/strong>, la del tano Antonio Fuoco, el espa\u00f1ol Miguel Molina y el dan\u00e9s Nicklas Nielsen (42). La pr\u00f3xima La pr\u00f3xima fecha del FIA WEC ser\u00e1 con las legendarias 24 Horas de Le Mans, a disputarse entre el 10 y 11 de junio. <\/p>\n<\/div>\n<div class=\"sc-a7166897-0 gOoLzD\" readability=\"6\">\n<section readability=\"2\"><picture><img alt=\"IndyCar: Canapino tuvo su primera experiencia en Barber\" src=\"http:\/\/cordobadirecto.com\/wp-content\/uploads\/2023\/04\/pechito-lopez-y-una-gran-victoria-en-spa-5.jpg\" width=\"29\" height=\"29\" decoding=\"async\" data-nimg=\"future\" loading=\"lazy\"><\/picture>\n<p><span>Mir\u00e1 tambi\u00e9n<\/span><\/p>\n<hr>\n<h3>IndyCar: Canapino tuvo su primera experiencia en Barber<\/h3>\n<\/p>\n<\/section>\n<\/div>\n<p><h2>M\u00e1s argentinos<\/h2>\n<\/p>\n<div class=\"custom-text \" readability=\"37\">\n<p>En la categor\u00eda LM GTE AM, <strong>Luis P\u00e9rez Companc<\/strong> (Ferrari 488 GTE Evo) celebr\u00f3 la victoria con su trinomio, por delante del equipo de su compatriota <strong>Nicol\u00e1s Varrone<\/strong> (Chevrolet Corvette C8.R), que lidera el torneo. P\u00e9rez Companc va s\u00e9ptimo.<\/p>\n<\/div>\n<div class=\"sc-e6588e40-0 edrUiu\">\n<div class=\"sc-e6588e40-1 eWxHOh videoText\" id=\"contentTitleundefinedNPfq38bR\" readability=\"56\"><svg fill=\"#ffffff\"><symbol id=\"play\" viewBox=\"0 0 512 512\"><path d=\"M512 256C512 397.4 397.4 512 256 512C114.6 512 0 397.4 0 256C0 114.6 114.6 0 256 0C397.4 0 512 114.6 512 256zM176 168V344C176 352.7 180.7 360.7 188.3 364.9C195.8 369.2 205.1 369 212.5 364.5L356.5 276.5C363.6 272.1 368 264.4 368 256C368 247.6 363.6 239.9 356.5 235.5L212.5 147.5C205.1 142.1 195.8 142.8 188.3 147.1C180.7 151.3 176 159.3 176 168V168z\" \/><\/symbol><use xlink:href=\"#play\" \/><\/svg><\/p>\n<div class=\"right\" readability=\"7\">\n<p>Rally Mundial<!-- --> &#8211;<!-- --> <span>29-4-2023<\/span><\/p>\n<h2 class=\"title-vid\">Tremendo choque en el WEC<\/h2>\n<\/div>\n<\/div>\n<p><span class=\"back\" id=\"spanBackundefinedNPfq38bR\"><\/span><\/div>\n<\/div>\n","protected":false},"excerpt":{"rendered":"<p>29\/04\/2023 15:54hs. Jos\u00e9 Mar\u00eda L\u00f3pez es cordob\u00e9s, pero encuentra en el circuito de B\u00e9lgica el patio de su casa. Con sus compa\u00f1eros, el brit\u00e1nico Mike Conway y el japon\u00e9s Kamui Kobayashi ganaron este s\u00e1bado las Seis Horas de Spa, tercera cita del Mundial de (WEC). Detr\u00e1s del Toyota N\u00b0 7 manejado por el trinomio m\u00e1s [&hellip;]<\/p>\n","protected":false},"author":1,"featured_media":112712,"comment_status":"closed","ping_status":"closed","sticky":false,"template":"","format":"standard","meta":[],"categories":[21],"tags":[],"_links":{"self":[{"href":"http:\/\/cordobadirecto.com\/index.php\/wp-json\/wp\/v2\/posts\/112711"}],"collection":[{"href":"http:\/\/cordobadirecto.com\/index.php\/wp-json\/wp\/v2\/posts"}],"about":[{"href":"http:\/\/cordobadirecto.com\/index.php\/wp-json\/wp\/v2\/types\/post"}],"author":[{"embeddable":true,"href":"http:\/\/cordobadirecto.com\/index.php\/wp-json\/wp\/v2\/users\/1"}],"replies":[{"embeddable":true,"href":"http:\/\/cordobadirecto.com\/index.php\/wp-json\/wp\/v2\/comments?post=112711"}],"version-history":[{"count":0,"href":"http:\/\/cordobadirecto.com\/index.php\/wp-json\/wp\/v2\/posts\/112711\/revisions"}],"wp:featuredmedia":[{"embeddable":true,"href":"http:\/\/cordobadirecto.com\/index.php\/wp-json\/wp\/v2\/media\/112712"}],"wp:attachment":[{"href":"http:\/\/cordobadirecto.com\/index.php\/wp-json\/wp\/v2\/media?parent=112711"}],"wp:term":[{"taxonomy":"category","embeddable":true,"href":"http:\/\/cordobadirecto.com\/index.php\/wp-json\/wp\/v2\/categories?post=112711"},{"taxonomy":"post_tag","embeddable":true,"href":"http:\/\/cordobadirecto.com\/index.php\/wp-json\/wp\/v2\/tags?post=112711"}],"curies":[{"name":"wp","href":"https:\/\/api.w.org\/{rel}","templated":true}]}}