{"id":112719,"date":"2023-04-29T14:16:00","date_gmt":"2023-04-29T14:16:00","guid":{"rendered":"http:\/\/cordobadirecto.com\/index.php\/2023\/04\/29\/francisco-pidio-erradicar-la-indiferencia-al-reunirse-con-refugiados-en-hungria\/"},"modified":"2023-04-29T14:16:00","modified_gmt":"2023-04-29T14:16:00","slug":"francisco-pidio-erradicar-la-indiferencia-al-reunirse-con-refugiados-en-hungria","status":"publish","type":"post","link":"http:\/\/cordobadirecto.com\/index.php\/2023\/04\/29\/francisco-pidio-erradicar-la-indiferencia-al-reunirse-con-refugiados-en-hungria\/","title":{"rendered":"Francisco pidi\u00f3 &#8220;erradicar la indiferencia&#8221; al reunirse con refugiados en Hungr\u00eda"},"content":{"rendered":"<figure class=\"mb-3\"><img loading=\"lazy\" data-src=\"http:\/\/cordobadirecto.com\/wp-content\/uploads\/2023\/04\/francisco-pidio-erradicar-la-indiferencia-al-reunirse-con-refugiados-en-hungria.jpg\" src=\"https:\/\/www.telam.com.ar\/assets\/img\/not_image.png\" class=\" lazy \" width=\"100%\" height=\"100%\" alt=\"El papa Francisco pidi erradicar los males de la indiferencia Foto AFP\"><figcaption> El papa Francisco pidi\u00f3 &#8220;erradicar los males de la indiferencia&#8221; . \/ Foto: AFP. <\/figcaption><\/figure>\n<p>El <strong>papa Francisco<\/strong> pidi\u00f3 este s\u00e1bado &#8220;erradicar los males de la indiferencia&#8221; para &#8220;reavivar la esperanza de una humanidad nueva, m\u00e1s justa y fraterna&#8221;, durante un <strong>encuentro con unos 600 refugiados<\/strong>, entre ellos ucranianos que huyeron de la guerra, en el segundo d\u00eda de su visita a Hungr\u00eda.<\/p>\n<p>&#8220;Tambi\u00e9n en el dolor y en el sufrimiento se encuentra la valent\u00eda de seguir adelante cuando se ha recibido el b\u00e1lsamo del amor: es la fuerza que ayuda a creer que no todo est\u00e1 perdido y que un futuro diferente es posible&#8221;, indic\u00f3 el pont\u00edfice ante refugiados y personas pobres que se reunieron e<strong>n la iglesia neog\u00f3tica de Santa Isabel<\/strong>, construida a finales del siglo XIX en el coraz\u00f3n de <strong>Budapest<\/strong>.<\/p>\n<p>&#8220;El amor que Jes\u00fas nos da y que nos manda vivir contribuye entonces a extirpar de la sociedad, de las ciudades y de los lugares donde vivimos, los males de la indiferencia y del ego\u00edsmo, y reaviva la esperanza de una humanidad nueva, m\u00e1s justa y fraterna, donde todos puedan sentirse en casa&#8221;, a\u00f1adi\u00f3 de acuerdo al sitio Vatican News.<\/p>\n<p>Tras escuchar varios <strong>testimonios<\/strong>, entre ellos el de Oleg Yakovlev, un ucraniano padre de cinco hijos que cont\u00f3 haber huido de su pa\u00eds en guerra, el papa agradeci\u00f3 a los h\u00fangaros.<\/p>\n<figure class=\"mb-3\"><img loading=\"lazy\" data-src=\"http:\/\/cordobadirecto.com\/wp-content\/uploads\/2023\/04\/francisco-pidio-erradicar-la-indiferencia-al-reunirse-con-refugiados-en-hungria-1.jpg\" src=\"https:\/\/www.telam.com.ar\/assets\/img\/not_image.png\" class=\" lazy \" width=\"100%\" height=\"100%\" alt=\"El pontfice se reuni con refugiados y personas pobres en la iglesia neogtica de Santa Isabel Foto AFP\"><figcaption> El pont\u00edfice se reuni\u00f3 con refugiados y personas pobres en la iglesia neog\u00f3tica de Santa Isabel. \/ Foto: AFP. <\/figcaption><\/figure>\n<p>En particular, agradeci\u00f3 a las asociaciones religiosas, <strong>&#8220;por el esfuerzo realizado en la caridad&#8221;<\/strong> y &#8220;por el modo con que han recepcionado -no s\u00f3lo con generosidad sino tambi\u00e9n con entusiasmo- a muchos refugiados procedentes de Ucrania&#8221;.<\/p>\n<p>&#8220;Me ha impresionado escuchar que, junto con las necesidades materiales, <strong>prestan atenci\u00f3n a la historia y a la dignidad herida de las personas, haci\u00e9ndose cargo de su soledad, de su fatiga, de sentirse amadas y bienvenidas en el mundo<\/strong>\u201d, coment\u00f3 Francisco.<\/p>\n<p>&#8220;\u00a1No es suficiente dar el pan que alimenta el est\u00f3mago, es necesario alimentar el coraz\u00f3n de las personas! La caridad no es una simple asistencia material y social, sino que se preocupa de toda la persona&#8221;, apunt\u00f3.<\/p>\n<blockquote class><p>&#8220;La caridad no es una simple asistencia material y social, sino que se preocupa de toda la persona&#8221;<cite class=\"author\">papa Francisco<\/cite><\/p><\/blockquote>\n<p>Al contrario de su discurso habitual, al gobierno del primer ministro h\u00fangaro nacionalista <strong>Viktor Orban<\/strong> le gusta elogiar la hospitalidad ofrecida a los desplazados de la vecina Ucrania, tema central de esta segunda visita papal en menos de dos a\u00f1os a este pa\u00eds centroeuropeo.<\/p>\n<p>&#8220;Nos sentimos seguros aqu\u00ed, mucha gente nos est\u00e1 ayudando&#8221;, dijo Olesia Misiats, madre de tres hijos que tuvo que dejar Kiev el a\u00f1o pasado.&nbsp;Sentada en la iglesia con su hija y su esposo, dice estar &#8220;feliz&#8221; con esta visita. &#8220;Respeto mucho al Papa porque reza por Ucrania, quiere que termine esta guerra&#8221;, afirm\u00f3 en declaraciones reproducidas por la agencia de noticias AFP.<\/p>\n<p>Desde el inicio del conflicto, <strong>m\u00e1s de dos millones de ucranianos transitaron por suelo h\u00fangaro<\/strong>, aunque solo 35.000 solicitaron el estatus de &#8220;protecci\u00f3n temporal&#8221; implementado por la Uni\u00f3n Europea (UE), seg\u00fan datos del Alto Comisionado de la ONU para los Refugiados (ACNUR).<\/p>\n<blockquote class=\"twitter-tweet\" readability=\"11.235109717868\">\n<p lang=\"es\" dir=\"ltr\">Quien \u201cse une a Dios\u201d, como hicieron los santos Francisco de As\u00eds e Isabel de <a href=\"https:\/\/twitter.com\/hashtag\/Hungr%C3%ADa?src=hash&amp;ref_src=twsrc%5Etfw\">#Hungr\u00eda<\/a>, se abre a la caridad hacia el pobre, porque \u00abquien no ama a su hermano, a quien ve, no puede amar a Dios, a quien no ve\u00bb (1 Jn 4,20). <a href=\"https:\/\/twitter.com\/hashtag\/ViajeApost%C3%B3lico?src=hash&amp;ref_src=twsrc%5Etfw\">#ViajeApost\u00f3lico<\/a> <a href=\"https:\/\/t.co\/HeioWSC7TM\">https:\/\/t.co\/HeioWSC7TM<\/a><\/p>\n<p>\u2014 Papa Francisco (@Pontifex_es) <a href=\"https:\/\/twitter.com\/Pontifex_es\/status\/1652274027162116099?ref_src=twsrc%5Etfw\">April 29, 2023<\/a><\/p><\/blockquote>\n<p>Esta cifra contrasta con la protecci\u00f3n dada a solicitantes de asilo de otras nacionalidades: el a\u00f1o pasado, solo 18 personas obtuvieron la condici\u00f3n de refugiados en Hungr\u00eda, una cifra irrisoria comparada con las de otros pa\u00edses de la UE.<\/p>\n<p>Lejos de la recepci\u00f3n sin distinciones que pregona el Papa, Orban esgrime la defensa de la &#8220;civilizaci\u00f3n cristiana&#8221; para rechazar a los migrantes.<\/p>\n<p>Durante su mandato, Hungr\u00eda construy\u00f3 vallas en sus fronteras y restringi\u00f3 la presentaci\u00f3n de solicitudes de asilo en sus embajadas en el extranjero, una pol\u00edtica que le vali\u00f3 varias condenas del Tribunal de Justicia de la UE.<\/p>\n<p>El dirigente nacionalista va adem\u00e1s a contracorriente de la solidaridad mostrada por el bloque europeo y la OTAN (alianza militar de la que tambi\u00e9n es un Estado miembro) y rechaz\u00f3 enviar armas a Kiev, a la vez que mantiene estrechos v\u00ednculos con el Kremlin.<\/p>\n<p>Antes de hablar en la Iglesia de Santa Isabel, <strong>el Papa realiz\u00f3 una visita a puertas cerradas al Instituto para Ciegos Beato Laszlo Batthyany-Strattamann<\/strong>, que es hogar de ni\u00f1os con discapacidad visual, dificultades motrices o necesidades educativas especiales.<\/p>\n<p>M\u00e1s tarde, <strong>el Pont\u00edfice pronunciar\u00e1 un discurso en un estadio donde se esperan unos 11.000 j\u00f3venes<\/strong> y el domingo, antes de volver a Roma, presidir\u00e1 una misa al aire libre detr\u00e1s del Parlamento en Budapest y se encontrar\u00e1 con el mundo universitario y de la cultura. <\/p>\n","protected":false},"excerpt":{"rendered":"<p>El papa Francisco pidi\u00f3 &#8220;erradicar los males de la indiferencia&#8221; . \/ Foto: AFP. El papa Francisco pidi\u00f3 este s\u00e1bado &#8220;erradicar los males de la indiferencia&#8221; para &#8220;reavivar la esperanza de una humanidad nueva, m\u00e1s justa y fraterna&#8221;, durante un encuentro con unos 600 refugiados, entre ellos ucranianos que huyeron de la guerra, en el [&hellip;]<\/p>\n","protected":false},"author":1,"featured_media":112720,"comment_status":"closed","ping_status":"closed","sticky":false,"template":"","format":"standard","meta":[],"categories":[24],"tags":[],"_links":{"self":[{"href":"http:\/\/cordobadirecto.com\/index.php\/wp-json\/wp\/v2\/posts\/112719"}],"collection":[{"href":"http:\/\/cordobadirecto.com\/index.php\/wp-json\/wp\/v2\/posts"}],"about":[{"href":"http:\/\/cordobadirecto.com\/index.php\/wp-json\/wp\/v2\/types\/post"}],"author":[{"embeddable":true,"href":"http:\/\/cordobadirecto.com\/index.php\/wp-json\/wp\/v2\/users\/1"}],"replies":[{"embeddable":true,"href":"http:\/\/cordobadirecto.com\/index.php\/wp-json\/wp\/v2\/comments?post=112719"}],"version-history":[{"count":0,"href":"http:\/\/cordobadirecto.com\/index.php\/wp-json\/wp\/v2\/posts\/112719\/revisions"}],"wp:featuredmedia":[{"embeddable":true,"href":"http:\/\/cordobadirecto.com\/index.php\/wp-json\/wp\/v2\/media\/112720"}],"wp:attachment":[{"href":"http:\/\/cordobadirecto.com\/index.php\/wp-json\/wp\/v2\/media?parent=112719"}],"wp:term":[{"taxonomy":"category","embeddable":true,"href":"http:\/\/cordobadirecto.com\/index.php\/wp-json\/wp\/v2\/categories?post=112719"},{"taxonomy":"post_tag","embeddable":true,"href":"http:\/\/cordobadirecto.com\/index.php\/wp-json\/wp\/v2\/tags?post=112719"}],"curies":[{"name":"wp","href":"https:\/\/api.w.org\/{rel}","templated":true}]}}